{"id":188275,"date":"2025-10-28T16:35:17","date_gmt":"2025-10-28T16:35:17","guid":{"rendered":"https:\/\/www.europesays.com\/it\/188275\/"},"modified":"2025-10-28T16:35:17","modified_gmt":"2025-10-28T16:35:17","slug":"pastore-conte-scorretto-provoca-dumfries-e-lautaro-e-linter-abbocca-e-perde","status":"publish","type":"post","link":"https:\/\/www.europesays.com\/it\/188275\/","title":{"rendered":"Pastore: \u201cConte scorretto, provoca Dumfries e Lautaro e l\u2019Inter abbocca e perde\u201d"},"content":{"rendered":"<p>Durante Fontana di Trevi di Cronache di Spogliatoio il giornalista commenta quanto successo in Napoli-Inter e l&#8217;intervento di Marotta<\/p>\n<p>Durante Fontana di Trevi di Cronache di Spogliatoio il giornalista Giuseppe Pastore commenta quanto successo in Napoli-Inter e l&#8217;intervento di Marotta<\/p>\n<p>&#8220;Marotta ha sbagliato per due motivi: ha servito un assist formidabile a Conte che ha innescato la polemica di cui l&#8217;Inter non aveva bisogno, Conte s\u00ec e voleva arrivare a quel punto e ci \u00e8 riuscito grazie a Marotta. Il presidente parla con eleganza, ma si sta reintroducendo la brutta moda di far intervenire il dirigente a fine partite che \u00e8 la peggior cosa per far star sereni gli arbitri deboli che arbitrano impauriti. Quando vedono sbucare un dirigente che li processa, la volta dopo non arbitreranno con serenit\u00e0. Non porta a nulla di buono, se non il fatto di avere un credito con la classe arbitrale. Lo ha fatto Prad\u00e8 e la Fiorentina ha riscosso il credito col Bologna, lo ha deciso di fare Fenucci e lo ha voluto fare Marotta. Veniamo alla querelle Conte-Chivu, l&#8217;Inter ha abboccato completamente. <\/p>\n<p>Sul 2-1 tutti pensavamo che l&#8217;Inter avrebbe pareggiato visto che stava giocando molto meglio. L\u00ec finisce la partita, quando Conte inizia a provocare in maniera scorretta Dumfries e poi Lautaro&#8230; Questa cosa ha fatto arrabbiare Chivu, ma con i suoi giocatori. Ho adorato le parole di Chivu e sono d&#8217;accordo con lui: basta con gli allenatori piagnoni. Ma lo fa 10&#8242; dopo che ha parlato il suo presidente. Marotta chiami il designatore il giorno dopo, tutti i tifosi dell&#8217;Inter spingevano affinch\u00e9 si facesse casino. Ho adorato Chivu perch\u00e9 \u00e8 andato contro quel vento che il suo stesso ambiente stava scatenando. L&#8217;ho apprezzato molto e non credo che cambier\u00e0 atteggiamento in futuro. Conte ci sguazza in queste cose e siccome molti li ha allenati e li conosce, prima punzecchia Dumfries poi Lautaro. E l&#8217;Inter sparisce dal campo&#8221;.\u00a0<\/p>\n<p class=\"is-copyright\">\u00a9 RIPRODUZIONE RISERVATA<\/p>\n","protected":false},"excerpt":{"rendered":"Durante Fontana di Trevi di Cronache di Spogliatoio il giornalista commenta quanto successo in Napoli-Inter e l&#8217;intervento di&hellip;\n","protected":false},"author":3,"featured_media":188276,"comment_status":"","ping_status":"","sticky":false,"template":"","format":"standard","meta":{"footnotes":""},"categories":[1452],"tags":[67632,721,2839,18413,113414,113415,2790,6692,63113,77604,113416,2283,31512,113413,113417,2097,1740,350,1537,90,89,5826,5266,1739,245,244],"class_list":{"0":"post-188275","1":"post","2":"type-post","3":"status-publish","4":"format-standard","5":"has-post-thumbnail","7":"category-calcio","8":"tag-adorato","9":"tag-calcio","10":"tag-chivu","11":"tag-commenta","12":"tag-commenta-successo","13":"tag-commenta-successo-napoli","14":"tag-conte","15":"tag-credito","16":"tag-cronache","17":"tag-cronache-spogliatoio","18":"tag-cronache-spogliatoio-giornalista","19":"tag-dirigente","20":"tag-dumfries","21":"tag-dumfries-lautaro","22":"tag-dumfries-lautaro-inter","23":"tag-far","24":"tag-football","25":"tag-inter","26":"tag-it","27":"tag-italia","28":"tag-italy","29":"tag-lautaro","30":"tag-marotta","31":"tag-soccer","32":"tag-sport","33":"tag-sports"},"share_on_mastodon":{"url":"https:\/\/pubeurope.com\/@it\/115452767339505118","error":""},"_links":{"self":[{"href":"https:\/\/www.europesays.com\/it\/wp-json\/wp\/v2\/posts\/188275","targetHints":{"allow":["GET"]}}],"collection":[{"href":"https:\/\/www.europesays.com\/it\/wp-json\/wp\/v2\/posts"}],"about":[{"href":"https:\/\/www.europesays.com\/it\/wp-json\/wp\/v2\/types\/post"}],"author":[{"embeddable":true,"href":"https:\/\/www.europesays.com\/it\/wp-json\/wp\/v2\/users\/3"}],"replies":[{"embeddable":true,"href":"https:\/\/www.europesays.com\/it\/wp-json\/wp\/v2\/comments?post=188275"}],"version-history":[{"count":0,"href":"https:\/\/www.europesays.com\/it\/wp-json\/wp\/v2\/posts\/188275\/revisions"}],"wp:featuredmedia":[{"embeddable":true,"href":"https:\/\/www.europesays.com\/it\/wp-json\/wp\/v2\/media\/188276"}],"wp:attachment":[{"href":"https:\/\/www.europesays.com\/it\/wp-json\/wp\/v2\/media?parent=188275"}],"wp:term":[{"taxonomy":"category","embeddable":true,"href":"https:\/\/www.europesays.com\/it\/wp-json\/wp\/v2\/categories?post=188275"},{"taxonomy":"post_tag","embeddable":true,"href":"https:\/\/www.europesays.com\/it\/wp-json\/wp\/v2\/tags?post=188275"}],"curies":[{"name":"wp","href":"https:\/\/api.w.org\/{rel}","templated":true}]}}