{"id":188608,"date":"2025-10-28T21:29:10","date_gmt":"2025-10-28T21:29:10","guid":{"rendered":"https:\/\/www.europesays.com\/it\/188608\/"},"modified":"2025-10-28T21:29:10","modified_gmt":"2025-10-28T21:29:10","slug":"jannik-e-la-stella-del-real-madrid-nello-stesso-ristorante","status":"publish","type":"post","link":"https:\/\/www.europesays.com\/it\/188608\/","title":{"rendered":"Jannik e la stella del Real Madrid nello stesso ristorante"},"content":{"rendered":"<p>\n                            Il punto serale sulle notizie del giorno<br \/>\n                            <b>Iscriviti<\/b> e ricevi le notizie via email\n                        <\/p>\n<p><strong><a href=\"https:\/\/www.ilmessaggero.it\/t\/jannik-sinner\" rel=\"nofollow noopener\" target=\"_blank\">Jannik Sinner<\/a><\/strong> \u00e8 pronto a debuttare al Masters 1000 di Parigi dove potr\u00e0 tentare addirittura il sorpasso su Carlos Alcaraz, forte della vittoria arrivata a Vienna pochi giorni fa che gli ha permesso di conquistare 500 punti. Se non il ritorno sul trono del tennis mondiale, quantomeno Jannik potr\u00e0 avvicinarsi sensibilmente allo spagnolo in vista della Atp Finals di Torino, dove si giocher\u00e0 il tutto per tutto.\u00a0<\/p>\n<p>&#13;<br \/>\n    APPROFONDIMENTI&#13;<br \/>\n    &#13;<\/p>\n<p>La foto di Sinner e Mbapp\u00e9 in una trattoria di Parigi <\/p>\n<p>A poche ore dal debutto contro Bergs, <strong>Jannik <a href=\"https:\/\/www.ilmessaggero.it\/t\/sinner\" rel=\"nofollow noopener\" target=\"_blank\">Sinner<\/a> \u00e8 stato avvistato in un ristorante di Parigi con Kylian <a href=\"https:\/\/www.ilmessaggero.it\/t\/mbappe\" rel=\"nofollow noopener\" target=\"_blank\">Mbapp\u00e9<\/a><\/strong>, stella del Real Madrid ed ex Paris Saint-Germain. <\/p>\n<p>Per l&#8217;attaccante francese Parigi \u00e8 stata la sua casa per tanti anni, per Jannik \u00e8 un luogo di prestigio per alcuni dei tornei pi\u00f9 importanti dell&#8217;anno. La foto di Sinner e Mbapp\u00e9 nello stesso ristorante \u00e8 diventata virale sul web e ha acceso l&#8217;entusiasmo dei fan.\u00a0<\/p>\n<blockquote class=\"twitter-tweet\" wp_automatic_readability=\"7.6136363636364\">\n<p dir=\"ltr\" lang=\"en\">Jannik Sinner with Kylian Mbapp\u00e9 in Paris.<\/p>\n<p>When tennis and football royalty meet. \ud83c\udfbe \u26bd\ufe0f <a href=\"https:\/\/t.co\/HX8TVi6a7i\" rel=\"nofollow\">pic.twitter.com\/HX8TVi6a7i<\/a><\/p>\n<p> \u2014 The Touchline | \ud835\udc13 (@TouchlineX) <a href=\"https:\/\/twitter.com\/TouchlineX\/status\/1983227882022252613?ref_src=twsrc%5Etfw\" rel=\"nofollow noopener\" target=\"_blank\">October 28, 2025<\/a><\/p>\n<\/blockquote>\n<p>La foto ha fatto il giro del web ed \u00e8 stata pubblicata da numerose pagine sportive e non solo. Calcio e tennis si fondono, con due delle personalit\u00e0 di maggior spicco del panorama mondiale.\u00a0<\/p>\n<p>&#13;<br \/>\n                            \u00a9 RIPRODUZIONE RISERVATA&#13;<\/p>\n<p>&#13;<\/p>\n<p>            <script async src=\"https:\/\/platform.twitter.com\/widgets.js\" charset=\"utf-8\"><\/script><\/p>\n","protected":false},"excerpt":{"rendered":"Il punto serale sulle notizie del giorno Iscriviti e ricevi le notizie via email Jannik Sinner \u00e8 pronto&hellip;\n","protected":false},"author":3,"featured_media":188609,"comment_status":"","ping_status":"","sticky":false,"template":"","format":"standard","meta":{"footnotes":""},"categories":[1457],"tags":[1537,90,89,1717,56030,366,245,244,1273],"class_list":{"0":"post-188608","1":"post","2":"type-post","3":"status-publish","4":"format-standard","5":"has-post-thumbnail","7":"category-tennis","8":"tag-it","9":"tag-italia","10":"tag-italy","11":"tag-jannik-sinner","12":"tag-mbappe","13":"tag-sinner","14":"tag-sport","15":"tag-sports","16":"tag-tennis"},"share_on_mastodon":{"url":"https:\/\/pubeurope.com\/@it\/115453923658113858","error":""},"_links":{"self":[{"href":"https:\/\/www.europesays.com\/it\/wp-json\/wp\/v2\/posts\/188608","targetHints":{"allow":["GET"]}}],"collection":[{"href":"https:\/\/www.europesays.com\/it\/wp-json\/wp\/v2\/posts"}],"about":[{"href":"https:\/\/www.europesays.com\/it\/wp-json\/wp\/v2\/types\/post"}],"author":[{"embeddable":true,"href":"https:\/\/www.europesays.com\/it\/wp-json\/wp\/v2\/users\/3"}],"replies":[{"embeddable":true,"href":"https:\/\/www.europesays.com\/it\/wp-json\/wp\/v2\/comments?post=188608"}],"version-history":[{"count":0,"href":"https:\/\/www.europesays.com\/it\/wp-json\/wp\/v2\/posts\/188608\/revisions"}],"wp:featuredmedia":[{"embeddable":true,"href":"https:\/\/www.europesays.com\/it\/wp-json\/wp\/v2\/media\/188609"}],"wp:attachment":[{"href":"https:\/\/www.europesays.com\/it\/wp-json\/wp\/v2\/media?parent=188608"}],"wp:term":[{"taxonomy":"category","embeddable":true,"href":"https:\/\/www.europesays.com\/it\/wp-json\/wp\/v2\/categories?post=188608"},{"taxonomy":"post_tag","embeddable":true,"href":"https:\/\/www.europesays.com\/it\/wp-json\/wp\/v2\/tags?post=188608"}],"curies":[{"name":"wp","href":"https:\/\/api.w.org\/{rel}","templated":true}]}}