{"id":190673,"date":"2025-10-30T05:00:13","date_gmt":"2025-10-30T05:00:13","guid":{"rendered":"https:\/\/www.europesays.com\/it\/190673\/"},"modified":"2025-10-30T05:00:13","modified_gmt":"2025-10-30T05:00:13","slug":"se-ne-salva-solo-uno","status":"publish","type":"post","link":"https:\/\/www.europesays.com\/it\/190673\/","title":{"rendered":"se ne salva solo uno"},"content":{"rendered":"<p>Lo si pu\u00f2 dire senza timore d\u2019essere smentiti: <strong>Marcella Bella<\/strong> non sta vivendo un\u2019esperienza positiva a Ballando con le stelle. Settimana dopo settimana, la cantante rigetta in una dichiarazione pubblica tutta la propria frustrazione.<\/p>\n<p>A Domenica In ha pi\u00f9 volte spiegato di star subendo un trattamento che ritiene ingiusto. Se tutti sono generalmente d\u2019accordo con lei per quanto riguarda la prima puntata dello show condotto da Milly Carlucci, si \u00e8 invece aperta una <strong>discussione su tutto il resto<\/strong>, fino a oggi.<\/p>\n<p>\u00c8 evidente, per\u00f2, come lei stia vivendo malissimo quest\u2019esperienza. <strong>Non ha intenzione di mollare<\/strong> ma odia il fatto d\u2019essere finita nel mirino dei giudici, a suo dire. A Ballando Segreto ha cos\u00ec parlato in maniera libera di tutto ci\u00f2 che non funziona.\n<\/p>\n<p>Giudici sotto accusa<\/p>\n<p>Non usa mezzi termini <a href=\"https:\/\/dilei.it\/spettacolo\/marcella-bella-critiche-ballando-con-le-stelle\/1899450\/\" rel=\"nofollow noopener\" target=\"_blank\">Marcella Bella<\/a>, e del resto \u00e8 nota per essere molto diretta. <strong>Ha accusato i giudici<\/strong> di grave accanimento nei suoi confronti. Qualcosa che \u201ccomincia a essere grave\u201d. Si sente mortificata e vorrebbe soltanto dei vostri espressi normalmente, senza dover dare giudizi tanto pesanti e svilenti.<\/p>\n<p>Parlando di <strong>Carolyn Smith<\/strong>, ha detto: \u201cSei un\u2019esperta e non dai un 2 a me e un 6 alla Coriandoli, perch\u00e9 altrimenti c\u2019\u00e8 qualcosa che non va. Potrei anche aggrapparmi al lampadario ma i giurati guarderebbero dall\u2019altra parte\u201d.<\/p>\n<p>Principalmente nel mirino di Marcella Bella \u00e8 finita <strong>Selvaggia Lucarelli<\/strong>. Ritiene d\u2019esserle antipatica e, con un pizzico di egocentrismo, sottolinea come forse \u201channo deciso di distruggermi?\u201d. La descriva come cattiva ed \u00e8 certa che <strong>Guillermo Mariotto<\/strong> sia \u201csotto i suoi piedi e fa solo quello che dice lei\u201d.<\/p>\n<p>Attacco a Rossella Erra<\/p>\n<p>Ce n\u2019\u00e8 davvero per tutti, anche per Rossella Erra, colpevole tanto di urlare in maniera eccessiva quanto di dividere il tesoretto: \u201cNon deve pi\u00f9 urlare perch\u00e9 non riesco a sopportarla. <strong>Urla e basta<\/strong> e poi mi toglie il tesoretto. Met\u00e0 se lo prende per lei e lo d\u00e0 a caso. Dice che mi vuole bene e mi difende sempre. Mi volesse meno bene e mi desse il tesoretto\u201d.<\/p>\n<p>Non \u00e8 per\u00f2 tutto nero dinanzi agli occhi di Marcella Bella. La speranza ha un nome e cognome: Alberto Matano: \u201cPer fortuna c\u2019\u00e8 <strong>Santo Alberto Matano<\/strong>, che dice cose giuste. Ogni volta che parla lui, respiro. \u00c8 l\u2019unico momento nel quale posso stare serena\u201d.<\/p>\n<p>Un bel po\u2019 di materiale utile per infiammare la puntata di sabato sera di <a href=\"https:\/\/dilei.it\/spettacolo\/ballando-con-le-stelle-pagelle-25-ottobre-2025\/1913195\/\" rel=\"nofollow noopener\" target=\"_blank\">Ballando con le stelle<\/a>. Dinanzi a questa situazione, \u00e8 inevitabile un intervento anche della padrona di casa. Di sicuro Milly Carlucci prover\u00e0 a fare da ponte tra questi due schieramenti opposti. Difficile per\u00f2 pensare che si arrivi proprio ora al tanto agognato dialogo.<\/p>\n","protected":false},"excerpt":{"rendered":"Lo si pu\u00f2 dire senza timore d\u2019essere smentiti: Marcella Bella non sta vivendo un\u2019esperienza positiva a Ballando con&hellip;\n","protected":false},"author":3,"featured_media":190674,"comment_status":"","ping_status":"","sticky":false,"template":"","format":"standard","meta":{"footnotes":"","_share_on_mastodon":"0"},"categories":[1444],"tags":[16556,6304,203,62131,204,1537,90,89,42574,2377,253,86],"class_list":["post-190673","post","type-post","status-publish","format-standard","has-post-thumbnail","category-tv","tag-ballando-con-le-stelle","tag-domenica-in","tag-entertainment","tag-infelicita","tag-intrattenimento","tag-it","tag-italia","tag-italy","tag-marcella-bella","tag-milly-carlucci","tag-tv","tag-vip"],"share_on_mastodon":{"url":"https:\/\/pubeurope.com\/@it\/115461359039361844","error":""},"_links":{"self":[{"href":"https:\/\/www.europesays.com\/it\/wp-json\/wp\/v2\/posts\/190673","targetHints":{"allow":["GET"]}}],"collection":[{"href":"https:\/\/www.europesays.com\/it\/wp-json\/wp\/v2\/posts"}],"about":[{"href":"https:\/\/www.europesays.com\/it\/wp-json\/wp\/v2\/types\/post"}],"author":[{"embeddable":true,"href":"https:\/\/www.europesays.com\/it\/wp-json\/wp\/v2\/users\/3"}],"replies":[{"embeddable":true,"href":"https:\/\/www.europesays.com\/it\/wp-json\/wp\/v2\/comments?post=190673"}],"version-history":[{"count":0,"href":"https:\/\/www.europesays.com\/it\/wp-json\/wp\/v2\/posts\/190673\/revisions"}],"wp:featuredmedia":[{"embeddable":true,"href":"https:\/\/www.europesays.com\/it\/wp-json\/wp\/v2\/media\/190674"}],"wp:attachment":[{"href":"https:\/\/www.europesays.com\/it\/wp-json\/wp\/v2\/media?parent=190673"}],"wp:term":[{"taxonomy":"category","embeddable":true,"href":"https:\/\/www.europesays.com\/it\/wp-json\/wp\/v2\/categories?post=190673"},{"taxonomy":"post_tag","embeddable":true,"href":"https:\/\/www.europesays.com\/it\/wp-json\/wp\/v2\/tags?post=190673"}],"curies":[{"name":"wp","href":"https:\/\/api.w.org\/{rel}","templated":true}]}}