{"id":190861,"date":"2025-10-30T08:05:12","date_gmt":"2025-10-30T08:05:12","guid":{"rendered":"https:\/\/www.europesays.com\/it\/190861\/"},"modified":"2025-10-30T08:05:12","modified_gmt":"2025-10-30T08:05:12","slug":"cristante-bello-essere-in-vetta-ma-e-presto-continuiamo-cosi-stiamo-crescendo","status":"publish","type":"post","link":"https:\/\/www.europesays.com\/it\/190861\/","title":{"rendered":"Cristante: \u201cBello essere in vetta ma \u00e8 presto. Continuiamo cos\u00ec, stiamo crescendo\u201d"},"content":{"rendered":"<p>Le sue parole: &#8220;Quando sei lass\u00f9 vuol dire che stai facendo bene. Tra un po&#8217; vedremo che percorso potremo fare&#8221;<\/p>\n<p>Bryan <strong>Cristante\u00a0<\/strong>ha parlato ai microfoni di Sky al termine del match vinto contro il <strong>Parma<\/strong>. Queste le sue parole:<\/p>\n<p><strong>Una serata non facile, ma siete stati maturi nell&#8217;affrontare le difficolt\u00e0 in corsa.<\/strong> &#8220;Sapevamo che il Parma fosse una squadra organizzata e che aveva subito pochissimi gol. Siamo stati bravi a leggere la partita e a non aver fretta, a crescere con il passare dei minuti&#8221;.<\/p>\n<p><strong>Che significato ha essere in vetta col Napoli?<\/strong> &#8220;E&#8217; importante, bello. Quando sei lass\u00f9 vuol dire che stai facendo bene. E&#8217; presto, certo. Dobbiamo continuare cos\u00ec, sempre migliorando. Tra un po&#8217; vedremo che percorso potremo fare, ma per ora \u00e8 bello stare l\u00ec&#8221;.<\/p>\n<p><strong>Importanza della partita.\u00a0<\/strong>&#8220;Vittoria importante, in Serie A nulla \u00e8 scontato. Siamo stati bravi e maturi. Ora ci attende una sfida importante contro il Milan&#8221;.<\/p>\n<p class=\"is-copyright\">\u00a9 RIPRODUZIONE RISERVATA<\/p>\n","protected":false},"excerpt":{"rendered":"Le sue parole: &#8220;Quando sei lass\u00f9 vuol dire che stai facendo bene. Tra un po&#8217; vedremo che percorso&hellip;\n","protected":false},"author":3,"featured_media":190862,"comment_status":"","ping_status":"","sticky":false,"template":"","format":"standard","meta":{"footnotes":"","_share_on_mastodon":"0"},"categories":[1452],"tags":[2873,23153,721,8460,1740,48,1537,90,89,11854,114934,90132,6301,4979,1290,1739,245,244],"class_list":["post-190861","post","type-post","status-publish","format-standard","has-post-thumbnail","category-calcio","tag-bello","tag-bravi","tag-calcio","tag-cristante","tag-football","tag-importante","tag-it","tag-italia","tag-italy","tag-lassu","tag-lassu-vuol","tag-maturi","tag-parma","tag-parole","tag-partita","tag-soccer","tag-sport","tag-sports"],"share_on_mastodon":{"url":"https:\/\/pubeurope.com\/@it\/115462086633014008","error":""},"_links":{"self":[{"href":"https:\/\/www.europesays.com\/it\/wp-json\/wp\/v2\/posts\/190861","targetHints":{"allow":["GET"]}}],"collection":[{"href":"https:\/\/www.europesays.com\/it\/wp-json\/wp\/v2\/posts"}],"about":[{"href":"https:\/\/www.europesays.com\/it\/wp-json\/wp\/v2\/types\/post"}],"author":[{"embeddable":true,"href":"https:\/\/www.europesays.com\/it\/wp-json\/wp\/v2\/users\/3"}],"replies":[{"embeddable":true,"href":"https:\/\/www.europesays.com\/it\/wp-json\/wp\/v2\/comments?post=190861"}],"version-history":[{"count":0,"href":"https:\/\/www.europesays.com\/it\/wp-json\/wp\/v2\/posts\/190861\/revisions"}],"wp:featuredmedia":[{"embeddable":true,"href":"https:\/\/www.europesays.com\/it\/wp-json\/wp\/v2\/media\/190862"}],"wp:attachment":[{"href":"https:\/\/www.europesays.com\/it\/wp-json\/wp\/v2\/media?parent=190861"}],"wp:term":[{"taxonomy":"category","embeddable":true,"href":"https:\/\/www.europesays.com\/it\/wp-json\/wp\/v2\/categories?post=190861"},{"taxonomy":"post_tag","embeddable":true,"href":"https:\/\/www.europesays.com\/it\/wp-json\/wp\/v2\/tags?post=190861"}],"curies":[{"name":"wp","href":"https:\/\/api.w.org\/{rel}","templated":true}]}}