{"id":190894,"date":"2025-10-30T08:32:11","date_gmt":"2025-10-30T08:32:11","guid":{"rendered":"https:\/\/www.europesays.com\/it\/190894\/"},"modified":"2025-10-30T08:32:11","modified_gmt":"2025-10-30T08:32:11","slug":"bisseck-akanji-fuoriclasse-oggi-belli-cattivi-se-gioco-centrale-posso","status":"publish","type":"post","link":"https:\/\/www.europesays.com\/it\/190894\/","title":{"rendered":"Bisseck: &#8220;Akanji fuoriclasse, oggi belli cattivi. Se gioco centrale posso&#8230;&#8221;"},"content":{"rendered":"<p>Le parole del calciatore nerazzurro al triplice fischio di Inter-Fiorentina di questa sera al Meazza<\/p>\n<p>Non solo Cristian Chivu. Dalla sponda nerazzurra, in conferenza stampa, arrivano anche le parole di Yann Bisseck. Questo il suo pensiero su Inter-Fiorentina e non solo, raccolto dall&#8217;inviato al Meazza: &#8220;Akanji \u00e8 un fuoriclasse, ha giocato in grandi squadre e si \u00e8 inserito senza problemi. Per me \u00e8 una bella cosa giocare con forti come lui, Bastoni e gli altri. Se giochiamo come oggi, concentrati e cattivi, possiamo essere una difesa molto forte&#8221;.<\/p>\n<p>&#8220;Solo una botta in allenamento, ma niente di che&#8221;.<\/p>\n<p><strong>Come ti sei trovato da centrale? Cosa ti ha detto Chivu?<\/strong><\/p>\n<p>&#8220;Mi ha dato fiducia, ho fatto una bella gara. E&#8217; la prima, con un po&#8217; di difficolt\u00e0 avute nel mettere la linea un po&#8217; pi\u00f9 alta, con la mia fisicit\u00e0 e velocit\u00e0 posso dare una mano&#8221;.<\/p>\n<p><strong>Ti senti migliorato dal punto di vista dell&#8217;atteggiamento?<\/strong><\/p>\n<p>&#8220;Oggi \u00e8 andata bene. Come si lavora sulla concentrazione? Bisogna avere la testa nella gara per 90&#8242;. Io sento di essere migliorato&#8221;.<\/p>\n<p><strong>Importante ritrovare la Curva?<\/strong><\/p>\n<p>&#8220;Sempre importante che i tifosi siano con noi. E&#8217; una bella cosa sentire lo stadio bello caldo. Siamo tutti contenti che siano tornati, speriamo che stiano con noi per tutta la stagione&#8221;.<\/p>\n<p class=\"is-copyright\">\u00a9 RIPRODUZIONE RISERVATA<\/p>\n","protected":false},"excerpt":{"rendered":"Le parole del calciatore nerazzurro al triplice fischio di Inter-Fiorentina di questa sera al Meazza Non solo Cristian&hellip;\n","protected":false},"author":3,"featured_media":190895,"comment_status":"","ping_status":"","sticky":false,"template":"","format":"standard","meta":{"footnotes":"","_share_on_mastodon":"0"},"categories":[1452],"tags":[55649,114937,5471,14753,721,24637,925,2839,2263,1740,13134,629,48,350,97255,1537,90,89,1739,245,244],"class_list":["post-190894","post","type-post","status-publish","format-standard","has-post-thumbnail","category-calcio","tag-akanji","tag-akanji-fuoriclasse","tag-bella","tag-bisseck","tag-calcio","tag-cattivi","tag-centrale","tag-chivu","tag-fiorentina","tag-football","tag-fuoriclasse","tag-gara","tag-importante","tag-inter","tag-inter-fiorentina","tag-it","tag-italia","tag-italy","tag-soccer","tag-sport","tag-sports"],"share_on_mastodon":{"url":"https:\/\/pubeurope.com\/@it\/115462192787548242","error":""},"_links":{"self":[{"href":"https:\/\/www.europesays.com\/it\/wp-json\/wp\/v2\/posts\/190894","targetHints":{"allow":["GET"]}}],"collection":[{"href":"https:\/\/www.europesays.com\/it\/wp-json\/wp\/v2\/posts"}],"about":[{"href":"https:\/\/www.europesays.com\/it\/wp-json\/wp\/v2\/types\/post"}],"author":[{"embeddable":true,"href":"https:\/\/www.europesays.com\/it\/wp-json\/wp\/v2\/users\/3"}],"replies":[{"embeddable":true,"href":"https:\/\/www.europesays.com\/it\/wp-json\/wp\/v2\/comments?post=190894"}],"version-history":[{"count":0,"href":"https:\/\/www.europesays.com\/it\/wp-json\/wp\/v2\/posts\/190894\/revisions"}],"wp:featuredmedia":[{"embeddable":true,"href":"https:\/\/www.europesays.com\/it\/wp-json\/wp\/v2\/media\/190895"}],"wp:attachment":[{"href":"https:\/\/www.europesays.com\/it\/wp-json\/wp\/v2\/media?parent=190894"}],"wp:term":[{"taxonomy":"category","embeddable":true,"href":"https:\/\/www.europesays.com\/it\/wp-json\/wp\/v2\/categories?post=190894"},{"taxonomy":"post_tag","embeddable":true,"href":"https:\/\/www.europesays.com\/it\/wp-json\/wp\/v2\/tags?post=190894"}],"curies":[{"name":"wp","href":"https:\/\/api.w.org\/{rel}","templated":true}]}}