{"id":19107,"date":"2025-07-31T00:57:11","date_gmt":"2025-07-31T00:57:11","guid":{"rendered":"https:\/\/www.europesays.com\/it\/19107\/"},"modified":"2025-07-31T00:57:11","modified_gmt":"2025-07-31T00:57:11","slug":"west-nile-primo-caso-a-milano-e-uno-a-pavia-sono-due-donne-di-38-e-66-anni-una-e-ricoverata-ma-le-sue-condizioni-non-sono-gravi","status":"publish","type":"post","link":"https:\/\/www.europesays.com\/it\/19107\/","title":{"rendered":"West Nile, primo caso a Milano e uno a Pavia: sono due donne di 38 e 66 anni, una \u00e8 ricoverata ma le sue condizioni non sono gravi"},"content":{"rendered":"<p>    di<br \/>\n    Sara Bettoni<\/p>\n<p class=\"summary-art is-line-h-12\">Il virus \u00e8 veicolato dalle zanzare e negli anziani pu\u00f2 provocare gravi conseguenze. Melazzini: \u200b\u00abLa situazione \u00e8 assolutamente sotto controllo e i cittadini possono stare tranquilli\u00bb<\/p>\n<p class=\"chapter-paragraph\">Hanno <b>38 e 66 anni<\/b> le due pazienti lombarde colpite dalla<b> febbre West Nile.<\/b> La prima, di <b>Milano<\/b>, non \u00e8 ricoverata, ma si trova<b> in isolamento al domicilio<\/b>. La seconda, di <b>Pavia<\/b>, si trova invece in <b>ospedale<\/b>, tuttavia le sue condizioni non sono critiche. In Italia al momento si contano <b><a href=\"https:\/\/napoli.corriere.it\/notizie\/cronaca\/25_luglio_30\/campania-quarto-decesso-per-west-nile-e-il-terzo-a-caserta-18339b58-2811-4ec1-8e72-379c07690xlk.shtml\" rel=\"nofollow noopener\" target=\"_blank\">otto vittime<\/a><\/b>\u00a0e il numero delle <b>infezioni <\/b>stimate sul territorio nazionale \u00e8 di <b>almeno 10mila<\/b>, la maggioranza in forma asintomatica.\u00a0<b>Il virus viene veicolato generalmente dalle zanzare Culex<\/b>. Il periodo di incubazione dal momento della puntura della zanzara infetta varia fra 2 e 14 giorni, ma pu\u00f2 essere anche di 21 giorni nei soggetti con basse difese immunitarie.<b> La maggior parte delle persone non mostra alcun sintomo. Chi invece li manifesta accusa febbre, mal di testa, nausea, vomito, <\/b>linfonodi ingrossati, sfoghi cutanei che durano solitamente pochi giorni. Nei bambini \u00e8 pi\u00f9 frequente una febbre leggera, nei giovani la sintomatologia \u00e8 caratterizzata da febbre mediamente alta, arrossamento degli occhi, mal di testa e dolori muscolari. <b>Negli anziani e nelle persone debilitate, invece, il quadro clinico pu\u00f2 essere pi\u00f9 grave.<\/b><\/p>\n<p class=\"chapter-paragraph\">Le due donne contagiate sono i primi due casi lombardi segnalati nel 2025, ma probabilmente non gli ultimi. <b>Il virus infatti \u00e8 endemico <\/b>e grazie al periodico monitoraggio delle autorit\u00e0 sanitarie su zanzare e altri animali,<b> tra il 9 e l\u201911 luglio \u00e8 gi\u00e0 stato riscontrato nelle province di Lodi, Mantova, Pavia e Cremona. <\/b>La sorveglianza prevede la distribuzione delle<b> trappole per la cattura delle zanzare adulte,<\/b> il controllo dell\u2019avifauna e dei cavalli.    &#13;<br \/>\n&#13;<br \/>\n&#13;<br \/>\n&#13;<br \/>\n&#13;<br \/>\n&#13;<br \/>\n&#13;<br \/>\n&#13;<br \/>\n&#13;<br \/>\n&#13;<br \/>\n&#13;<br \/>\n&#13;<br \/>\n&#13;<br \/>\n&#13;<br \/>\n&#13;<br \/>\n&#13;<br \/>\n&#13;<br \/>\n&#13;<br \/>\n&#13;<br \/>\n&#13;<br \/>\n&#13;<br \/>\n&#13;<br \/>\n&#13;<br \/>\n&#13;<br \/>\n&#13;<br \/>\n&#13;<br \/>\n&#13;<br \/>\n&#13;<br \/>\n&#13;<br \/>\n&#13;<br \/>\n&#13;<br \/>\n&#13;<br \/>\n&#13;<br \/>\n&#13;<br \/>\n&#13;<br \/>\n&#13;<br \/>\n&#13;<br \/>\n&#13;<br \/>\n&#13;<br \/>\n&#13;<br \/>\n&#13;<br \/>\n&#13;<br \/>\n&#13;<br \/>\n&#13;<br \/>\n&#13;<br \/>\n&#13;<br \/>\n&#13;<br \/>\n&#13;<br \/>\n&#13;<br \/>\n&#13;<br \/>\n&#13;<br \/>\n&#13;<br \/>\n&#13;\n<\/p>\n<p class=\"chapter-paragraph\"><b>Gli uccelli sono i serbatoi naturali del West Nile virus,<\/b> il che significa che il virus circola e si moltiplica al loro interno senza causare, nella maggior parte dei casi, sintomi evidenti. Vengono monitorati gli uccelli selvatici attraverso la cattura di circa 20 esemplari per ogni provincia. I <b>cavalli <\/b>sono considerati \u00absentinelle\u00bb dell\u2019infezione e, se contagiati, possono sviluppare sintomi neurologici.<b> Sotto controllo anche gli aeroporti di Linate, Malpensa e Orio al Serio. <\/b>Grazie alle ovitrappole si identificano eventuali nuove specie di zanzare che potrebbero entrare in Lombardia. <b>Tutti i contagi umani, inoltre, vengono segnalati nel sistema regionale e nazionale.<\/b><\/p>\n<p class=\"chapter-paragraph\">\u00abLa situazione \u00e8 assolutamente<b> sotto controllo<\/b> &#8211; ha dichiarato <b>il direttore generale del Welfare di Regione Lombardia, Mario Melazzini &#8211; <\/b>e i cittadini possono stare tranquilli. Si tratta di una malattia praticamente endemica che, ormai dal decennio scorso, si manifesta anche in Regione Lombardia. <b>Nella quasi totalit\u00e0 dei casi non \u00e8 necessario il ricovero e si guarisce da soli.<\/b> Regione Lombardia ha attivato, come di consueto accade ogni anno, tutti i protocolli previsti per il monitoraggio e la sorveglianza non solo dei casi che si sviluppano nell\u2019uomo ma anche della diffusione del virus tramite le zanzare e negli animali. Al momento non esiste alcuna criticit\u00e0\u00bb.<\/p>\n<p class=\"is-mr-t-20 is-mr-b-20\"><b><br \/>\n                    <a href=\"https:\/\/milano.corriere.it\/?intcmp=Notizielocali_nd_010623_corriere_ss_milano\" target=\"_blank\" rel=\"nofollow noopener\">Vai a tutte le notizie di Milano<\/a><br \/>\n            <\/b><\/p>\n<p class=\"chapter-paragraph\"><b><a href=\"https:\/\/www.corriere.it\/newsletter\/?theme=41&amp;intcmp=IIIcolonna_NL_CorMilano\" target=\"_blank\" rel=\"nofollow noopener\">Iscriviti alla newsletter di Corriere Milano<\/a><\/b><\/p>\n<p class=\"is-last-update\" datetime=\"2025-07-30T18:30:11+02:00\">30 luglio 2025 ( modifica il 30 luglio 2025 | 18:30)<\/p>\n<p class=\"is-copyright\">\n            \u00a9 RIPRODUZIONE RISERVATA\n        <\/p>\n","protected":false},"excerpt":{"rendered":"di Sara Bettoni Il virus \u00e8 veicolato dalle zanzare e negli anziani pu\u00f2 provocare gravi conseguenze. Melazzini: \u200b\u00abLa&hellip;\n","protected":false},"author":3,"featured_media":19108,"comment_status":"","ping_status":"","sticky":false,"template":"","format":"standard","meta":{"footnotes":"","_share_on_mastodon":"0"},"categories":[6],"tags":[5270,1536,11965,21219,1045,21220,9180,1064,21221,21222,3858,2575,14,2429,3614,946,8,1537,90,89,5762,7493,21223,21224,21225,28,5436,7,3615,15,82,9,83,10,8141,3522,111,20749,13,11,80,84,12,81,85,3378,3616,3143,371],"class_list":["post-19107","post","type-post","status-publish","format-standard","has-post-thumbnail","category-ultime-notizie","tag-animali","tag-anziani","tag-assolutamente","tag-assolutamente-controllo","tag-casi","tag-cattura","tag-cavalli","tag-cittadini","tag-cittadini-possono","tag-cittadini-possono-stare","tag-condizioni","tag-controllo","tag-cronaca","tag-donne","tag-febbre","tag-gravi","tag-headlines","tag-it","tag-italia","tag-italy","tag-lombardia","tag-mal","tag-mal-testa","tag-manifesta","tag-melazzini","tag-milano","tag-monitoraggio","tag-news","tag-nile","tag-notizie","tag-notizie-di-cronaca","tag-notizie-principali","tag-notiziedicronaca","tag-notizieprincipali","tag-pavia","tag-possono","tag-regione","tag-regione-lombardia","tag-titoli","tag-ultime-notizie","tag-ultime-notizie-di-cronaca","tag-ultime-notizie-e-news-di-oggi","tag-ultimenotizie","tag-ultimenotiziedicronaca","tag-ultimenotizieenewsdioggi","tag-virus","tag-west","tag-west-nile","tag-zanzare"],"share_on_mastodon":{"url":"","error":""},"_links":{"self":[{"href":"https:\/\/www.europesays.com\/it\/wp-json\/wp\/v2\/posts\/19107","targetHints":{"allow":["GET"]}}],"collection":[{"href":"https:\/\/www.europesays.com\/it\/wp-json\/wp\/v2\/posts"}],"about":[{"href":"https:\/\/www.europesays.com\/it\/wp-json\/wp\/v2\/types\/post"}],"author":[{"embeddable":true,"href":"https:\/\/www.europesays.com\/it\/wp-json\/wp\/v2\/users\/3"}],"replies":[{"embeddable":true,"href":"https:\/\/www.europesays.com\/it\/wp-json\/wp\/v2\/comments?post=19107"}],"version-history":[{"count":0,"href":"https:\/\/www.europesays.com\/it\/wp-json\/wp\/v2\/posts\/19107\/revisions"}],"wp:featuredmedia":[{"embeddable":true,"href":"https:\/\/www.europesays.com\/it\/wp-json\/wp\/v2\/media\/19108"}],"wp:attachment":[{"href":"https:\/\/www.europesays.com\/it\/wp-json\/wp\/v2\/media?parent=19107"}],"wp:term":[{"taxonomy":"category","embeddable":true,"href":"https:\/\/www.europesays.com\/it\/wp-json\/wp\/v2\/categories?post=19107"},{"taxonomy":"post_tag","embeddable":true,"href":"https:\/\/www.europesays.com\/it\/wp-json\/wp\/v2\/tags?post=19107"}],"curies":[{"name":"wp","href":"https:\/\/api.w.org\/{rel}","templated":true}]}}