{"id":191227,"date":"2025-10-30T12:49:13","date_gmt":"2025-10-30T12:49:13","guid":{"rendered":"https:\/\/www.europesays.com\/it\/191227\/"},"modified":"2025-10-30T12:49:13","modified_gmt":"2025-10-30T12:49:13","slug":"laquila-webcam-nascoste-per-spiare-gli-inquilini-trovate-telecamere-in-camere-bagni-e-cucine","status":"publish","type":"post","link":"https:\/\/www.europesays.com\/it\/191227\/","title":{"rendered":"L&#8217;Aquila, webcam nascoste per spiare gli inquilini: trovate telecamere in camere, bagni e cucine"},"content":{"rendered":"<p>Gli appartamenti di un&#8217;intera palazzina erano disseminati di microtelecamere per spiare gli inquilini, sembra un film dell&#8217;orrore ma \u00e8 successo davvero nella periferia dell&#8217;Aquila.\u00a0Questo \u00e8 quanto scoperto dagli agenti della polizia locale. La Procura della Repubblica ha aperto un fascicolo dopo la prima delle tre denunce presentate alla squadra Volante. Quasi tutti gli affittuari sono studenti e studentesse universitarie ma anche allievi della Scuola di ispettori e sovrintendenti della Guardia di Finanza.<\/p>\n<p>\t\t \tLa scoperta delle telecamere e l&#8217;avvio delle indagini<\/p>\n<p>A scoprire una delle micro camere, una delle studentesse che vive in affitto in uno degli appartamenti. La giovane si \u00e8 accorta\u00a0di uno strano riflesso nello specchio del bagno che, in realt\u00e0, celava una delle microcamere.\u00a0I magistrati indagano per interferenze illecite nella vita privata e, al momento, procedono contro ignoti. Bisogner\u00e0 attendere le indagini della polizia per risalire a chi, fisicamente, ha piazzato le microcamere negli appartamenti, riconducibili tutti ad un unico proprietario: un cinquantenne aquilano. Non \u00e8 escluso per\u00f2 che a installare i dispositivi possa essere stato qualcun altro, visto che l&#8217;immobile \u00e8 stato recentemente oggetto di ristrutturazione. Da stabilire poi anche l&#8217;utilizzo che di quelle immagini possa essere stato fatto, se sono state registrate o addirittura diffuse magari in qualche social o sito internet, all&#8217;insaputa degli\u00a0inquilini. Un&#8217;indagine complessa che rischier\u00e0 ora di coinvolgere molte altre persone. Non solo dunque gli affittuari degli appartamenti ma anche loro ospiti, amici o conoscenti che quelle case hanno frequentato nel tempo.\u00a0<\/p>\n<p>\t\t\t<a class=\"c-inline-card j-inline-card c-inline-card--with-image\" href=\"https:\/\/tg24.sky.it\/tecnologia\/video\/2025\/08\/21\/timeline-le-webcam-domestiche-e-i-rischi-della-rete-per-sicurezza-e-privacy-1030447\" rel=\"follow nofollow noopener\" data-intcmp=\"skytg24_articolo_approfondimenti_inline\" target=\"_blank\"><\/p>\n<p>\t\t\t         <img decoding=\"async\" crossorigin=\"anonymous\" alt=\"\" src=\"https:\/\/www.europesays.com\/it\/wp-content\/uploads\/2025\/10\/1030447_1755790140348_thumb_494.0000001_1755791414649.jpg\"  loading=\"lazy\"  bad-src=\"https:\/\/www.europesays.com\/it\/wp-content\/uploads\/2025\/10\/1030447_1755790140348_thumb_494.0000001_1755791414649.jpg\"\/><\/p>\n<p>\n\t\t\t         Potrebbe interessarti<br \/>\n\t\t\t         Timeline, le webcam domestiche e i rischi della rete per sicurezza e privacy\n\t\t\t      <\/p>\n<p>\t\t\t<\/a><\/p>\n","protected":false},"excerpt":{"rendered":"Gli appartamenti di un&#8217;intera palazzina erano disseminati di microtelecamere per spiare gli inquilini, sembra un film dell&#8217;orrore ma&hellip;\n","protected":false},"author":3,"featured_media":191228,"comment_status":"","ping_status":"","sticky":false,"template":"","format":"standard","meta":{"footnotes":""},"categories":[6],"tags":[14,8,1537,90,89,7,15,82,9,83,10,13,11,80,84,12,81,85],"class_list":{"0":"post-191227","1":"post","2":"type-post","3":"status-publish","4":"format-standard","5":"has-post-thumbnail","7":"category-ultime-notizie","8":"tag-cronaca","9":"tag-headlines","10":"tag-it","11":"tag-italia","12":"tag-italy","13":"tag-news","14":"tag-notizie","15":"tag-notizie-di-cronaca","16":"tag-notizie-principali","17":"tag-notiziedicronaca","18":"tag-notizieprincipali","19":"tag-titoli","20":"tag-ultime-notizie","21":"tag-ultime-notizie-di-cronaca","22":"tag-ultime-notizie-e-news-di-oggi","23":"tag-ultimenotizie","24":"tag-ultimenotiziedicronaca","25":"tag-ultimenotizieenewsdioggi"},"share_on_mastodon":{"url":"https:\/\/pubeurope.com\/@it\/115463203279429774","error":""},"_links":{"self":[{"href":"https:\/\/www.europesays.com\/it\/wp-json\/wp\/v2\/posts\/191227","targetHints":{"allow":["GET"]}}],"collection":[{"href":"https:\/\/www.europesays.com\/it\/wp-json\/wp\/v2\/posts"}],"about":[{"href":"https:\/\/www.europesays.com\/it\/wp-json\/wp\/v2\/types\/post"}],"author":[{"embeddable":true,"href":"https:\/\/www.europesays.com\/it\/wp-json\/wp\/v2\/users\/3"}],"replies":[{"embeddable":true,"href":"https:\/\/www.europesays.com\/it\/wp-json\/wp\/v2\/comments?post=191227"}],"version-history":[{"count":0,"href":"https:\/\/www.europesays.com\/it\/wp-json\/wp\/v2\/posts\/191227\/revisions"}],"wp:featuredmedia":[{"embeddable":true,"href":"https:\/\/www.europesays.com\/it\/wp-json\/wp\/v2\/media\/191228"}],"wp:attachment":[{"href":"https:\/\/www.europesays.com\/it\/wp-json\/wp\/v2\/media?parent=191227"}],"wp:term":[{"taxonomy":"category","embeddable":true,"href":"https:\/\/www.europesays.com\/it\/wp-json\/wp\/v2\/categories?post=191227"},{"taxonomy":"post_tag","embeddable":true,"href":"https:\/\/www.europesays.com\/it\/wp-json\/wp\/v2\/tags?post=191227"}],"curies":[{"name":"wp","href":"https:\/\/api.w.org\/{rel}","templated":true}]}}