{"id":191461,"date":"2025-10-30T16:20:15","date_gmt":"2025-10-30T16:20:15","guid":{"rendered":"https:\/\/www.europesays.com\/it\/191461\/"},"modified":"2025-10-30T16:20:15","modified_gmt":"2025-10-30T16:20:15","slug":"belen-rodriguez-sulla-lite-con-la-sorella-cecilia-avevo-fatto-una-marachella-non-mi-voleva-piu-parlare-e-aveva-ragione-lei","status":"publish","type":"post","link":"https:\/\/www.europesays.com\/it\/191461\/","title":{"rendered":"Bel\u00e9n Rodriguez sulla lite con la sorella Cecilia: \u00abAvevo fatto una marachella, non mi voleva pi\u00f9 parlare e aveva ragione lei\u00bb"},"content":{"rendered":"<p class=\"has-dropcap\">Seduta <strong>sullo sgabello di <a href=\"https:\/\/www.vanityfair.it\/article\/belen-rodriguez-belve-dipendente-benzodiazepine-stefano-de-martino-marco-borriello\" target=\"_blank\" rel=\"nofollow noopener\">Belve<\/a><\/strong>, davanti alla padrona di casa del programma Rai Francesca Fagnani, <a href=\"https:\/\/www.vanityfair.it\/article\/belen-rodriguez-pace-cecilia-ignazio-moser-lite-gossip\" target=\"_blank\" rel=\"nofollow noopener\"><strong>Bel\u00e9n Rodriguez<\/strong><\/a> ha chiarito <strong>quanto accaduto con la sorella minore Cecilia<\/strong>. Le due, infatti, nei passati mesi <strong>non hanno pi\u00f9 postato alcun contenuto insieme<\/strong>, a dimostrazione del fatto che fosse avvenuta una discussione o <strong>un fatto che le avesse in qualche modo allontanate<\/strong>.<\/p>\n<p>La conferma da parte di <a href=\"https:\/\/www.vanityfair.it\/article\/belen-rodriguez-lancia-prodotti-per-le-parti-intime\" rel=\"nofollow noopener\" target=\"_blank\">Bel\u00e9n Rodriguez.<\/a> La showgirl argentina, 41 anni, ha spiegato davanti alle telecamere: \u00ab<strong>S\u00ec, \u00e8 successo che non ci siamo sentite per un lungo periodo.<\/strong> Capita di litigare in tutte le famiglie. <strong>Ci siamo prese male, \u00e8 capitato cos\u00ec.<\/strong> Lei non mi voleva parlare. <strong>Avevo fatto una marachella<\/strong>\u00bb, ammette Bel\u00e9n Rodriguez aprendo le braccia e sorridendo. <strong>\u00abAveva ragione lei. Per\u00f2 io la pregavo di parlare con me\u00bb.<\/strong><\/p>\n<p>In cosa sia consistita la marachella di Bel\u00e9n Rodriguez non \u00e8 dato sapere. Quel che \u00e8 certo \u00e8 che, complice il <strong>recente parto di Cecilia Rodriguez<\/strong>, che il il 15 ottobre ha dato alla luce la sua prima figlia, Clara Isabel, <strong>lei e Bel\u00e9n si sono ritrovate.<\/strong><\/p>\n","protected":false},"excerpt":{"rendered":"Seduta sullo sgabello di Belve, davanti alla padrona di casa del programma Rai Francesca Fagnani, Bel\u00e9n Rodriguez ha&hellip;\n","protected":false},"author":3,"featured_media":191462,"comment_status":"","ping_status":"","sticky":false,"template":"","format":"standard","meta":{"footnotes":""},"categories":[174],"tags":[1764,6060,203,204,1537,90,89,24219],"class_list":{"0":"post-191461","1":"post","2":"type-post","3":"status-publish","4":"format-standard","5":"has-post-thumbnail","7":"category-intrattenimento","8":"tag-belen-rodriguez","9":"tag-cecilia-rodriguez","10":"tag-entertainment","11":"tag-intrattenimento","12":"tag-it","13":"tag-italia","14":"tag-italy","15":"tag-star-in-famiglia"},"share_on_mastodon":{"url":"https:\/\/pubeurope.com\/@it\/115464033023122951","error":""},"_links":{"self":[{"href":"https:\/\/www.europesays.com\/it\/wp-json\/wp\/v2\/posts\/191461","targetHints":{"allow":["GET"]}}],"collection":[{"href":"https:\/\/www.europesays.com\/it\/wp-json\/wp\/v2\/posts"}],"about":[{"href":"https:\/\/www.europesays.com\/it\/wp-json\/wp\/v2\/types\/post"}],"author":[{"embeddable":true,"href":"https:\/\/www.europesays.com\/it\/wp-json\/wp\/v2\/users\/3"}],"replies":[{"embeddable":true,"href":"https:\/\/www.europesays.com\/it\/wp-json\/wp\/v2\/comments?post=191461"}],"version-history":[{"count":0,"href":"https:\/\/www.europesays.com\/it\/wp-json\/wp\/v2\/posts\/191461\/revisions"}],"wp:featuredmedia":[{"embeddable":true,"href":"https:\/\/www.europesays.com\/it\/wp-json\/wp\/v2\/media\/191462"}],"wp:attachment":[{"href":"https:\/\/www.europesays.com\/it\/wp-json\/wp\/v2\/media?parent=191461"}],"wp:term":[{"taxonomy":"category","embeddable":true,"href":"https:\/\/www.europesays.com\/it\/wp-json\/wp\/v2\/categories?post=191461"},{"taxonomy":"post_tag","embeddable":true,"href":"https:\/\/www.europesays.com\/it\/wp-json\/wp\/v2\/tags?post=191461"}],"curies":[{"name":"wp","href":"https:\/\/api.w.org\/{rel}","templated":true}]}}