{"id":19163,"date":"2025-07-31T01:44:13","date_gmt":"2025-07-31T01:44:13","guid":{"rendered":"https:\/\/www.europesays.com\/it\/19163\/"},"modified":"2025-07-31T01:44:13","modified_gmt":"2025-07-31T01:44:13","slug":"torino-debutto-rinviato-per-ngonge-simeone-e-piu-vicino","status":"publish","type":"post","link":"https:\/\/www.europesays.com\/it\/19163\/","title":{"rendered":"Torino, debutto rinviato per Ngonge. Simeone \u00e8 pi\u00f9 vicino"},"content":{"rendered":"<p>Matteo Occhiuto30 lug 2025, 17:33<\/p>\n<p>Ultimi aggiornamenti: 30 lug 2025, 17:33<\/p>\n<p>L&#8217;argentino pu\u00f2 arrivare agli ordini di Baroni: trattativa avviata. Il belga non ci sar\u00e0 nel doppio test col Monaco.<\/p>\n<p>Il <strong>Torino fra campo e mercato. <\/strong>Il club granata sta lavorando sui trasferimenti ed \u00e8 una delle societ\u00e0 pi\u00f9 attive della Serie A. Il DS Vagnati vuole <strong>consegnare a Marco Baroni una rosa completa, <\/strong>che possa cercare di sognare qualcosa in pi\u00f9 dell&#8217;ormai canonico decimo posto a cui si \u00e8 abituata la Curva Maratona.<\/p>\n<p><strong>Uno dei principali colpi fin cui \u00e8 stato Ngonge. <\/strong>Il belga, tuttavia, salter\u00e0 il prossimo test (doppio) con il Monaco: la sua <strong>condizione atletica \u00e8 stata giudicata insufficiente, <\/strong>motivo per cui non figura nell&#8217;elenco dei convocati di Baroni. Il debutto, dunque, \u00e8 rimandato.<\/p>\n","protected":false},"excerpt":{"rendered":"Matteo Occhiuto30 lug 2025, 17:33 Ultimi aggiornamenti: 30 lug 2025, 17:33 L&#8217;argentino pu\u00f2 arrivare agli ordini di Baroni:&hellip;\n","protected":false},"author":3,"featured_media":19164,"comment_status":"","ping_status":"","sticky":false,"template":"","format":"standard","meta":{"footnotes":""},"categories":[176],"tags":[353,1537,90,89,251,245,244,1641,355],"class_list":{"0":"post-19163","1":"post","2":"type-post","3":"status-publish","4":"format-standard","5":"has-post-thumbnail","7":"category-sport","8":"tag-calciomercato","9":"tag-it","10":"tag-italia","11":"tag-italy","12":"tag-serie-a","13":"tag-sport","14":"tag-sports","15":"tag-torino","16":"tag-transfers"},"share_on_mastodon":{"url":"","error":""},"_links":{"self":[{"href":"https:\/\/www.europesays.com\/it\/wp-json\/wp\/v2\/posts\/19163","targetHints":{"allow":["GET"]}}],"collection":[{"href":"https:\/\/www.europesays.com\/it\/wp-json\/wp\/v2\/posts"}],"about":[{"href":"https:\/\/www.europesays.com\/it\/wp-json\/wp\/v2\/types\/post"}],"author":[{"embeddable":true,"href":"https:\/\/www.europesays.com\/it\/wp-json\/wp\/v2\/users\/3"}],"replies":[{"embeddable":true,"href":"https:\/\/www.europesays.com\/it\/wp-json\/wp\/v2\/comments?post=19163"}],"version-history":[{"count":0,"href":"https:\/\/www.europesays.com\/it\/wp-json\/wp\/v2\/posts\/19163\/revisions"}],"wp:featuredmedia":[{"embeddable":true,"href":"https:\/\/www.europesays.com\/it\/wp-json\/wp\/v2\/media\/19164"}],"wp:attachment":[{"href":"https:\/\/www.europesays.com\/it\/wp-json\/wp\/v2\/media?parent=19163"}],"wp:term":[{"taxonomy":"category","embeddable":true,"href":"https:\/\/www.europesays.com\/it\/wp-json\/wp\/v2\/categories?post=19163"},{"taxonomy":"post_tag","embeddable":true,"href":"https:\/\/www.europesays.com\/it\/wp-json\/wp\/v2\/tags?post=19163"}],"curies":[{"name":"wp","href":"https:\/\/api.w.org\/{rel}","templated":true}]}}