{"id":191856,"date":"2025-10-30T21:41:15","date_gmt":"2025-10-30T21:41:15","guid":{"rendered":"https:\/\/www.europesays.com\/it\/191856\/"},"modified":"2025-10-30T21:41:15","modified_gmt":"2025-10-30T21:41:15","slug":"rino-gaetano-anniversario-75-anni-canzone-inedita-film-style-magazine","status":"publish","type":"post","link":"https:\/\/www.europesays.com\/it\/191856\/","title":{"rendered":"Rino Gaetano: anniversario 75 anni, canzone inedita, film | Style Magazine"},"content":{"rendered":"<p>                              <img decoding=\"async\" src=\"https:\/\/www.europesays.com\/it\/wp-content\/uploads\/2025\/10\/Rino-Gaetano_Darvia.jpg\" loading=\"lazy\" alt=\"Rino Gaetano. Credit: Ufficio stampa\" width=\"1280\" height=\"800\"\/><\/p>\n<p class=\"img-caption\"> Rino Gaetano. Credit: Ufficio stampa<\/p>\n<p>\n                              <strong>RINO GAETANO AVREBBE COMPIUTO 75 ANNI<\/strong>. Oggi, mercoled\u00ec 29 ottobre, \u00e8 quindi un giorno importante per tutti gli appassionati della sua musica. Per questo motivo, <strong>si \u00e8 pensato di celebrare tutti insieme, con una pubblicazione molto particolare<\/strong>.\n                          <\/p>\n<p>                          Rino Gaetano: nel giorno del suo compleanno una bonus track inedita<\/p>\n<p>\n                              Sono numerosi gli appuntamenti che i fan di Rino Gaetano devono segnarsi sull&#8217;agenda. Come prima cosa proprio oggi, mercoled\u00ec 29 ottobre, <strong>\u00e8 uscita una bonus track inedita, dal titolo Un film a colori (Jet Set).<\/strong>\n                          <\/p>\n<p>\n                              Si tratta di <strong>una canzone che \u00e8 uscita solamente in digitale proprio oggi<\/strong>, nel giorno in cui il cantautore scomparso il 2 giugno 1981 a Roma, avrebbe compiuto 75 anni. Questa uscita, per\u00f2, \u00e8 legata a un&#8217;altra pubblicazione, che avverr\u00e0 tra poche settimane.\n                          <\/p>\n<p>                          Musica sempre attuale: la riedizione dell&#8217;album E IO CI STO\u00a0<\/p>\n<p>\n                              Il prossimo 21 novembre, infatti, uscir\u00e0 in digitale, su vinile e su CD <strong>la riedizione dell&#8217;album E IO CI STO<\/strong> per Sony Music Italy. Contenente, appunto, anche la bonus track Un film a colori (Jet Set). <strong>Il disco era stato pubblicato nel 1980 e possiamo considerarlo come il suo ritratto dell&#8217;Italia di allora.<\/strong>\n                          <\/p>\n<p>\n                              Infatti, E IO CI STO &#8211; ultimo album di inediti prima della sua <a href=\"https:\/\/style.corriere.it\/attualita\/come-morto-rino-gaetano\/\" target=\"_blank\" rel=\"noopener nofollow\" data-wpel-link=\"internal\">tragica scomparsa a soli 30 anni<\/a> &#8211; ha rappresentato una forte satira nei confronti del mondo dello spettacolo, una critica al conformismo, un&#8217;analisi precisa di alcune dinamiche di potere che, purtroppo, sono ancora <strong>tremendamente attuali<\/strong>.\n                          <\/p>\n<p>\n                              Se le versioni CD e vinile accoglieranno sia la tracklist originale (rimasterizzata a 192kHz) che l&#8217;inedito, <strong>la versione vinile di colore rosso comprender\u00e0 anche un manoscritto inedito di Rino Gaetano<\/strong>. Un manoscritto che permette di creare un vero e proprio videoclip mai realizzato finora.\n                          <\/p>\n<p>                              <img decoding=\"async\" src=\"https:\/\/www.europesays.com\/it\/wp-content\/uploads\/2025\/10\/Cover_Gaetano-b.jpg\" loading=\"lazy\" alt=\"La cover di &quot;E io ci sto&quot; di Rino Gaetano. Credit: Ufficio stampa\" width=\"1200\" height=\"1200\"\/><\/p>\n<p class=\"img-caption\"> La cover di &#8220;E io ci sto&#8221; di Rino Gaetano. Credit: Ufficio stampa<\/p>\n<p>                          La tracklist di E IO CI STO<\/p>\n<ol>\n<li> E io ci sto<\/li>\n<li>Ti ti ti ti<\/li>\n<li>Ping pong<\/li>\n<li>Michele &#8216;o pazzo \u00e8 pazzo davvero<\/li>\n<li>Met\u00e0 Africa met\u00e0 Europa<\/li>\n<li>Jet set<\/li>\n<li>Sombrero<\/li>\n<li>La donna mia \/ Scusa Mary<\/li>\n<li>Un film a colori (Jet set) &#8211; inedito<\/li>\n<\/ol>\n<p>Arriva il film Rino Gaetano sempre pi\u00f9 blu<\/p>\n<p>\n                              Ma, come abbiamo gi\u00e0 detto, gli appuntamenti sono numerosi. Quindi <strong>segnatevi le date del 24, 25 e 26 novembre<\/strong>. Solo in quei tre giorni, infatti, sar\u00e0 possibile vedere nei cinema <strong>il film Rino Gaetano sempre pi\u00f9 blu di Giorgio Verdelli<\/strong>.\n                          <\/p>\n<blockquote class=\"instagram-media\" data-instgrm-version=\"7\" style=\"background:#FFF;border:0;border-radius:3px;box-shadow:0 0 1px 0 rgba(0,0,0,0.5),0 1px 10px 0 rgba(0,0,0,0.15);margin:1px;max-width:540px;min-width:326px;padding:0;width:99.375%;width:-webkit-calc(100% - 2px);width:calc(100% - 2px)\"><p>\n                          <a href=\"https:\/\/www.instagram.com\/p\/DQEbZ45CAdb\/?utm_source=ig_web_copy_link&amp;igsh=MzRlODBiNWFlZA==\" rel=\"nofollow noopener\" target=\"_blank\">\n                        <\/p><\/blockquote>\n<p>\n                              Prodotto da Sudovest Produzioni e Indigo Film, in collaborazione con Rai Documentari, e distribuito da Medusa Film, <strong>\u00e8 stato presentato in anteprima alla ventesima Festa del Cinema di Roma<\/strong>. Ed \u00e8 un ritratto \u00abcorale e intimo del cantautore, un viaggio tra memorie, interviste e voci che raccontano l&#8217;uomo dietro il mito, celebrandone <strong>l&#8217;eredit\u00e0 musicale e culturale<\/strong>\u00bb. Tra i nomi intervistati anche Brunori Sas, <a href=\"https:\/\/style.corriere.it\/video\/riccardo-cocciante-la-musica-mi-ha-invaso-un-artista-rimane-sul-palco-fino-alla-fine-della-sua-vita\/\" target=\"_blank\" rel=\"noopener nofollow\" data-wpel-link=\"internal\">Riccardo Cocciante<\/a>, Lucio Corsi, Sergio Cammariere, Shel Shapiro, Danilo Rea e Claudio Santamaria.\n                          <\/p>\n<p>                          Stasera un concerto a Roma per ricordarlo<\/p>\n<p>\n                              A proposito di eredit\u00e0 musicale e culturale, ecco un&#8217;ultima segnalazione. <strong>Oggi, mercoled\u00ec 29 ottobre, per celebrare i 75 anni dalla nascita di Rino Gaetano, sua sorella Anna e suo nipote Alessandro hanno organizzato un concerto della Rino Gaetano Band al Largo Venue di Roma<\/strong>. Questa sera saranno presenti alcuni nomi della musica italiana, come Piotta, Cristiano Cosa, Carlo Valente e Art\u00f9. La serata sar\u00e0 presentata da Giulia Massarelli.\n                          <\/p>\n<p>                              <a href=\"https:\/\/eventi.corriere.it\/style-magazine-visioni-visionari\/\" class=\"\" rel=\"nofollow noopener\" target=\"_blank\"><\/p>\n<p>                                  <img decoding=\"async\" src=\"https:\/\/www.europesays.com\/it\/wp-content\/uploads\/2025\/10\/StyleMagazine_Banner_Sito_640x165px_02aa.png\" loading=\"lazy\" alt=\"\" title=\"\" width=\"640\" height=\"165\"\/><\/p>\n<p>                              <\/a><\/p>\n<p>\n                              Un bel modo per ricordare <strong>la genialit\u00e0 di Rino Gaetano<\/strong>. E per celebrarlo tutti insieme, ricordando le sue canzoni.\n                          <\/p>\n<p>                <script async src=\"\/\/www.instagram.com\/embed.js\"><\/script><\/p>\n","protected":false},"excerpt":{"rendered":"Rino Gaetano. Credit: Ufficio stampa RINO GAETANO AVREBBE COMPIUTO 75 ANNI. Oggi, mercoled\u00ec 29 ottobre, \u00e8 quindi un&hellip;\n","protected":false},"author":3,"featured_media":191857,"comment_status":"","ping_status":"","sticky":false,"template":"","format":"standard","meta":{"footnotes":"","_share_on_mastodon":"0"},"categories":[1443],"tags":[8133,16855,14807,587,115375,115377,9427,115382,115383,18123,5163,115384,115385,1569,203,454,115386,115387,115388,115389,24660,115390,115379,115391,58571,204,1537,90,89,6332,112125,4559,94249,1538,1539,893,115380,115392,64431,5833,115393,115381,987,3645,115376,115378,114698,12099,38712],"class_list":["post-191856","post","type-post","status-publish","format-standard","has-post-thumbnail","category-musica","tag-album","tag-appuntamenti","tag-blu","tag-bonus","tag-bonus-track","tag-bonus-track-inedita","tag-colori","tag-colori-jet","tag-colori-jet-set","tag-compiuto","tag-compleanno","tag-compleanno-bonus","tag-compleanno-bonus-track","tag-concerto","tag-entertainment","tag-film","tag-film-colori","tag-film-colori-jet","tag-film-rino","tag-film-rino-gaetano","tag-gaetano","tag-gaetano-blu","tag-gaetano-compleanno","tag-gaetano-compleanno-bonus","tag-inedita","tag-intrattenimento","tag-it","tag-italia","tag-italy","tag-jet","tag-jet-set","tag-mercoledi","tag-mercoledi-ottobre","tag-music","tag-musica","tag-ottobre","tag-riedizione","tag-riedizione-album","tag-rino","tag-rino-gaetano","tag-rino-gaetano-blu","tag-rino-gaetano-compleanno","tag-roma","tag-set","tag-track","tag-track-inedita","tag-tracklist","tag-uscita","tag-vinile"],"share_on_mastodon":{"url":"","error":"Validation failed: Text character limit of 500 exceeded"},"_links":{"self":[{"href":"https:\/\/www.europesays.com\/it\/wp-json\/wp\/v2\/posts\/191856","targetHints":{"allow":["GET"]}}],"collection":[{"href":"https:\/\/www.europesays.com\/it\/wp-json\/wp\/v2\/posts"}],"about":[{"href":"https:\/\/www.europesays.com\/it\/wp-json\/wp\/v2\/types\/post"}],"author":[{"embeddable":true,"href":"https:\/\/www.europesays.com\/it\/wp-json\/wp\/v2\/users\/3"}],"replies":[{"embeddable":true,"href":"https:\/\/www.europesays.com\/it\/wp-json\/wp\/v2\/comments?post=191856"}],"version-history":[{"count":0,"href":"https:\/\/www.europesays.com\/it\/wp-json\/wp\/v2\/posts\/191856\/revisions"}],"wp:featuredmedia":[{"embeddable":true,"href":"https:\/\/www.europesays.com\/it\/wp-json\/wp\/v2\/media\/191857"}],"wp:attachment":[{"href":"https:\/\/www.europesays.com\/it\/wp-json\/wp\/v2\/media?parent=191856"}],"wp:term":[{"taxonomy":"category","embeddable":true,"href":"https:\/\/www.europesays.com\/it\/wp-json\/wp\/v2\/categories?post=191856"},{"taxonomy":"post_tag","embeddable":true,"href":"https:\/\/www.europesays.com\/it\/wp-json\/wp\/v2\/tags?post=191856"}],"curies":[{"name":"wp","href":"https:\/\/api.w.org\/{rel}","templated":true}]}}