{"id":192747,"date":"2025-10-31T12:36:13","date_gmt":"2025-10-31T12:36:13","guid":{"rendered":"https:\/\/www.europesays.com\/it\/192747\/"},"modified":"2025-10-31T12:36:13","modified_gmt":"2025-10-31T12:36:13","slug":"grande-fratello-2025-jonas-le-nomination-e-domenico-e-valentina","status":"publish","type":"post","link":"https:\/\/www.europesays.com\/it\/192747\/","title":{"rendered":"Grande Fratello 2025: Jonas, le nomination e Domenico e Valentina"},"content":{"rendered":"<p class=\"paragraph\" spellcheck=\"true\">La sesta puntata del<b> Grande Fratello<\/b>, in onda su Canale 5 nella prima serata di ieri, <a href=\"https:\/\/www.gazzetta.it\/tv\/30-10-2025\/grande-fratello-oggi-anticipazioni-ospiti-e-spoiler-30-ottobre-2025.shtml?intcmp=hyperlink-articolo-gazit\" target=\"_blank\" rel=\"nofollow noopener\">gioved\u00ec 30 ottobre<\/a>, si \u00e8 aperta all&#8217;insegna delle tensioni e dei confronti. Protagonisti assoluti sono stati <b>Omer<\/b> e <b>Jonas<\/b>, sempre pi\u00f9 ai ferri corti. <a href=\"https:\/\/www.gazzetta.it\/gossip\/storie\/01-04-2025\/simona-ventura-compie-60-anni-gli-amori-le-passioni-i-figli-la-televisione\/il-compleanno.shtml?intcmp=hyperlink-articolo-gazit\" target=\"_blank\" rel=\"nofollow noopener\">Simona Ventura<\/a>, dopo aver salutato il pubblico a casa e aver introdotto <a href=\"https:\/\/www.gazzetta.it\/tv\/storie\/29-09-2025\/grande-fratello-2025-opinionisti-cristina-floriana-e-ascanio-le-bio\/grande-fratello-nbsp-su-canale-5.shtml?intcmp=hyperlink-articolo-gazit\" target=\"_blank\" rel=\"nofollow noopener\">i fidati opinionisti<\/a>, \u00e8 entrata subito nel vivo dello scontro mostrando ai telespettatori <b>un montaggio che ha ripercorso i momenti pi\u00f9 tesi tra i due concorrenti<\/b>.<\/p>\n<p class=\"paragraph\" spellcheck=\"true\">Il primo a prendere la parola \u00e8 stato proprio Jonas, che si \u00e8 rivolto all&#8217;opinionista speciale <a href=\"https:\/\/www.gazzetta.it\/gossip\/storie\/18-10-2025\/sonia-bruganelli-matrimonio-con-bonolis-aborto-tradimento-figli-e-angelo-madonia\/il-matrimonio-nbsp.shtml?intcmp=hyperlink-articolo-gazit\" target=\"_blank\" rel=\"nofollow noopener\">Sonia Bruganelli<\/a>: &#8220;Secondo te, un ragazzo che cerca approvazione da met\u00e0 della Casa, vuole essere il leader?&#8221;. <b>L&#8217;opinionista ha fatto il punto sulla situazione<\/b>: &#8220;Siete ossessionati l&#8217;uno dall&#8217;altro&#8221;. Questo non ha placato affatto gli animi in casa e chi si aspettava una sorta di pace \u00e8 rimasto deluso.<\/p>\n<p class=\"paragraph\" spellcheck=\"true\"><b>Jonas ha ribadito che tra lui e Omer non ci sar\u00e0 alcuna tregua<\/b> ma, al contrario, totale indifferenza: &#8220;Non ci sar\u00e0 n\u00e9 guerra n\u00e9 pace. Io sono qui per fare il mio percorso, non per pensare a te&#8221;. Stesso tono usato dall&#8217;avversario: &#8220;La pace con te non ci sar\u00e0 mai&#8221;.<\/p>\n","protected":false},"excerpt":{"rendered":"La sesta puntata del Grande Fratello, in onda su Canale 5 nella prima serata di ieri, gioved\u00ec 30&hellip;\n","protected":false},"author":3,"featured_media":192748,"comment_status":"","ping_status":"","sticky":false,"template":"","format":"standard","meta":{"footnotes":"","_share_on_mastodon":"0"},"categories":[1444],"tags":[12387,2773,15298,790,27224,203,5701,1250,3688,5302,951,204,1537,90,89,14372,44589,115899,27554,113216,179,8202,19432,253],"class_list":["post-192747","post","type-post","status-publish","format-standard","has-post-thumbnail","category-tv","tag-benedetta","tag-canale","tag-concorrenti","tag-corso","tag-domenico","tag-entertainment","tag-francesca","tag-francesco","tag-fratello","tag-giovedi","tag-ingresso","tag-intrattenimento","tag-it","tag-italia","tag-italy","tag-jonas","tag-nomination","tag-nomination-francesco","tag-omer","tag-omer-jonas","tag-pubblico","tag-puntata","tag-reality","tag-tv"],"share_on_mastodon":{"url":"https:\/\/pubeurope.com\/@it\/115468814556597993","error":""},"_links":{"self":[{"href":"https:\/\/www.europesays.com\/it\/wp-json\/wp\/v2\/posts\/192747","targetHints":{"allow":["GET"]}}],"collection":[{"href":"https:\/\/www.europesays.com\/it\/wp-json\/wp\/v2\/posts"}],"about":[{"href":"https:\/\/www.europesays.com\/it\/wp-json\/wp\/v2\/types\/post"}],"author":[{"embeddable":true,"href":"https:\/\/www.europesays.com\/it\/wp-json\/wp\/v2\/users\/3"}],"replies":[{"embeddable":true,"href":"https:\/\/www.europesays.com\/it\/wp-json\/wp\/v2\/comments?post=192747"}],"version-history":[{"count":0,"href":"https:\/\/www.europesays.com\/it\/wp-json\/wp\/v2\/posts\/192747\/revisions"}],"wp:featuredmedia":[{"embeddable":true,"href":"https:\/\/www.europesays.com\/it\/wp-json\/wp\/v2\/media\/192748"}],"wp:attachment":[{"href":"https:\/\/www.europesays.com\/it\/wp-json\/wp\/v2\/media?parent=192747"}],"wp:term":[{"taxonomy":"category","embeddable":true,"href":"https:\/\/www.europesays.com\/it\/wp-json\/wp\/v2\/categories?post=192747"},{"taxonomy":"post_tag","embeddable":true,"href":"https:\/\/www.europesays.com\/it\/wp-json\/wp\/v2\/tags?post=192747"}],"curies":[{"name":"wp","href":"https:\/\/api.w.org\/{rel}","templated":true}]}}