{"id":193046,"date":"2025-10-31T16:36:13","date_gmt":"2025-10-31T16:36:13","guid":{"rendered":"https:\/\/www.europesays.com\/it\/193046\/"},"modified":"2025-10-31T16:36:13","modified_gmt":"2025-10-31T16:36:13","slug":"biasin-richiesta-chivu-non-sara-abbassare-la-difesa-ma","status":"publish","type":"post","link":"https:\/\/www.europesays.com\/it\/193046\/","title":{"rendered":"Biasin: &#8220;Richiesta Chivu non sar\u00e0 abbassare la difesa, ma&#8230;&#8221;"},"content":{"rendered":"<p>Il giornalista Fabrizio Biasin, durante L&#8217;ascia raddoppia di Cronache di spogliatoio, ha parlato dell&#8217;atteggiamento difensivo dell&#8217;Inter<\/p>\n<p>Il giornalista Fabrizio Biasin, durante L&#8217;ascia raddoppia di Cronache di spogliatoio, ha parlato dell&#8217;atteggiamento difensivo dell&#8217;Inter di <a href=\"https:\/\/www.fcinter1908.it\/news\/rassegna-stampa\/calhanoglu-cancellati-mugugni-speculazioni\/\" rel=\"nofollow noopener\" target=\"_blank\">Chivu<\/a>:<\/p>\n<p>&#8220;La richiesta di Chivu non sar\u00e0 facciamo due passi indietro, ma ottimizziamo di pi\u00f9 la mole di occasioni che abbiamo a ogni partita. In realt\u00e0 l&#8217;Inter produce tanto ma concretizza poco rispetto a quello che fa davanti. Le grandi in Europa si guardano poco indietro. Tanto passa pi\u00f9 che dalla prestazione dei difensori, da quella dei centrocampisti. Calhanoglu sta giocando non a livello dell&#8217;anno scorso, ma di quello precedente. Non tanto dalla met\u00e0 campo in su, ma per i recuperi che fa. Non era scontato, se l&#8217;estate scorsa facevi un sondaggio tutti ti dicevano tutti che era il caso di venderlo. La costante sono gli scontri diretti, continua a fare partite stranissime in cui a tratti domina poi alla prima difficolt\u00e0 crolla e prende anche 4 gol. E questa cosa va corretta, deve diventare meno ingenua.\u00a0<\/p>\n<p class=\"is-copyright\">\u00a9 RIPRODUZIONE RISERVATA<\/p>\n","protected":false},"excerpt":{"rendered":"Il giornalista Fabrizio Biasin, durante L&#8217;ascia raddoppia di Cronache di spogliatoio, ha parlato dell&#8217;atteggiamento difensivo dell&#8217;Inter Il giornalista&hellip;\n","protected":false},"author":3,"featured_media":193047,"comment_status":"","ping_status":"","sticky":false,"template":"","format":"standard","meta":{"footnotes":"","_share_on_mastodon":"0"},"categories":[1452],"tags":[23920,116099,116100,12899,116101,116102,10107,116103,721,2839,1740,350,1537,90,89,1739,245,244],"class_list":["post-193046","post","type-post","status-publish","format-standard","has-post-thumbnail","category-calcio","tag-ascia","tag-ascia-raddoppia","tag-ascia-raddoppia-cronache","tag-atteggiamento","tag-atteggiamento-difensivo","tag-atteggiamento-difensivo-inter","tag-biasin","tag-biasin-ascia","tag-calcio","tag-chivu","tag-football","tag-inter","tag-it","tag-italia","tag-italy","tag-soccer","tag-sport","tag-sports"],"share_on_mastodon":{"url":"https:\/\/pubeurope.com\/@it\/115469758243784870","error":""},"_links":{"self":[{"href":"https:\/\/www.europesays.com\/it\/wp-json\/wp\/v2\/posts\/193046","targetHints":{"allow":["GET"]}}],"collection":[{"href":"https:\/\/www.europesays.com\/it\/wp-json\/wp\/v2\/posts"}],"about":[{"href":"https:\/\/www.europesays.com\/it\/wp-json\/wp\/v2\/types\/post"}],"author":[{"embeddable":true,"href":"https:\/\/www.europesays.com\/it\/wp-json\/wp\/v2\/users\/3"}],"replies":[{"embeddable":true,"href":"https:\/\/www.europesays.com\/it\/wp-json\/wp\/v2\/comments?post=193046"}],"version-history":[{"count":0,"href":"https:\/\/www.europesays.com\/it\/wp-json\/wp\/v2\/posts\/193046\/revisions"}],"wp:featuredmedia":[{"embeddable":true,"href":"https:\/\/www.europesays.com\/it\/wp-json\/wp\/v2\/media\/193047"}],"wp:attachment":[{"href":"https:\/\/www.europesays.com\/it\/wp-json\/wp\/v2\/media?parent=193046"}],"wp:term":[{"taxonomy":"category","embeddable":true,"href":"https:\/\/www.europesays.com\/it\/wp-json\/wp\/v2\/categories?post=193046"},{"taxonomy":"post_tag","embeddable":true,"href":"https:\/\/www.europesays.com\/it\/wp-json\/wp\/v2\/tags?post=193046"}],"curies":[{"name":"wp","href":"https:\/\/api.w.org\/{rel}","templated":true}]}}