{"id":193082,"date":"2025-10-31T17:04:10","date_gmt":"2025-10-31T17:04:10","guid":{"rendered":"https:\/\/www.europesays.com\/it\/193082\/"},"modified":"2025-10-31T17:04:10","modified_gmt":"2025-10-31T17:04:10","slug":"fiorentina-genoa-verona-e-pisa-a-zero-vittorie-dopo-nove-giornate-il-record-negativo","status":"publish","type":"post","link":"https:\/\/www.europesays.com\/it\/193082\/","title":{"rendered":"Fiorentina, Genoa, Verona e Pisa a zero vittorie dopo nove giornate: il record negativo"},"content":{"rendered":"<p class=\"paragraph\" spellcheck=\"true\">Mai, nella storia della Serie A, si era visto nulla di simile: quattro squadre ancora senza vittorie dopo nove giornate. Fiorentina, Genoa, Verona e Pisa chiudono la classifica e condividono un primato negativo che pesa come un macigno. Nei principali campionati europei la musica \u00e8 ben diversa: in Premier League soltanto il Wolverhampton \u00e8 ancora fermo, in Bundesliga il Borussia M\u00f6nchengladbach, mentre in Spagna e in Francia tutte le squadre hanno gi\u00e0 trovato almeno una vittoria. Un dato che sorprende, ma che impone una doverosa distinzione di pesi e misure. Perch\u00e9 dietro quello zero alla voce \u201cvittorie\u201d si nascondono percorsi, ambizioni e mercati ben differenti.<\/p>\n","protected":false},"excerpt":{"rendered":"Mai, nella storia della Serie A, si era visto nulla di simile: quattro squadre ancora senza vittorie dopo&hellip;\n","protected":false},"author":3,"featured_media":193083,"comment_status":"","ping_status":"","sticky":false,"template":"","format":"standard","meta":{"footnotes":"","_share_on_mastodon":"0"},"categories":[1452],"tags":[12746,3732,391,116122,721,1856,631,106864,116123,116124,879,4415,64799,1277,7973,25,2729,5115,7008,85829,85830,2263,116125,116126,1740,3341,116127,6298,116128,116129,7435,1911,229,1374,85832,1976,1537,90,89,47832,110666,1294,1290,4283,37497,24797,74011,3531,3124,98,1821,1739,245,244,1857,10976,577,1567,3375,6302,24126],"class_list":["post-193082","post","type-post","status-publish","format-standard","has-post-thumbnail","category-calcio","tag-ambizioni","tag-avvio","tag-ben","tag-ben-diversa","tag-calcio","tag-campionato","tag-cinque","tag-condividono","tag-condividono-primato","tag-condividono-primato-negativo","tag-contesto","tag-continuita","tag-crea","tag-dato","tag-differenti","tag-discorso","tag-diversa","tag-diverse","tag-dzeko","tag-expected","tag-expected-goals","tag-fiorentina","tag-fiorentina-genoa","tag-fiorentina-genoa-verona","tag-football","tag-formula","tag-formula-giusta","tag-genoa","tag-genoa-verona","tag-genoa-verona-pisa","tag-gilardino","tag-giornate","tag-giovane","tag-giusta","tag-goals","tag-gol","tag-it","tag-italia","tag-italy","tag-negativo","tag-neopromossa","tag-numeri","tag-partita","tag-partite","tag-peggior","tag-percorsi","tag-pesa","tag-pioli","tag-pisa","tag-porta","tag-serie","tag-soccer","tag-sport","tag-sports","tag-squadra","tag-squadre","tag-stagione","tag-storia","tag-tecnico","tag-verona","tag-vittorie"],"share_on_mastodon":{"url":"","error":"Validation failed: Text character limit of 500 exceeded"},"_links":{"self":[{"href":"https:\/\/www.europesays.com\/it\/wp-json\/wp\/v2\/posts\/193082","targetHints":{"allow":["GET"]}}],"collection":[{"href":"https:\/\/www.europesays.com\/it\/wp-json\/wp\/v2\/posts"}],"about":[{"href":"https:\/\/www.europesays.com\/it\/wp-json\/wp\/v2\/types\/post"}],"author":[{"embeddable":true,"href":"https:\/\/www.europesays.com\/it\/wp-json\/wp\/v2\/users\/3"}],"replies":[{"embeddable":true,"href":"https:\/\/www.europesays.com\/it\/wp-json\/wp\/v2\/comments?post=193082"}],"version-history":[{"count":0,"href":"https:\/\/www.europesays.com\/it\/wp-json\/wp\/v2\/posts\/193082\/revisions"}],"wp:featuredmedia":[{"embeddable":true,"href":"https:\/\/www.europesays.com\/it\/wp-json\/wp\/v2\/media\/193083"}],"wp:attachment":[{"href":"https:\/\/www.europesays.com\/it\/wp-json\/wp\/v2\/media?parent=193082"}],"wp:term":[{"taxonomy":"category","embeddable":true,"href":"https:\/\/www.europesays.com\/it\/wp-json\/wp\/v2\/categories?post=193082"},{"taxonomy":"post_tag","embeddable":true,"href":"https:\/\/www.europesays.com\/it\/wp-json\/wp\/v2\/tags?post=193082"}],"curies":[{"name":"wp","href":"https:\/\/api.w.org\/{rel}","templated":true}]}}