{"id":193456,"date":"2025-10-31T22:08:09","date_gmt":"2025-10-31T22:08:09","guid":{"rendered":"https:\/\/www.europesays.com\/it\/193456\/"},"modified":"2025-10-31T22:08:09","modified_gmt":"2025-10-31T22:08:09","slug":"latalanta-a-udine-senza-maldini-de-roon-e-kolasinac","status":"publish","type":"post","link":"https:\/\/www.europesays.com\/it\/193456\/","title":{"rendered":"L\u2019Atalanta a Udine senza Maldini, de Roon e Kolasinac"},"content":{"rendered":"\n<p>L\u2019Atalanta che sabato 1 novembre giocher\u00e0 alle 15 sul campo dell\u2019Udinese dovr\u00e0 fare a meno di <strong class=\"nero\">Daniel Maldini<\/strong>, <strong class=\"nero\">Marten de Roon <\/strong>e <strong class=\"nero\">Sead Kolasinac<\/strong>. L\u2019attaccante non sar\u00e0 a disposizione in Friuli a causa di una contrattura all\u2019adduttore sinistro, rimediata nell\u2019allenamento di vigilia. La sua situazione \u00e8 da valutare: in caso di lesione potrebbe stare fermo fino alla sosta. Il capitano, uscito per una semplice contrattura al flessore nel match contro il Milan (senza lesione), si dovrebbe rivedere nel match di Champions contro il Marsiglia (mercoled\u00ec 5). Kolasinac, infine, rester\u00e0 fuori dopo la panchina contro il Milan: si \u00e8 preferito farlo allenare a Zingonia. I tre si aggiungono agli assenti gi\u00e0 noti, Scalvini e Bakker.<\/p>\n<p>Il tecnico Juric ha tutti gli altri a disposizione e dunque pu\u00f2 scegliere in tutti i reparti. Per questo motivo \u00e8 complicato azzardare una formazione: il modulo pi\u00f9 probabile \u00e8 il 3-4-3 con il tridente, dunque <strong class=\"nero\">Scamacca, che insegue la prima maglia da titolare, si gioca un posto da centravanti con Krstovic.<\/strong> Ma, appunto, non c\u2019\u2019\u00e8 niente di certo. De Ketelaere, Samardzic, Lookman, Sulemana: tutti in lizza per il reparto offensivo. In mezzo, con questo modulo, troverebbero una maglia Ederson e Pasalic; Brescianini o Musah entrerebbero in gioco in caso di 3-4-1-2, con spostamento di Pasalic sulla trequarti. In difesa davanti a Carnesecchi sono in quattro per tre posti: Djimsiti, che potrebbe rientrare dopo l\u2019iniziale panchina col Milan, Ahanor (che potrebbe fargli posto), Hien e Kossounou. Bagarre, infine, anche sulle fasce: ballottaggi Bellanova-Zappacosta e Zalewski-Bernasconi.<\/p>\n","protected":false},"excerpt":{"rendered":"L\u2019Atalanta che sabato 1 novembre giocher\u00e0 alle 15 sul campo dell\u2019Udinese dovr\u00e0 fare a meno di Daniel Maldini,&hellip;\n","protected":false},"author":3,"featured_media":193457,"comment_status":"","ping_status":"","sticky":false,"template":"","format":"standard","meta":{"footnotes":""},"categories":[176],"tags":[569,721,116267,1537,90,89,116268,61626,245,244,2817],"class_list":{"0":"post-193456","1":"post","2":"type-post","3":"status-publish","4":"format-standard","5":"has-post-thumbnail","7":"category-sport","8":"tag-atalanta","9":"tag-calcio","10":"tag-daniel-maldini","11":"tag-it","12":"tag-italia","13":"tag-italy","14":"tag-marten-de-roon","15":"tag-sead-kolasinac","16":"tag-sport","17":"tag-sports","18":"tag-udinese"},"share_on_mastodon":{"url":"https:\/\/pubeurope.com\/@it\/115471063756825483","error":""},"_links":{"self":[{"href":"https:\/\/www.europesays.com\/it\/wp-json\/wp\/v2\/posts\/193456","targetHints":{"allow":["GET"]}}],"collection":[{"href":"https:\/\/www.europesays.com\/it\/wp-json\/wp\/v2\/posts"}],"about":[{"href":"https:\/\/www.europesays.com\/it\/wp-json\/wp\/v2\/types\/post"}],"author":[{"embeddable":true,"href":"https:\/\/www.europesays.com\/it\/wp-json\/wp\/v2\/users\/3"}],"replies":[{"embeddable":true,"href":"https:\/\/www.europesays.com\/it\/wp-json\/wp\/v2\/comments?post=193456"}],"version-history":[{"count":0,"href":"https:\/\/www.europesays.com\/it\/wp-json\/wp\/v2\/posts\/193456\/revisions"}],"wp:featuredmedia":[{"embeddable":true,"href":"https:\/\/www.europesays.com\/it\/wp-json\/wp\/v2\/media\/193457"}],"wp:attachment":[{"href":"https:\/\/www.europesays.com\/it\/wp-json\/wp\/v2\/media?parent=193456"}],"wp:term":[{"taxonomy":"category","embeddable":true,"href":"https:\/\/www.europesays.com\/it\/wp-json\/wp\/v2\/categories?post=193456"},{"taxonomy":"post_tag","embeddable":true,"href":"https:\/\/www.europesays.com\/it\/wp-json\/wp\/v2\/tags?post=193456"}],"curies":[{"name":"wp","href":"https:\/\/api.w.org\/{rel}","templated":true}]}}