{"id":193703,"date":"2025-11-01T02:02:11","date_gmt":"2025-11-01T02:02:11","guid":{"rendered":"https:\/\/www.europesays.com\/it\/193703\/"},"modified":"2025-11-01T02:02:11","modified_gmt":"2025-11-01T02:02:11","slug":"jasmine-paolini-alle-finals-un-miracolo-italiano","status":"publish","type":"post","link":"https:\/\/www.europesays.com\/it\/193703\/","title":{"rendered":"Jasmine Paolini alle Finals, un miracolo italiano"},"content":{"rendered":"<p>                        Paolini si \u00e8 qualificata di nuovo per le Finals. Ha il fisico pi\u00f9 minuto tra le otto &#8220;maestre&#8221;: la sua velocit\u00e0 di gambe e di pensiero \u00e8 una splendida eccezione. Nei giorni scorsi l&#8217;ucraina Kostyuk si \u00e8 lamentata di Sabalenka e Swiatek (&#8220;pi\u00f9 alte e pi\u00f9 grosse di me&#8221;). E allora cosa dovrebbe dire l&#8217;azzurra?<\/p>\n<p class=\"has-first-letter\">La seconda partecipazione vale pi\u00f9 della prima. Perch\u00e9 nel tennis, e non solo nel tennis, confermarsi ai vertici \u00e8 molto pi\u00f9 difficile che arrivarci. Nel caso di Jasmine Paolini, lo sforzo richiede un supplemento di fatica, dedizione, impegno. E merita il doppio, il triplo degli applausi.<\/p>\n","protected":false},"excerpt":{"rendered":"Paolini si \u00e8 qualificata di nuovo per le Finals. Ha il fisico pi\u00f9 minuto tra le otto &#8220;maestre&#8221;:&hellip;\n","protected":false},"author":3,"featured_media":193704,"comment_status":"","ping_status":"","sticky":false,"template":"","format":"standard","meta":{"footnotes":"","_share_on_mastodon":"0"},"categories":[1457],"tags":[7554,116458,6735,1495,63589,3357,3187,2235,1906,6018,61640,37417,1426,18576,5016,116459,435,41084,64162,1537,90,89,19629,20206,80561,77358,6891,3483,19769,19630,116460,80125,4425,48711,3420,57550,44355,48563,116457,12917,2521,20495,13243,10321,245,244,577,44294,1273],"class_list":["post-193703","post","type-post","status-publish","format-standard","has-post-thumbnail","category-tennis","tag-alta","tag-alta-metro","tag-alte","tag-altre","tag-anisimova","tag-arabia","tag-azzurra","tag-coppia","tag-doppio","tag-dovrebbe","tag-eccezione","tag-errani","tag-finale","tag-finals","tag-fisico","tag-fisico-minuto","tag-forti","tag-gauff","tag-grosse","tag-it","tag-italia","tag-italy","tag-jasmine","tag-keys","tag-kostyuk","tag-maestre","tag-metro","tag-minuto","tag-miracolo","tag-paolini","tag-paolini-qualificata","tag-pegula","tag-prime","tag-qualificata","tag-ranking","tag-riad","tag-rybakina","tag-sabalenka","tag-sabalenka-swiatek","tag-scorsi","tag-seconda","tag-semifinali","tag-semplicemente","tag-singolare","tag-sport","tag-sports","tag-stagione","tag-swiatek","tag-tennis"],"share_on_mastodon":{"url":"","error":"Validation failed: Text character limit of 500 exceeded"},"_links":{"self":[{"href":"https:\/\/www.europesays.com\/it\/wp-json\/wp\/v2\/posts\/193703","targetHints":{"allow":["GET"]}}],"collection":[{"href":"https:\/\/www.europesays.com\/it\/wp-json\/wp\/v2\/posts"}],"about":[{"href":"https:\/\/www.europesays.com\/it\/wp-json\/wp\/v2\/types\/post"}],"author":[{"embeddable":true,"href":"https:\/\/www.europesays.com\/it\/wp-json\/wp\/v2\/users\/3"}],"replies":[{"embeddable":true,"href":"https:\/\/www.europesays.com\/it\/wp-json\/wp\/v2\/comments?post=193703"}],"version-history":[{"count":0,"href":"https:\/\/www.europesays.com\/it\/wp-json\/wp\/v2\/posts\/193703\/revisions"}],"wp:featuredmedia":[{"embeddable":true,"href":"https:\/\/www.europesays.com\/it\/wp-json\/wp\/v2\/media\/193704"}],"wp:attachment":[{"href":"https:\/\/www.europesays.com\/it\/wp-json\/wp\/v2\/media?parent=193703"}],"wp:term":[{"taxonomy":"category","embeddable":true,"href":"https:\/\/www.europesays.com\/it\/wp-json\/wp\/v2\/categories?post=193703"},{"taxonomy":"post_tag","embeddable":true,"href":"https:\/\/www.europesays.com\/it\/wp-json\/wp\/v2\/tags?post=193703"}],"curies":[{"name":"wp","href":"https:\/\/api.w.org\/{rel}","templated":true}]}}