{"id":193912,"date":"2025-11-01T05:47:12","date_gmt":"2025-11-01T05:47:12","guid":{"rendered":"https:\/\/www.europesays.com\/it\/193912\/"},"modified":"2025-11-01T05:47:12","modified_gmt":"2025-11-01T05:47:12","slug":"scholes-rivela-nel-2000-linter-mi-offri-una-cifra-enorme-il-mio-piu","status":"publish","type":"post","link":"https:\/\/www.europesays.com\/it\/193912\/","title":{"rendered":"Scholes rivela: &#8220;Nel 2000 l&#8217;Inter mi offr\u00ec una cifra enorme. Il mio pi\u00f9&#8230;&#8221;"},"content":{"rendered":"<p>Intervenuto nel podcast The Overlap, l&#8217;ex centrocampista inglese rivela una grande offerta ricevuta dall&#8217;Inter nell&#8217;estate del 2000<\/p>\n<p>All&#8217;inizio del millennio, Paul Scholes era considerato uno dei migliori centrocampisti in Europa. In quel periodo, pi\u00f9 precisamente nell&#8217;estate del 2000, l&#8217;Inter ha fatto una grande offerta all&#8217;inglese per convincerlo a venire in Italia per vestire la maglia nerazzurra. &#8220;Avevo 25 anni, s\u00ec. L&#8217;Inter voleva darmi 4 milioni di sterline all&#8217;anno, esentasse. All&#8217;epoca, era una cifra enorme. Probabilmente era pi\u00f9 del doppio di quanto guadagnavo allo United&#8221;, rivela Scholes al podcast The Overlap.\u00a0<\/p>\n<p>&#8220;Ricordo di averla vista sul retro del giornale: offerta da 30 milioni di sterline dell&#8217;Inter o qualcosa del genere. Ma non ne ho pi\u00f9 sentito parlare. \u00c8 semplicemente svanita nel nulla. La notizia dell&#8217;offerta era arrivata dall&#8217;agente di Ryan Giggs, Harry Swales che mi disse: &#8220;Vai da Ferguson e chiedi pi\u00f9 soldi&#8221;. \u00c8 la cosa peggiore che abbia mai fatto nella mia vita, mi sono sentito cos\u00ec male&#8221;.<\/p>\n<p>&#8220;Trovai il coraggio e dissi all&#8217;allenatore: &#8220;Penso di meritare pi\u00f9 soldi, o &#8216;Voglio guadagnare di pi\u00f9&#8221;, una cosa del genere. Ferguson tir\u00f2 fuori quel piccolo libro nero che aveva sempre con s\u00e9. Sfogli\u00f2 le pagine per circa cinque minuti. &#8216;No, penso che tu stia bene. Penso che tu sia alla pari con tutti. Va bene&#8217;. Questo era tutto. &#8216;Penso che quello che stai prendendo sia buono, s\u00ec. Va bene, grazie. Ci vediamo dopo&#8217;. Accidenti. Questo \u00e8 la cosa peggiore, \u00e8 il mio pi\u00f9 grande rimpianto nel calcio, aver fatto una cosa del genere&#8221;.<\/p>\n<p class=\"is-copyright\">\u00a9 RIPRODUZIONE RISERVATA<\/p>\n","protected":false},"excerpt":{"rendered":"Intervenuto nel podcast The Overlap, l&#8217;ex centrocampista inglese rivela una grande offerta ricevuta dall&#8217;Inter nell&#8217;estate del 2000 All&#8217;inizio&hellip;\n","protected":false},"author":3,"featured_media":193913,"comment_status":"","ping_status":"","sticky":false,"template":"","format":"standard","meta":{"footnotes":""},"categories":[1452],"tags":[721,5370,116526,3881,1533,7168,1740,2437,1570,350,1537,90,89,1413,116523,12333,4966,2300,114418,112812,116524,1739,245,244,628,116525],"class_list":{"0":"post-193912","1":"post","2":"type-post","3":"status-publish","4":"format-standard","5":"has-post-thumbnail","7":"category-calcio","8":"tag-calcio","9":"tag-cifra","10":"tag-cifra-enorme","11":"tag-enorme","12":"tag-estate","13":"tag-ferguson","14":"tag-football","15":"tag-genere","16":"tag-inglese","17":"tag-inter","18":"tag-it","19":"tag-italia","20":"tag-italy","21":"tag-offerta","22":"tag-overlap","23":"tag-peggiore","24":"tag-penso","25":"tag-podcast","26":"tag-podcast-the","27":"tag-rivela","28":"tag-scholes","29":"tag-soccer","30":"tag-sport","31":"tag-sports","32":"tag-the","33":"tag-the-overlap"},"share_on_mastodon":{"url":"https:\/\/pubeurope.com\/@it\/115472868571590184","error":""},"_links":{"self":[{"href":"https:\/\/www.europesays.com\/it\/wp-json\/wp\/v2\/posts\/193912","targetHints":{"allow":["GET"]}}],"collection":[{"href":"https:\/\/www.europesays.com\/it\/wp-json\/wp\/v2\/posts"}],"about":[{"href":"https:\/\/www.europesays.com\/it\/wp-json\/wp\/v2\/types\/post"}],"author":[{"embeddable":true,"href":"https:\/\/www.europesays.com\/it\/wp-json\/wp\/v2\/users\/3"}],"replies":[{"embeddable":true,"href":"https:\/\/www.europesays.com\/it\/wp-json\/wp\/v2\/comments?post=193912"}],"version-history":[{"count":0,"href":"https:\/\/www.europesays.com\/it\/wp-json\/wp\/v2\/posts\/193912\/revisions"}],"wp:featuredmedia":[{"embeddable":true,"href":"https:\/\/www.europesays.com\/it\/wp-json\/wp\/v2\/media\/193913"}],"wp:attachment":[{"href":"https:\/\/www.europesays.com\/it\/wp-json\/wp\/v2\/media?parent=193912"}],"wp:term":[{"taxonomy":"category","embeddable":true,"href":"https:\/\/www.europesays.com\/it\/wp-json\/wp\/v2\/categories?post=193912"},{"taxonomy":"post_tag","embeddable":true,"href":"https:\/\/www.europesays.com\/it\/wp-json\/wp\/v2\/tags?post=193912"}],"curies":[{"name":"wp","href":"https:\/\/api.w.org\/{rel}","templated":true}]}}