{"id":194076,"date":"2025-11-01T08:37:16","date_gmt":"2025-11-01T08:37:16","guid":{"rendered":"https:\/\/www.europesays.com\/it\/194076\/"},"modified":"2025-11-01T08:37:16","modified_gmt":"2025-11-01T08:37:16","slug":"tatuaggi-nel-calcio-spalletti-napoli-mourinho-pioli","status":"publish","type":"post","link":"https:\/\/www.europesays.com\/it\/194076\/","title":{"rendered":"Tatuaggi nel calcio: Spalletti-Napoli, Mourinho, Pioli"},"content":{"rendered":"<p class=\"paragraph\" spellcheck=\"true\">Negli ultimi vent\u2019anni il calciatore &#8211; ma di recente anche l\u2019allenatore &#8211; \u00e8 diventato una expo di tatuaggi spalmata su braccia, colli, caviglie, schiene, toraci, cosce, dita poich\u00e9 fin che c\u2019\u00e8 pelle c\u2019\u00e8 speranza e spazio per un tattoo. Si tratta di una vetrina da rivendicare, perch\u00e9 \u00e8 storia scritta sulla propria pelle. E da esibire con orgoglio, quasi sempre. Quasi. Esistono infatti tatuaggi che a un certo punto, per il giro di vento delle carriere e dei destini, diventano &#8211; precisiamo: spesso senza che i tenutari ne abbiano colpa &#8211; scomodi e inopportuni, quindi contestati, infine oggetto di dibattito.<\/p>\n","protected":false},"excerpt":{"rendered":"Negli ultimi vent\u2019anni il calciatore &#8211; ma di recente anche l\u2019allenatore &#8211; \u00e8 diventato una expo di tatuaggi&hellip;\n","protected":false},"author":3,"featured_media":194077,"comment_status":"","ping_status":"","sticky":false,"template":"","format":"standard","meta":{"footnotes":"","_share_on_mastodon":"0"},"categories":[176],"tags":[19104,116636,116637,579,116638,116639,506,116640,116641,106697,116642,116643,1960,3357,3358,28157,588,2281,1952,721,10534,82511,1048,104,1061,554,10216,2905,24939,7881,3257,8250,1108,3085,8628,8920,116631,7378,1537,90,89,558,102700,116632,248,1312,23436,3531,477,2755,9608,494,860,116633,987,18147,116634,22933,6072,24806,8041,245,244,1567,2667,2663,116630,116629,116635,906,82204,6713,443,33723,2200],"class_list":["post-194076","post","type-post","status-publish","format-standard","has-post-thumbnail","category-sport","tag-accade","tag-accade-jose","tag-accade-jose-mourinho","tag-accordo","tag-accordo-alt","tag-accordo-alt-fermi","tag-accusa","tag-accusa-tratta","tag-accusa-tratta-leoni","tag-afflato","tag-afflato-umilta","tag-afflato-umilta-punto","tag-allenatore","tag-arabia","tag-arabia-saudita","tag-braccia","tag-braccio","tag-calciatore","tag-calciatori","tag-calcio","tag-cancellato","tag-canio","tag-causa","tag-centro","tag-chiesto","tag-club","tag-collo","tag-colpa","tag-coppe","tag-data","tag-destro","tag-diego","tag-dio","tag-europa","tag-farsi","tag-infine","tag-inopportuni","tag-insomma","tag-it","tag-italia","tag-italy","tag-juventus","tag-mulino","tag-mulino-vento","tag-napoli","tag-numero","tag-pelle","tag-pioli","tag-politica","tag-porto","tag-propria","tag-punto","tag-questione","tag-rimuoverli","tag-roma","tag-saudita","tag-scomodi","tag-scritta","tag-scudetto","tag-spalletti","tag-spazio","tag-sport","tag-sports","tag-storia","tag-tatuaggi","tag-tatuaggio","tag-tatuare","tag-tatuato","tag-tenutari","tag-tratta","tag-trionfi","tag-venne","tag-vento","tag-vesuvio","tag-vinto"],"share_on_mastodon":{"url":"","error":"Validation failed: Text character limit of 500 exceeded"},"_links":{"self":[{"href":"https:\/\/www.europesays.com\/it\/wp-json\/wp\/v2\/posts\/194076","targetHints":{"allow":["GET"]}}],"collection":[{"href":"https:\/\/www.europesays.com\/it\/wp-json\/wp\/v2\/posts"}],"about":[{"href":"https:\/\/www.europesays.com\/it\/wp-json\/wp\/v2\/types\/post"}],"author":[{"embeddable":true,"href":"https:\/\/www.europesays.com\/it\/wp-json\/wp\/v2\/users\/3"}],"replies":[{"embeddable":true,"href":"https:\/\/www.europesays.com\/it\/wp-json\/wp\/v2\/comments?post=194076"}],"version-history":[{"count":0,"href":"https:\/\/www.europesays.com\/it\/wp-json\/wp\/v2\/posts\/194076\/revisions"}],"wp:featuredmedia":[{"embeddable":true,"href":"https:\/\/www.europesays.com\/it\/wp-json\/wp\/v2\/media\/194077"}],"wp:attachment":[{"href":"https:\/\/www.europesays.com\/it\/wp-json\/wp\/v2\/media?parent=194076"}],"wp:term":[{"taxonomy":"category","embeddable":true,"href":"https:\/\/www.europesays.com\/it\/wp-json\/wp\/v2\/categories?post=194076"},{"taxonomy":"post_tag","embeddable":true,"href":"https:\/\/www.europesays.com\/it\/wp-json\/wp\/v2\/tags?post=194076"}],"curies":[{"name":"wp","href":"https:\/\/api.w.org\/{rel}","templated":true}]}}