{"id":194184,"date":"2025-11-01T10:03:14","date_gmt":"2025-11-01T10:03:14","guid":{"rendered":"https:\/\/www.europesays.com\/it\/194184\/"},"modified":"2025-11-01T10:03:14","modified_gmt":"2025-11-01T10:03:14","slug":"motori-fragili-e-aerei-nuovi-gia-smantellati-viaggio-nella-piu-grande-e-lunga-crisi-dellaviazione","status":"publish","type":"post","link":"https:\/\/www.europesays.com\/it\/194184\/","title":{"rendered":"Motori fragili e aerei nuovi gi\u00e0 smantellati, viaggio nella pi\u00f9 grande (e lunga) crisi dell\u2019aviazione"},"content":{"rendered":"<p>    di<br \/>\n    Leonard Berberi<\/p>\n<p class=\"summary-art is-line-h-12 is-mr-t-20\">A ottobre quasi la met\u00e0 degli A320neo con i motori Pratt&amp;Whitney \u00e8 ferma per le ispezioni. Scatta la corsa a trovare altri motori ed \u00e8 boom di acquisto dei velivoli vecchi ma pi\u00f9 affidabili<\/p>\n<p class=\"chapter-paragraph\">Quattro Airbus A320neo, con motori quasi nuovi di zecca, non esistono pi\u00f9. Nelle settimane passate sono stati smantellati nel piccolo aeroporto francese di Tarbes, ai piedi dei Pirenei. Da ciascuno sono state recuperate 1.400 parti piazzate subito nel mercato dei ricambi. Dove, assicurano gli addetti ai lavori, porteranno nelle casse delle societ\u00e0 specializzate pi\u00f9 denaro di quanto avrebbero fatto rivendendo i jet integralmente. Un quinto velivolo sempre \u00abgiovane\u00bb sar\u00e0 fatto a pezzi nelle Filippine. Mentre un Airbus A220 \u00e8 stato messo da parte, smontato e i componenti venduti ai migliori offerenti a giugno.<\/p>\n<p>    Jet\u00a0\u00abcannibalizzati\u00bb<\/p>\n<p class=\"chapter-paragraph\">La peggior crisi dell\u2019aviazione sta tutta qui. Nella distruzione di velivoli di ultima generazione, destinati a volare per altri 20-25 anni, e invece gi\u00e0 \u00abcannibalizzati\u00bb per far decollare altri aerei moderni a terra da settimane \u2014 e mesi \u2014 per una penuria senza precedenti in particolare di motori che consumano s\u00ec poco, ma che si stanno rivelando fragili a tal punto da richiedere manutenzioni straordinarie, lunghe fino a un anno. Un po\u2019 di respiro lo si avr\u00e0, secondo i maggiori esperti, tra un decennio. \u00ab\u00c8 come prendere una Tesla, portarla in officina, smantellarla e usare il motore sull\u2019altra Tesla quasi nuova\u00bb, racconta al Corriere il ceo di un vettore europeo.    &#13;<br \/>\n&#13;<br \/>\n&#13;<br \/>\n&#13;<br \/>\n&#13;<br \/>\n&#13;<br \/>\n&#13;<br \/>\n&#13;<br \/>\n&#13;<br \/>\n&#13;<br \/>\n&#13;<br \/>\n&#13;<br \/>\n&#13;<br \/>\n&#13;<br \/>\n&#13;<br \/>\n&#13;<br \/>\n&#13;<br \/>\n&#13;<br \/>\n&#13;<br \/>\n&#13;<br \/>\n&#13;<br \/>\n&#13;<br \/>\n&#13;<br \/>\n&#13;<br \/>\n&#13;<br \/>\n&#13;<br \/>\n&#13;<br \/>\n&#13;<br \/>\n&#13;<br \/>\n&#13;<br \/>\n&#13;<br \/>\n&#13;<br \/>\n&#13;<br \/>\n&#13;<br \/>\n&#13;<br \/>\n&#13;<br \/>\n&#13;<br \/>\n&#13;<br \/>\n&#13;<br \/>\n&#13;<br \/>\n&#13;<br \/>\n&#13;<br \/>\n&#13;<br \/>\n&#13;<br \/>\n&#13;<br \/>\n&#13;<br \/>\n&#13;<br \/>\n&#13;<br \/>\n&#13;<br \/>\n&#13;<br \/>\n&#13;<br \/>\n&#13;<br \/>\n&#13;\n<\/p>\n<p>    I PW1100G<\/p>\n<p class=\"chapter-paragraph\">I quattro A320neo smantellati \u2014 consegnati nel 2017 alla low cost indiana Go First (poi fallita) e fermi da luglio 2023 \u2014 erano stati ricomprati lo scorso gennaio dalla societ\u00e0 specializzata nei pezzi di ricambio AerFin assieme a un non meglio identificato \u00abinvestitore mediorientale\u00bb. L\u2019A220, invece, aveva cinque anni ed \u00e8 stato usato per un po\u2019 da EgyptAir fino a quando \u00e8 stato possibile. Erano tutti dotati di motori modello PW1000G (nelle varianti PW1100G, 1500G, 1900G).<\/p>\n<p>    L\u2019allarme nel 2023<\/p>\n<p class=\"chapter-paragraph\">Nel 2023 Pratt&amp;Whitney, il costruttore dei motori, ha comunicato che su queste tre varianti \u2014 che promettono di ridurre il consumo di cherosene del 15-20% rispetto ai propulsori della precedente generazione \u2014 era stato individuato un raro difetto nella polvere metallica utilizzata nella produzione tra la fine del 2015 e il terzo trimestre del 2021. Difetto che potrebbe causare crepe nei componenti. A quel punto \u00e8 stato deciso di ispezionare 600-700 motori \u2014 montati sugli A220, A320neo\/A321neo, gli Embraer E2 \u2014 \u00abentro il 2026\u00bb. E con tempi di lavorazione lunghissimi, saliti mano a mano a 300 giorni.<\/p>\n<p>    Due modelli<\/p>\n<p class=\"chapter-paragraph\">I velivoli coinvolti, a corridoio singolo, sono tra i pi\u00f9 utilizzati ogni giorno. La \u00abfamiglia\u00bb degli A320 (che include gli A318, A319, A320, A321) \u00e8 quella pi\u00f9 presente nelle flotte. E l\u2019A320, segnala la societ\u00e0 di consulenza Oliver Wyman, \u00e8 \u00abl\u2019unico modello a fusoliera stretta attualmente in produzione che offre una scelta di motorizzazione\u00bb tra il modello PW1000G e Leap-1A\/1B, realizzati dal consorzio franco-americano GE Aviation-Safran.<\/p>\n<p>    L\u2019impatto sui velivoli<\/p>\n<p class=\"chapter-paragraph\">Secondo i dati forniti al Corriere dalla piattaforma specializzata Cirium su oltre 20 mila velivoli a corridoio singolo uno su dieci \u00e8 a terra. E se una quota di macchine ferme \u00e8 fisiologica (attorno al 3-5%) per manutenzione programmata e riparazioni, sono in particolare gli aerei alimentati dai PW1100G\/1500G\/1900G ad avere i problemi maggiori: a ottobre oltre il 30% di questi velivoli \u00e8 a terra. Un record. Che tocca livelli quasi surreali sugli A320neo: quasi la met\u00e0 (circa il 47%) \u00e8 fermo da pi\u00f9 di un mese.<\/p>\n<p>    I vettori coinvolti<\/p>\n<p class=\"chapter-paragraph\">Non c\u2019\u00e8 compagnia che non stia subendo le conseguenze. Dalla low cost indiana IndiGo a quella europea Wizz Air, dal vettore di bandiera Ita Airways \u2014 <a href=\"https:\/\/www.corriere.it\/economia\/trasporti\/aerei\/25_settembre_21\/ita-airways-il-ceo-eberhart-i-conti-migliorano-il-pareggio-e-vicino-ma-abbiamo-troppi-aerei-fermi-1af60b3f-8e3a-4864-9df9-0a2779fefxlk.shtml\" rel=\"nofollow noopener\" target=\"_blank\">come ha raccontato in un\u2019intervista il ceo Joerg Eberhart<\/a> \u2014 alla statunitense Spirit, finita per la seconda volta in pochi mesi in amministrazione controllata anche per i troppi aerei fermi. La lettone AirBaltic (che ha una flotta di soli A220) ne ha prestati alcuni a Swiss, ma spesso si ritrova a dover gestire fermi macchina. EgyptAir si \u00e8 disfatta degli A220, Air Austral ha interrotto le operazioni con lo stesso velivolo. E la stessa Swiss ha deciso di fermare per un anno e mezzo i suoi nove A220-100 i cui motori potranno essere utilizzati per il pi\u00f9 grande A220-300.<\/p>\n<p>    Il mercato dei ricambi<\/p>\n<p class=\"chapter-paragraph\">La situazione \u00e8 talmente grave che in alcuni casi i motori arrivano ad essere venduti come singoli pezzi di ricambio anche a 20 milioni di dollari ciascuno, cio\u00e8 pi\u00f9 dello stesso aereo. Schizzano anche i noleggi dei soli propulsori, toccando i 200 mila dollari al mese (a pezzo), pi\u00f9 del canone di leasing dell\u2019intero jet. Chi, come easyJet, ha scelto di installare sugli A320\/A321neo altri motori, i Leap-1A e 1B, realizzati dal consorzio franco-americano GE Aviation-Safran, non ha avuto criticit\u00e0: al momento \u00e8 a terra circa il 4% dei velivoli su scala globale.<\/p>\n<p>    Flotte pi\u00f9 vecchie<\/p>\n<p class=\"chapter-paragraph\">\u00abMi sembra evidente che qualcosa non va\u00bb, commenta Willie Walsh, direttore generale della Iata, la principale associazione internazionale delle aviolinee. Nei giorni scorsi l\u2019organizzazione ha stimato in 11 miliardi di dollari i costi dovuti alle interruzioni della catena di fornitura per quest\u2019anno: 2,6 miliardi attribuiti ai problemi con i motori. Che non \u00e8 soltanto una questione tecnica. Meno aerei del previsto costringono a ridurre le operazioni e a non soddisfare la domanda di viaggio. E anche a tenere pi\u00f9 a lungo i velivoli di vecchia generazione che inquinano di pi\u00f9.<\/p>\n<p>    \u00abNuova tecnologia che dura meno\u00bb<\/p>\n<p class=\"chapter-paragraph\">\u00abI nuovi motori sono veri e propri capolavori ingegneristici. Volano pi\u00f9 lontano, consumano meno carburante, possono trasportare di pi\u00f9. Ma sono fragili\u00bb, ha commentato durante  un\u2019intervista alla tv statunitense Cnbc Aengus Kelly, ceo di AerCap, principale societ\u00e0 di leasing degli aerei. \u00abNon durano quanto i modelli precedenti e questo significa che devono essere riparati pi\u00f9 spesso e restano pi\u00f9 a lungo in hangar. E poich\u00e9 i motori vengono smontati pi\u00f9 spesso e prima del previsto, si consuma pi\u00f9 rapidamente la disponibilit\u00e0 di pezzi in magazzino\u00bb.<\/p>\n<p>        <img decoding=\"async\" class=\"is_full_image\" loading=\"lazy\" alt=\"Motori fragili e aerei nuovi gi\u00e0 smantellati, viaggio nella pi\u00f9 grande (e lunga) crisi dell\u2019aviazione\" src=\"https:\/\/www.europesays.com\/it\/wp-content\/uploads\/2025\/11\/6903b8418ef30.jpeg\" data-full-src=\"https:\/\/www.europesays.com\/it\/wp-content\/uploads\/2025\/11\/6903b8418ef30.jpeg\"\/><\/p>\n<p>    Un mercato stravolto<\/p>\n<p class=\"chapter-paragraph\">\u00abNon c\u2019\u00e8 alcun problema di sicurezza\u00bb, ha rassicurato Kelly. \u00abMa la catena di approvvigionamento gi\u00e0 sotto pressione ora lo \u00e8 di pi\u00f9. E questa situazione non cambier\u00e0 per almeno i prossimi dieci anni\u00bb. Tant\u2019\u00e8 vero che, rivela, \u00abnon abbiamo mai visto una situazione come questa: met\u00e0 degli aerei usati che vendiamo li comprano le aviolinee, quando storicamente era il 15-20% perch\u00e9 normalmente li comprano aziende che i jet li smontano\u00bb. I vettori si sono messi ad acquistare versioni meno moderne \u00abperch\u00e9 sanno che quelli con la tecnologia attuale arriveranno in ritardo o non resteranno in servizio quanto previsto. Quindi, per soddisfare la domanda, devono usare esemplari pi\u00f9 vecchi\u00bb.<\/p>\n<p>    Magazzini svuotati<\/p>\n<p class=\"chapter-paragraph\">\u00abOggi, aerei a met\u00e0 vita operativa e persino modelli pi\u00f9 giovani vengono ritirati e smantellati \u2014 non perch\u00e9 abbiano deluso le aspettative, ma perch\u00e9 possono generare pi\u00f9 valore altrove\u00bb, commenta Simon Goodson, ceo di AerFin, parlando dello smantellamento degli A320neo sui suoi profili social. \u00abVelivoli come l\u2019A320neo non sono stati pensati per arrivare alla fase di smantellamento cos\u00ec presto nel loro ciclo di vita\u00bb, prosegue. E i pezzi ottenuti \u00abnon restano in magazzino: rientrano immediatamente nel mercato\u00bb. Tanto \u00e8 forte (a volte disperata) la richiesta.<\/p>\n<p>    Sui Boeing 787<\/p>\n<p class=\"chapter-paragraph\">Il problema dei motori, a sentire i capi delle compagnie aeree, riguarda pure i jet utilizzati sui collegamenti intercontinentali, come i Boeing 787. In misura minore, ma per una diversa pianificazione degli interventi che non prevede il fermo quasi immediato. \u00abQuelli motorizzati Rolls-Royce vedono delle componenti modificate e approvate dai regolatori, come l\u2019introduzione sul motore esistente di nuove palette e un nuovo sistema di software\u00bb, dice al Corriere Carlo Stradiotti, ceo di Neos, vettore italiano che usa i questi Boeing per i voli di lungo raggio.<\/p>\n<p>    Le tempistiche<\/p>\n<p class=\"chapter-paragraph\">\u00abL\u2019aggiornamento richieder\u00e0 18-24 mesi per il completamento, man mano che i motori in essere vanno in revisione\u00bb, calcola. Stradiotti conferma la \u00abscarsit\u00e0 di motori sul mercato che sta condizionando l\u2019utilizzazione delle macchine che volano sotto i livelli per cui sono state effettivamente disegnate\u00bb. \u00abIn prospettiva per il 2026 il rischio \u00e8 che il 20% dell\u2019offerta complessiva di posti sui Boeing 787 non sia disponibile o per i fermi programmati, anche lunghi, o per indisponibilit\u00e0 pi\u00f9 brevi\u00bb, prosegue.<\/p>\n<p>    Le prestazioni non previste<\/p>\n<p class=\"chapter-paragraph\">Ma come \u00e8 possibile che questi motori nuovi si stiano rivelando cos\u00ec fragili? \u00abQuelli dei 787 devono tenere al loro interno quanta pi\u00f9 temperatura possibile, non dissiparla all\u2019esterno per una questione di efficienza termica\u00bb, semplifica il ceo di Neos. \u00abMa cos\u00ec sottopongono alcune parti a degli stress che si rivelano essere superiori a quelli previsti in sede di disegno\u00bb. Il manager poi attacca: \u00abQuesto progresso tecnologico gli operatori non l\u2019hanno mica visto. Gli aerei consumano di meno, \u00e8 vero, ma se considerano sia il costo di capitale sia quelli di manutenzione ed ecco che i nuovi jet risultano pi\u00f9 dispendiosi di quelli della generazione precedente\u00bb.<\/p>\n<p>    Problemi per un decennio<\/p>\n<p class=\"chapter-paragraph\">\u00abA scuola ci hanno insegnato che col salto tecnologico era tutto pi\u00f9 bello, in questo caso non sembra essere vero\u00bb, si sfoga Stradiotti. \u00abMolti nel settore si stanno facendo questa domanda: ne \u00e8 valsa la pena?\u00bb, si chiede Kelly, ceo di AerCap, riferendosi agli investimenti sui nuovi motori. \u00abQuesti aerei sono pi\u00f9 costosi. S\u00ec, sono pi\u00f9 efficienti. Ma poi ci sono i costi di manutenzione, i tempi di inattivit\u00e0, la complessit\u00e0 delle operazioni. Io credo che, nel lungo periodo, la chiave sar\u00e0 la capacit\u00e0 di migliorare la durata dei motori\u00bb.<\/p>\n<p><a class=\"chiedi-esperto-box\" href=\"https:\/\/www.corriere.it\/economia\/chiedi-esperto\/fai-una-domanda\/\" rel=\"nofollow noopener\" target=\"_blank\"><img decoding=\"async\" src=\"https:\/\/www.europesays.com\/it\/wp-content\/uploads\/2025\/10\/box_esperto_dsk.png\" alt=\"Chiedi agli esperti\"\/><\/a><\/p>\n<p class=\"is-last-update\" datetime=\"2025-11-01T08:53:30+01:00\">1 novembre 2025 ( modifica il 1 novembre 2025 | 08:53)<\/p>\n<p class=\"is-copyright\">\n            \u00a9 RIPRODUZIONE RISERVATA\n        <\/p>\n","protected":false},"excerpt":{"rendered":"di Leonard Berberi A ottobre quasi la met\u00e0 degli A320neo con i motori Pratt&amp;Whitney \u00e8 ferma per le&hellip;\n","protected":false},"author":3,"featured_media":194185,"comment_status":"","ping_status":"","sticky":false,"template":"","format":"standard","meta":{"footnotes":""},"categories":[160],"tags":[116797,4112,116798,6208,10419,536,116799,116800,116801,116802,40736,113576,10420,116803,11474,1423,116804,116805,13746,18413,3857,55259,38265,116806,116807,116795,14183,14195,4864,33569,116808,3524,7714,116809,14,164,165,3989,3059,822,5316,31021,3761,2341,116810,6935,541,116811,65309,643,116812,116813,116814,116815,116816,1597,8301,1282,6332,3179,116817,116818,116819,14707,33581,33582,116820,2736,1212,9737,962,21295,1412,116821,3783,3334,5919,2506,166,1309,4628,116822,116823,7,15,273,4483,19086,892,893,5262,1316,14332,116824,4565,3522,116825,116826,6427,4566,29031,1291,3277,786,116794,1359,116796,3185,11,167,12,168,109112,15147,5489,20752,161,162,163],"class_list":{"0":"post-194184","1":"post","2":"type-post","3":"status-publish","4":"format-standard","5":"has-post-thumbnail","7":"category-mondo","8":"tag-aercap","9":"tag-aerei","10":"tag-aerfin","11":"tag-air","12":"tag-airbus","13":"tag-americano","14":"tag-americano-ge","15":"tag-americano-ge-aviation","16":"tag-aviation","17":"tag-aviation-safran","18":"tag-aviazione","19":"tag-aviolinee","20":"tag-boeing","21":"tag-cannibalizzati","22":"tag-catena","23":"tag-ceo","24":"tag-ceo-aercap","25":"tag-ceo-neos","26":"tag-coinvolti","27":"tag-commenta","28":"tag-componenti","29":"tag-comprano","30":"tag-consorzio","31":"tag-consorzio-franco","32":"tag-consorzio-franco-americano","33":"tag-consumano","34":"tag-corridoio","35":"tag-corridoio-singolo","36":"tag-corriere","37":"tag-cost","38":"tag-cost-indiana","39":"tag-costi","40":"tag-crisi","41":"tag-crisi-aviazione","42":"tag-cronaca","43":"tag-dal-mondo","44":"tag-dalmondo","45":"tag-decennio","46":"tag-deciso","47":"tag-devono","48":"tag-dieci","49":"tag-difetto","50":"tag-dollari","51":"tag-domanda","52":"tag-egyptair","53":"tag-fermi","54":"tag-fermo","55":"tag-flotte","56":"tag-fragili","57":"tag-franco","58":"tag-franco-americano","59":"tag-franco-americano-ge","60":"tag-ge","61":"tag-ge-aviation","62":"tag-ge-aviation-safran","63":"tag-generazione","64":"tag-indiana","65":"tag-intervista","66":"tag-jet","67":"tag-kelly","68":"tag-kelly-ceo","69":"tag-kelly-ceo-aercap","70":"tag-leasing","71":"tag-livelli","72":"tag-low","73":"tag-low-cost","74":"tag-low-cost-indiana","75":"tag-macchine","76":"tag-magazzino","77":"tag-maggiori","78":"tag-mano","79":"tag-manutenzione","80":"tag-mercato","81":"tag-mercato-ricambi","82":"tag-mese","83":"tag-meta","84":"tag-modelli","85":"tag-modello","86":"tag-mondo","87":"tag-motore","88":"tag-motori","89":"tag-motori-nuovi","90":"tag-neos","91":"tag-news","92":"tag-notizie","93":"tag-nuova","94":"tag-nuovi","95":"tag-nuovi-motori","96":"tag-operazioni","97":"tag-ottobre","98":"tag-parti","99":"tag-particolare","100":"tag-pezzi","101":"tag-pezzi-ricambio","102":"tag-possibile","103":"tag-possono","104":"tag-pratt","105":"tag-pratt-whitney","106":"tag-precedente","107":"tag-precedenti","108":"tag-previsto","109":"tag-principale","110":"tag-problemi","111":"tag-situazione","112":"tag-smantellati","113":"tag-societa","114":"tag-stradiotti","115":"tag-terra","116":"tag-ultime-notizie","117":"tag-ultime-notizie-di-mondo","118":"tag-ultimenotizie","119":"tag-ultimenotiziedimondo","120":"tag-utilizzati","121":"tag-velivoli","122":"tag-vero","123":"tag-vettore","124":"tag-world","125":"tag-world-news","126":"tag-worldnews"},"share_on_mastodon":{"url":"","error":"Validation failed: Text character limit of 500 exceeded"},"_links":{"self":[{"href":"https:\/\/www.europesays.com\/it\/wp-json\/wp\/v2\/posts\/194184","targetHints":{"allow":["GET"]}}],"collection":[{"href":"https:\/\/www.europesays.com\/it\/wp-json\/wp\/v2\/posts"}],"about":[{"href":"https:\/\/www.europesays.com\/it\/wp-json\/wp\/v2\/types\/post"}],"author":[{"embeddable":true,"href":"https:\/\/www.europesays.com\/it\/wp-json\/wp\/v2\/users\/3"}],"replies":[{"embeddable":true,"href":"https:\/\/www.europesays.com\/it\/wp-json\/wp\/v2\/comments?post=194184"}],"version-history":[{"count":0,"href":"https:\/\/www.europesays.com\/it\/wp-json\/wp\/v2\/posts\/194184\/revisions"}],"wp:featuredmedia":[{"embeddable":true,"href":"https:\/\/www.europesays.com\/it\/wp-json\/wp\/v2\/media\/194185"}],"wp:attachment":[{"href":"https:\/\/www.europesays.com\/it\/wp-json\/wp\/v2\/media?parent=194184"}],"wp:term":[{"taxonomy":"category","embeddable":true,"href":"https:\/\/www.europesays.com\/it\/wp-json\/wp\/v2\/categories?post=194184"},{"taxonomy":"post_tag","embeddable":true,"href":"https:\/\/www.europesays.com\/it\/wp-json\/wp\/v2\/tags?post=194184"}],"curies":[{"name":"wp","href":"https:\/\/api.w.org\/{rel}","templated":true}]}}