{"id":194188,"date":"2025-11-01T10:05:12","date_gmt":"2025-11-01T10:05:12","guid":{"rendered":"https:\/\/www.europesays.com\/it\/194188\/"},"modified":"2025-11-01T10:05:12","modified_gmt":"2025-11-01T10:05:12","slug":"stermino-la-famiglia-nel-1998-elia-del-grande-fugge-da-comunita","status":"publish","type":"post","link":"https:\/\/www.europesays.com\/it\/194188\/","title":{"rendered":"Stermin\u00f2 la famiglia nel 1998, Elia\u00a0Del Grande fugge da comunit\u00e0"},"content":{"rendered":"<p>Elia\u00a0Del\u00a0Grande, condannato a trent&#8217;anni di carcere per la cosiddetta \u201cstrage dei fornai\u201d, quando, il 7 gennaio 1998 all&#8217;et\u00e0 di 22 anni stermin\u00f2 la sua famiglia uccidendo padre, madre e fratello a Cadrezzate nel Varesotto, si \u00e8 allontanato dalla casa lavoro di Castelfranco Emilia, in provincia di Modena, facendo perdere le sue tracce. Del\u00a0Grande, oggi 49 anni, era destinatario di una misura di sicurezza poich\u00e9 ritenuto socialmente pericoloso e avrebbe dovuto trascorrere sei mesi nella struttura fino ad una nuova valutazione. Le ricerche\u00a0del\u00a0fuggitivo si concentrano anche nel Varesotto e in Sardegna.\u00a0<\/p>\n<p>\t\t \tRitenuto socialmente pericoloso<\/p>\n<p>Per il triplice omicidio,\u00a0Del\u00a0Grande\u00a0era gi\u00e0 uscito dal carcere dopo aver scontato 25 anni di carcere. I giudici\u00a0del\u00a0tribunale di Sorveglianza lo hanno messo in libert\u00e0 vigilata perch\u00e9 ritenuto socialmente pericoloso, a fronte di furti ed episodi di molestie al vicinato, decidendo per lui la misura\u00a0del\u00a0collocamento nella casa-lavoro\u00a0del\u00a0Modenese, dove si trova da a settembre.\u00a0 \u00a0\u00a0<\/p>\n<p>La fuga e le ricerche<\/p>\n<p>La fuga \u00e8 avvenuta nei giorni scorsi:\u00a0Del\u00a0Grande\u00a0ha scavalcato un muro e si \u00e8 dileguato. Ora indagano carabinieri e penitenziaria per rintracciarlo. A Cadrezzate,\u00a0Del\u00a0Grande\u00a0uccise 27 anni fa il padre Enea, 58 anni, la madre Alida, 53, ed il fratello Enrico, 27, in casa a colpi di fucile. La famiglia era molto conosciuta in zona poich\u00e9 titolare di una nota forneria.\u00a0Del\u00a0Grande\u00a0uccise padre, madre e fratello per contrasti legati alla sua frequentazione con una ragazza di Santo Domingo.<\/p>\n<p>\t\t\t<a class=\"c-inline-card j-inline-card c-inline-card--with-image\" href=\"https:\/\/tg24.sky.it\/cronaca\/2024\/09\/01\/omicidi-figli-genitori\" rel=\"follow nofollow noopener\" data-intcmp=\"skytg24_articolo_approfondimenti_inline\" target=\"_blank\"><\/p>\n<p>\t\t\t         <img decoding=\"async\" crossorigin=\"anonymous\" alt=\"pietro maso, sorelle zani, benno neumair, erika de nardo e il fidanzato omar\" src=\"https:\/\/www.europesays.com\/it\/wp-content\/uploads\/2025\/11\/omicidi_hero.jpg\"  loading=\"lazy\"  bad-src=\"https:\/\/www.europesays.com\/it\/wp-content\/uploads\/2025\/11\/omicidi_hero.jpg\"\/><\/p>\n<p>\n\t\t\t         Vedi anche<br \/>\n\t\t\t         Omicidi in famiglia, quando i figli uccidono i genitori\n\t\t\t      <\/p>\n<p>\t\t\t<\/a><\/p>\n","protected":false},"excerpt":{"rendered":"Elia\u00a0Del\u00a0Grande, condannato a trent&#8217;anni di carcere per la cosiddetta \u201cstrage dei fornai\u201d, quando, il 7 gennaio 1998 all&#8217;et\u00e0&hellip;\n","protected":false},"author":3,"featured_media":194189,"comment_status":"","ping_status":"","sticky":false,"template":"","format":"standard","meta":{"footnotes":""},"categories":[6],"tags":[14,369,10062,1909,2242,8,1537,90,89,7,15,82,9,83,10,2639,11990,24924,13,11,80,84,12,81,85,4103],"class_list":{"0":"post-194188","1":"post","2":"type-post","3":"status-publish","4":"format-standard","5":"has-post-thumbnail","7":"category-ultime-notizie","8":"tag-cronaca","9":"tag-digitall","10":"tag-evasione","11":"tag-famiglia","12":"tag-fuga","13":"tag-headlines","14":"tag-it","15":"tag-italia","16":"tag-italy","17":"tag-news","18":"tag-notizie","19":"tag-notizie-di-cronaca","20":"tag-notizie-principali","21":"tag-notiziedicronaca","22":"tag-notizieprincipali","23":"tag-omicidi","24":"tag-strage","25":"tag-stragi","26":"tag-titoli","27":"tag-ultime-notizie","28":"tag-ultime-notizie-di-cronaca","29":"tag-ultime-notizie-e-news-di-oggi","30":"tag-ultimenotizie","31":"tag-ultimenotiziedicronaca","32":"tag-ultimenotizieenewsdioggi","33":"tag-varese"},"share_on_mastodon":{"url":"https:\/\/pubeurope.com\/@it\/115473883013055614","error":""},"_links":{"self":[{"href":"https:\/\/www.europesays.com\/it\/wp-json\/wp\/v2\/posts\/194188","targetHints":{"allow":["GET"]}}],"collection":[{"href":"https:\/\/www.europesays.com\/it\/wp-json\/wp\/v2\/posts"}],"about":[{"href":"https:\/\/www.europesays.com\/it\/wp-json\/wp\/v2\/types\/post"}],"author":[{"embeddable":true,"href":"https:\/\/www.europesays.com\/it\/wp-json\/wp\/v2\/users\/3"}],"replies":[{"embeddable":true,"href":"https:\/\/www.europesays.com\/it\/wp-json\/wp\/v2\/comments?post=194188"}],"version-history":[{"count":0,"href":"https:\/\/www.europesays.com\/it\/wp-json\/wp\/v2\/posts\/194188\/revisions"}],"wp:featuredmedia":[{"embeddable":true,"href":"https:\/\/www.europesays.com\/it\/wp-json\/wp\/v2\/media\/194189"}],"wp:attachment":[{"href":"https:\/\/www.europesays.com\/it\/wp-json\/wp\/v2\/media?parent=194188"}],"wp:term":[{"taxonomy":"category","embeddable":true,"href":"https:\/\/www.europesays.com\/it\/wp-json\/wp\/v2\/categories?post=194188"},{"taxonomy":"post_tag","embeddable":true,"href":"https:\/\/www.europesays.com\/it\/wp-json\/wp\/v2\/tags?post=194188"}],"curies":[{"name":"wp","href":"https:\/\/api.w.org\/{rel}","templated":true}]}}