{"id":194310,"date":"2025-11-01T11:52:10","date_gmt":"2025-11-01T11:52:10","guid":{"rendered":"https:\/\/www.europesays.com\/it\/194310\/"},"modified":"2025-11-01T11:52:10","modified_gmt":"2025-11-01T11:52:10","slug":"giustizia-dove-e-prevista-e-come-funziona-la-separazione-delle-carriere-negli-altri-paesi","status":"publish","type":"post","link":"https:\/\/www.europesays.com\/it\/194310\/","title":{"rendered":"Giustizia, dove \u00e8 prevista e come funziona la separazione delle carriere negli altri Paesi"},"content":{"rendered":"<p>In Germania la separazione fra giudici e pubblici ministeri \u00e8 pi\u00f9 netta. Giudici e pubblici ministeri hanno funzioni distinte e godono di un diverso status. Come spiega il dossier del Servizio Studi della Camera, i pubblici ministeri sono funzionari dipendenti del governo, sottoposti alle direttive del Procuratore generale e del ministro della Giustizia. Le carriere sono separate, anche se sono \u201crelativamente frequenti i passaggi dall\u2019una all\u2019altra\u201d. La giustizia tedesca \u00e8 per lo pi\u00f9 di competenza dei L\u00e4nder e le procure dei tribunali regionali sono dirette dalla Procura generale costituita presso l\u2019organo giurisdizionale superiore regionale competente, a sua volta controllato dal ministero della Giustizia del rispettivo Land. I giudici, in generale, sono nominati, promossi e controllati da autorit\u00e0 politiche. In alcuni L\u00e4nder ad occuparsi delle nomine \u00e8 una commissione composta anche da parlamentari, rappresentanti dei magistrati e dell\u2019ordine degli avvocati. Altrove sceglie direttamente il ministro della Giustizia. Dopo l\u2019assunzione, il giudice diventa inamovibile e nominato magistrato a vita.<\/p>\n","protected":false},"excerpt":{"rendered":"In Germania la separazione fra giudici e pubblici ministeri \u00e8 pi\u00f9 netta. Giudici e pubblici ministeri hanno funzioni&hellip;\n","protected":false},"author":3,"featured_media":194311,"comment_status":"","ping_status":"","sticky":false,"template":"","format":"standard","meta":{"footnotes":""},"categories":[79],"tags":[5280,14,93,94,80793,369,485,1537,90,89,2422,56,7,15,2425,11,84,91,12,85,92],"class_list":{"0":"post-194310","1":"post","2":"type-post","3":"status-publish","4":"format-standard","5":"has-post-thumbnail","7":"category-italia","8":"tag-consiglio-superiore-della-magistratura","9":"tag-cronaca","10":"tag-cronaca-italiana","11":"tag-cronacaitaliana","12":"tag-csm","13":"tag-digitall","14":"tag-giustizia","15":"tag-it","16":"tag-italia","17":"tag-italy","18":"tag-magistrati","19":"tag-magistratura","20":"tag-news","21":"tag-notizie","22":"tag-riforma-giustizia","23":"tag-ultime-notizie","24":"tag-ultime-notizie-e-news-di-oggi","25":"tag-ultime-notizie-italia","26":"tag-ultimenotizie","27":"tag-ultimenotizieenewsdioggi","28":"tag-ultimenotizieitalia"},"share_on_mastodon":{"url":"https:\/\/pubeurope.com\/@it\/115474303860026064","error":""},"_links":{"self":[{"href":"https:\/\/www.europesays.com\/it\/wp-json\/wp\/v2\/posts\/194310","targetHints":{"allow":["GET"]}}],"collection":[{"href":"https:\/\/www.europesays.com\/it\/wp-json\/wp\/v2\/posts"}],"about":[{"href":"https:\/\/www.europesays.com\/it\/wp-json\/wp\/v2\/types\/post"}],"author":[{"embeddable":true,"href":"https:\/\/www.europesays.com\/it\/wp-json\/wp\/v2\/users\/3"}],"replies":[{"embeddable":true,"href":"https:\/\/www.europesays.com\/it\/wp-json\/wp\/v2\/comments?post=194310"}],"version-history":[{"count":0,"href":"https:\/\/www.europesays.com\/it\/wp-json\/wp\/v2\/posts\/194310\/revisions"}],"wp:featuredmedia":[{"embeddable":true,"href":"https:\/\/www.europesays.com\/it\/wp-json\/wp\/v2\/media\/194311"}],"wp:attachment":[{"href":"https:\/\/www.europesays.com\/it\/wp-json\/wp\/v2\/media?parent=194310"}],"wp:term":[{"taxonomy":"category","embeddable":true,"href":"https:\/\/www.europesays.com\/it\/wp-json\/wp\/v2\/categories?post=194310"},{"taxonomy":"post_tag","embeddable":true,"href":"https:\/\/www.europesays.com\/it\/wp-json\/wp\/v2\/tags?post=194310"}],"curies":[{"name":"wp","href":"https:\/\/api.w.org\/{rel}","templated":true}]}}