{"id":194365,"date":"2025-11-01T12:42:10","date_gmt":"2025-11-01T12:42:10","guid":{"rendered":"https:\/\/www.europesays.com\/it\/194365\/"},"modified":"2025-11-01T12:42:10","modified_gmt":"2025-11-01T12:42:10","slug":"tcheky-karyo-morto-lattore-che-interpretava-lagente-bob-in-nikita-di-luc-besson","status":"publish","type":"post","link":"https:\/\/www.europesays.com\/it\/194365\/","title":{"rendered":"Tch\u00e9ky Karyo, morto l&#8217;attore che interpretava l&#8217;agente Bob in \u00abNikita\u00bb di Luc Besson"},"content":{"rendered":"<p>    di<br \/>\n    Redazione Spettacoli<\/p>\n<p class=\"summary-art is-line-h-12\">Il divo franco-turco aveva 72 anni: si \u00e8 spento dopo una lunga malattia. Aveva interpretato circa 80 film, tra cui \u00abL&#8217;orso\u00bb di Jean-Jacques Annaud<\/p>\n<p class=\"chapter-paragraph\">L&#8217;attore francese di <b>origini turche<\/b> Tch\u00e9ky Karyo, noto per il suo sguardo <br \/>magnetico e la sua <b>presenza intensa<\/b> sullo schermo, \u00e8 morto ieri, venerd\u00ec 31 ottobre, all&#8217;et\u00e0 di 72 anni in seguito ad un tumore.<\/p>\n<p class=\"chapter-paragraph\">La moglie, <b>l&#8217;attrice Val\u00e9rie Keruzor\u00e9<\/b> (sposata in seconde nozze dopo l&#8217;unione con la collega Isabelle Pasco), e i loro figli hanno annunciato la sua scomparsa all&#8217;agenzia di stampa francese Afp.    &#13;<br \/>\n&#13;<br \/>\n&#13;<br \/>\n&#13;<br \/>\n&#13;<br \/>\n&#13;<br \/>\n&#13;<br \/>\n&#13;<br \/>\n&#13;<br \/>\n&#13;<br \/>\n&#13;<br \/>\n&#13;<br \/>\n&#13;<br \/>\n&#13;<br \/>\n&#13;<br \/>\n&#13;<br \/>\n&#13;<br \/>\n&#13;<br \/>\n&#13;<br \/>\n&#13;<br \/>\n&#13;<br \/>\n&#13;<br \/>\n&#13;<br \/>\n&#13;<br \/>\n&#13;<br \/>\n&#13;<br \/>\n&#13;<br \/>\n&#13;<br \/>\n&#13;<br \/>\n&#13;<br \/>\n&#13;<br \/>\n&#13;<br \/>\n&#13;<br \/>\n&#13;<br \/>\n&#13;<br \/>\n&#13;<br \/>\n&#13;<br \/>\n&#13;<br \/>\n&#13;<br \/>\n&#13;<br \/>\n&#13;<br \/>\n&#13;<br \/>\n&#13;<br \/>\n&#13;<br \/>\n&#13;<br \/>\n&#13;<br \/>\n&#13;<br \/>\n&#13;<br \/>\n&#13;<br \/>\n&#13;<br \/>\n&#13;<br \/>\n&#13;<br \/>\n&#13;\n<\/p>\n<p class=\"chapter-paragraph\"><b>Nato a Istanbul<\/b> nel 1953 con il nome di Baruh Djaki Karyo, da padre <br \/>ebreo sefardita e madre greco-ortodossa, si era trasferito da bambino a Parigi, dove aveva scoperto <b>la passione per la recitazione<\/b>.<\/p>\n<p class=\"chapter-paragraph\">Dopo gli studi al Conservatorio, aveva iniziato la <b>carriera teatrale<\/b>, calcando anche il palcoscenico del Festival di Avignone, prima di approdare al cinema.<\/p>\n<p class=\"chapter-paragraph\">Il <b>successo internazionale<\/b> arriv\u00f2 alla fine degli anni Ottanta con \u00abL&#8217;orso\u00bb (1988) di Jean-Jacques Annaud, in cui interpretava un <b>cacciatore tormentato<\/b>, e si consolid\u00f2 con \u00abNikita\u00bb (1990) di Luc Besson, dove diede vita al personaggio dell&#8217;agente Bob, <b>mentore della protagonista Anne Parillaud<\/b>. Due ruoli che bastarono a<b> fissare per sempre la sua immagine<\/b>: quella di un <b>uomo forte e fragile allo stesso tempo<\/b>, capace di un&#8217;intensit\u00e0 rara.<\/p>\n<p class=\"chapter-paragraph\">Da allora Karyo \u00e8 stato <b>uno dei volti pi\u00f9 richiesti del cinema europeo<\/b> e internazionale. Tra i suoi film pi\u00f9 noti figurano <b>\u00abVincent &amp; Th\u00e9o\u00bb\u00a0<\/b>(1990) di Robert Altman, <b>\u00ab1492 &#8211; La conquista del paradiso\u00bb<\/b> (1992) di Ridley Scott, <b>\u00abBad Boys\u00bb<\/b> (1995) di Michael Bay, <b>\u00abGoldenEye\u00bb<\/b> (1995) di Martin Campbell e <b>\u00abIl patriota\u00bb<\/b> (2000) di Roland Emmerich, al fianco di Mel Gibson.<\/p>\n<p class=\"chapter-paragraph\">In Italia aveva conquistato il pubblico con <b>\u00abVa&#8217; dove ti porta il cuore\u00bb<\/b> (1996) di Cristina Comencini e <b>\u00abLa masseria delle allodole\u00bb<\/b> (2007) dei fratelli Taviani.<\/p>\n<p class=\"chapter-paragraph\">Ha collaborato anche con Jean-Pierre Jeunet in <b>\u00abIl favoloso mondo di Am\u00e9lie\u00bb<\/b> (2001), confermando<b> la sua versatilit\u00e0<\/b> in ruoli che andavano dal dramma alla commedia, dal thriller al film storico.<\/p>\n<p class=\"chapter-paragraph\">In oltre ottanta titoli, Karyo ha saputo mantenere una <b>presenza scenica sempre riconoscibile<\/b>: discreta ma carismatica, intensa senza mai essere eccessiva.<\/p>\n<p class=\"chapter-paragraph\">Negli ultimi anni aveva conosciuto una nuova stagione di popolarit\u00e0 grazie alla televisione, con <b>la serie \u00abThe Missing\u00bb<\/b> (2014\u20132016) e il suo spin-off <b>\u00abBaptiste\u00bb<\/b> (2019\u20132021), dove interpretava l&#8217;investigatore Julien Baptiste.<\/p>\n<p class=\"chapter-paragraph\">Il personaggio, malinconico e profondamente umano, era diventato <b>uno dei suoi ruoli pi\u00f9 amati<\/b>.<\/p>\n<p class=\"is-last-update\" datetime=\"2025-11-01T10:07:03+01:00\">1 novembre 2025<\/p>\n<p class=\"is-copyright\">\n            \u00a9 RIPRODUZIONE RISERVATA\n        <\/p>\n","protected":false},"excerpt":{"rendered":"di Redazione Spettacoli Il divo franco-turco aveva 72 anni: si \u00e8 spento dopo una lunga malattia. Aveva interpretato&hellip;\n","protected":false},"author":3,"featured_media":194366,"comment_status":"","ping_status":"","sticky":false,"template":"","format":"standard","meta":{"footnotes":""},"categories":[174],"tags":[7169,116906,116907,2382,116908,110612,22843,640,203,454,3368,88640,832,116905,204,1537,90,89,84102,116909,4482,116910,116911,116904,68667,110614,300,106657,116912,116913,66112,116914,116915,2379,8158,18027],"class_list":{"0":"post-194365","1":"post","2":"type-post","3":"status-publish","4":"format-standard","5":"has-post-thumbnail","7":"category-intrattenimento","8":"tag-agente","9":"tag-agente-bob","10":"tag-annaud","11":"tag-attore","12":"tag-baptiste","13":"tag-besson","14":"tag-bob","15":"tag-cinema","16":"tag-entertainment","17":"tag-film","18":"tag-francese","19":"tag-intensa","20":"tag-internazionale","21":"tag-interpretava","22":"tag-intrattenimento","23":"tag-it","24":"tag-italia","25":"tag-italy","26":"tag-jacques","27":"tag-jacques-annaud","28":"tag-jean","29":"tag-jean-jacques","30":"tag-jean-jacques-annaud","31":"tag-karyo","32":"tag-luc","33":"tag-luc-besson","34":"tag-morto","35":"tag-nikita","36":"tag-nikita-luc","37":"tag-nikita-luc-besson","38":"tag-orso","39":"tag-orso-jean","40":"tag-orso-jean-jacques","41":"tag-personaggio","42":"tag-presenza","43":"tag-ruoli"},"share_on_mastodon":{"url":"https:\/\/pubeurope.com\/@it\/115474500514192266","error":""},"_links":{"self":[{"href":"https:\/\/www.europesays.com\/it\/wp-json\/wp\/v2\/posts\/194365","targetHints":{"allow":["GET"]}}],"collection":[{"href":"https:\/\/www.europesays.com\/it\/wp-json\/wp\/v2\/posts"}],"about":[{"href":"https:\/\/www.europesays.com\/it\/wp-json\/wp\/v2\/types\/post"}],"author":[{"embeddable":true,"href":"https:\/\/www.europesays.com\/it\/wp-json\/wp\/v2\/users\/3"}],"replies":[{"embeddable":true,"href":"https:\/\/www.europesays.com\/it\/wp-json\/wp\/v2\/comments?post=194365"}],"version-history":[{"count":0,"href":"https:\/\/www.europesays.com\/it\/wp-json\/wp\/v2\/posts\/194365\/revisions"}],"wp:featuredmedia":[{"embeddable":true,"href":"https:\/\/www.europesays.com\/it\/wp-json\/wp\/v2\/media\/194366"}],"wp:attachment":[{"href":"https:\/\/www.europesays.com\/it\/wp-json\/wp\/v2\/media?parent=194365"}],"wp:term":[{"taxonomy":"category","embeddable":true,"href":"https:\/\/www.europesays.com\/it\/wp-json\/wp\/v2\/categories?post=194365"},{"taxonomy":"post_tag","embeddable":true,"href":"https:\/\/www.europesays.com\/it\/wp-json\/wp\/v2\/tags?post=194365"}],"curies":[{"name":"wp","href":"https:\/\/api.w.org\/{rel}","templated":true}]}}