{"id":194605,"date":"2025-11-01T16:09:12","date_gmt":"2025-11-01T16:09:12","guid":{"rendered":"https:\/\/www.europesays.com\/it\/194605\/"},"modified":"2025-11-01T16:09:12","modified_gmt":"2025-11-01T16:09:12","slug":"milan-allegri-leao-sta-bene-la-roma-non-e-prima-per-caso-soule-sta-crescendo","status":"publish","type":"post","link":"https:\/\/www.europesays.com\/it\/194605\/","title":{"rendered":"Milan, Allegri: \u201cLeao sta bene. La Roma non \u00e8 prima per caso. Soul\u00e9 sta crescendo\u201d"},"content":{"rendered":"<p>Le parole del tecnico rossonero: &#8220;Non scopriamo oggi le qualit\u00e0 di Dybala. Giocare contro Gasperini \u00e8 sempre difficile, ti allargano il campo e ti impegnano molto&#8221;<\/p>\n<p><a href=\"https:\/\/www.x.com\/forzaroma\" target=\"_blank\" class=\"author-twitter-signature is-mr-r-10\" rel=\"nofollow noopener\"><\/a><a href=\"https:\/\/www.facebook.com\/forzaromainfo\" target=\"_blank\" class=\"author-facebook-signature is-mr-r-10\" rel=\"nofollow noopener\"><\/a><a href=\"https:\/\/www.forzaroma.info\/redazione\" class=\"gzn_authorname gzn_authorname_border\" rel=\"nofollow noopener\" target=\"_blank\"><br \/>\n                    Redazione                    <\/a><\/p>\n<p class=\"is-above-copyright is-mr-t-0\">\n                        1 novembre 2025 (modifica il 1 novembre 2025 | 12:26)\n                    <\/p>\n<p>Massimiliano <strong>Allegri<\/strong>, allenatore del <strong>Milan<\/strong>, ha parlato in conferenza stampa alla vigilia della sfida con la <strong>Roma<\/strong>. Il tecnico dei rossoneri ha fatto il punto sugli infortunati e ha sottolineato la forza della squadra di Gasperini. Ecco le sue parole.<\/p>\n<p><strong>Ultima partita con l&#8217;emergenza? <\/strong>&#8220;Abbiamo perso un po&#8217; di giocatori per le nazionali, sono cose che succedono. Dobbiamo cercare di recuperare bene le energie perch\u00e9 pi\u00f9 o meno giocano sempre gli stessi. Domani c&#8217;\u00e8 una partita bella da giocare, contro una squadra che sta facendo molto bene, caratterizzata da una impronta che Gasperini ha dato subito. La Roma ha vinto pi\u00f9 trasferte di tutti nel 2025 ed ha avuto pi\u00f9 clean sheet di tutti da inizio campionato. Noi invece abbiamo subito sempre gol nelle ultime quattro gare: domani va invertita la tendenza&#8221;.<\/p>\n<p><strong>Punto medico<\/strong>. &#8220;Leao sta apposto, sta bene. Tomori difficile, anche se non ci sono problematiche al ginocchio: ha un bel versamento sulla coscia e vedremo oggi. Pulisic credo di averlo prima di Parma, Rabiot \u00e8 molto difficile. Gimenez ha un problema alla caviglia: se sta bene viene con noi. Estupinan \u00e8 recuperato, Jashari difficilmente sar\u00e0 in panchina&#8221;.<\/p>\n<p><strong>Come sta Nkunku?<\/strong>&#8220;Nkunku sta meglio, domani potrebbe essere della partita. Ci aspettiamo molto da lui&#8221;.<\/p>\n<p><strong>La Roma \u00e8 prima meritatamente?<\/strong> &#8220;S\u00ec, ha subito solo quattro gol e d\u00e0 sempre la sensazione di poter far gol. Se poi rimarr\u00e0 in cima non lo so, so solo che bisogna dare continuit\u00e0 di risultati&#8221;.<\/p>\n<p><strong>Nkunku pu\u00f2 fare la punta? <\/strong>&#8220;Secondo me lo pu\u00f2 fare, cos\u00ec come Leao. Si pu\u00f2 giocare anche senza centravanti&#8221;.<\/p>\n<p><strong>Dybala? <\/strong>&#8220;Le sue qualit\u00e0 tecniche non le scopriamo ora. \u00c8 arrivato a Torino a 21 anni ed \u00e8 cresciuto molto. Ha una media realizzativa molto alta, sa giocare a calcio e quando tira in porta difficilmente sbaglia. Lui, Soul\u00e8 sta crescendo, c&#8217;\u00e8 Cristante, Pellegrini: non \u00e8 a caso in testa alla classifica&#8221;.<\/p>\n<p><strong>Coppia Leao-Nkunku pu\u00f2 funzionare? <\/strong>&#8220;Non hanno mai giocato assieme, quindi sono curioso anche io di vederli&#8221;.<\/p>\n<p><strong>Come ha trovato Modric? <\/strong>&#8220;Luka sta bene. A Bergamo, il primo tempo, abbiamo sbagliato molto tecnicamente ed eravamo sempre a rincorrere. Ho detto che ci sono stati 4 minuti a Bergamo in cui il pallone sembrava una bomba. Bisogna far meglio tecnicamente&#8221;.<\/p>\n<p><strong>Pulisic e Rabiot andranno in nazionale? <\/strong>&#8220;Intanto vediamo se li recuperiamo. Pulisic credo ci sia per Parma, poi vedremo se andr\u00e0 in nazionale. Noi collaboriamo con i ct e capiscono i momenti e le condizioni fisiche dei giocatori: anche a loro servono giocatori sani. Siamo in contatto con tutti e noi gli diremo in che condizioni fisiche sono i giocatori&#8221;.<\/p>\n<p><strong>Il confronto con Gasperini. <\/strong>&#8220;Ci siamo formati insieme con Galeone ormai 40 anni fa&#8230; Giocare contro Gasperini \u00e8 sempre difficile, ti allargano il campo e ti impegnano molto. Spesso, negli anni precedenti, ho giocato prima contro juric e poi contro Gasperini, cos\u00ec non dovevo cambiare la preparazione&#8221;.<\/p>\n<p><strong>Chi va in panchina domani? <\/strong>&#8220;Lo vedr\u00f2 oggi e lo decider\u00f2 domani mattina. Domani con noi verranno Castiello, Sia e Sala del Milan Futuro&#8221;.<\/p>\n<p><strong>Spalletti ha messo la Juve nella lotta Scudetto. E il Milan? <\/strong>&#8220;Posso fare solo un grossa in bocca al lupo a Spalletti. A livelli di rosa, le favorite sono Inter e Napoli, per\u00f2 c&#8217;\u00e8 un gruppo di squadre che lottano per i primi quattro posti, in cui c&#8217;\u00e8 la Juve, c&#8217;\u00e8 il Milan, la Roma, l&#8217;Atalanta, rientrer\u00e0 la Lazio&#8230; C&#8217;\u00e8 il Bologna e il Como. Noi non dobbiamo mai perdere di vista l&#8217;obiettivo principale, cio\u00e8 quello di tornare a giocare la Champions. Bisogna far fatica, sudare. Non dobbiamo deprimerci per due pareggi, bisogna avere equilibrio e continuit\u00e0 perch\u00e9 se vinci risali in classifica. Domani \u00e8 un altro passo da fare in avanti per arrivare a marzo nelle migliori condizioni per lottare per i primi quattro posti. I primi mesi della stagione sono fondamentali per creare le basi per il finale di stagione. Non bisogna pensare, ma fare&#8221;.<\/p>\n<p><strong>I pareggi sono preziosi? <\/strong>&#8220;Sono importanti perch\u00e9 dai continuit\u00e0 di risultati. Il Milan negli ultimi due anni aveva sempre perso a Bergamo nel recupero. Quest&#8217;anno abbiamo alzato il livello. Ci sono momenti in cui non si pu\u00f2 vincere sempre, ma l&#8217;importante \u00e8 dare continuit\u00e0 di risultati&#8221;.<\/p>\n<p><strong>A che punto \u00e8 la crescita di Leao? <\/strong>&#8220;Entrare nella testa di Leao non \u00e8 facile. Leao, dopo ottime cose nel primo mese, si \u00e8 frenato con l&#8217;infortunio. Ora sta crescendo. Non \u00e8 ancora al 100%, ma l&#8217;importante \u00e8 che \u00e8 tornato a mettersi a disposizione con un certo atteggiamento&#8221;.<\/p>\n<p><strong>C&#8217;\u00e8 qualcosa che non sappiamo di Modric? <\/strong>&#8220;Mi hanno colpito l&#8217;umilt\u00e0 e la disponibilit\u00e0 con cui si \u00e8 messo a disposizione della squadra. Sta facendo nel migliore dei modi il mediano davanti alla difesa: \u00e8 troppo intelligente perch\u00e9 capisce tutto prima&#8221;.<\/p>\n<p><strong>Domani gara snodo? <\/strong>&#8220;No, assolutamente no&#8221;.<\/p>\n<p><strong>Come sta Bartesaghi? <\/strong>&#8220;Non va considerato negli undici, ma nella rosa del Milan. Deve migliorare nell&#8217;intraprendenza negli ultimi 30 metri, perch\u00e9 ha un piede molto buono&#8221;.<\/p>\n<p><strong>Loftus-Cheek? <\/strong>&#8220;Va considerato o centrocampista o attaccante. Devo valutare oggi. Ne ho tre: Leao, Nkunku, Loftus e magari Saelemaekers&#8221;.<\/p>\n<p class=\"is-copyright\">\u00a9 RIPRODUZIONE RISERVATA<\/p>\n","protected":false},"excerpt":{"rendered":"Le parole del tecnico rossonero: &#8220;Non scopriamo oggi le qualit\u00e0 di Dybala. Giocare contro Gasperini \u00e8 sempre difficile,&hellip;\n","protected":false},"author":3,"featured_media":194606,"comment_status":"","ping_status":"","sticky":false,"template":"","format":"standard","meta":{"footnotes":""},"categories":[1452],"tags":[117046,117047,117048,3076,1687,3439,117049,721,921,117050,1932,3858,117051,117052,9181,4415,117045,122,1367,117053,5220,2276,80704,117054,6927,117055,117056,84493,6258,2149,1690,117057,18967,2097,45219,117058,1740,5301,117059,117060,1889,117061,117062,2267,3412,1976,1537,90,89,8007,553,26396,1290,3338,13196,494,5389,987,1739,245,244,1857],"class_list":{"0":"post-194605","1":"post","2":"type-post","3":"status-publish","4":"format-standard","5":"has-post-thumbnail","7":"category-calcio","8":"tag-allargano","9":"tag-allargano-campo","10":"tag-allargano-campo-impegnano","11":"tag-allegri","12":"tag-bergamo","13":"tag-bisogna","14":"tag-bisogna-far","15":"tag-calcio","16":"tag-campo","17":"tag-campo-impegnano","18":"tag-classifica","19":"tag-condizioni","20":"tag-condizioni-fisiche","21":"tag-condizioni-fisiche-giocatori","22":"tag-considerato","23":"tag-continuita","24":"tag-continuita-risultati","25":"tag-cose","26":"tag-credo","27":"tag-credo-parma","28":"tag-crescendo","29":"tag-dare","30":"tag-dare-continuita","31":"tag-dare-continuita-risultati","32":"tag-difficile","33":"tag-difficile-allargano","34":"tag-difficile-allargano-campo","35":"tag-difficilmente","36":"tag-disposizione","37":"tag-dobbiamo","38":"tag-domani","39":"tag-domani-partita","40":"tag-dybala","41":"tag-far","42":"tag-fisiche","43":"tag-fisiche-giocatori","44":"tag-football","45":"tag-gasperini","46":"tag-gasperini-difficile","47":"tag-gasperini-difficile-allargano","48":"tag-giocare","49":"tag-giocare-gasperini","50":"tag-giocare-gasperini-difficile","51":"tag-giocato","52":"tag-giocatori","53":"tag-gol","54":"tag-it","55":"tag-italia","56":"tag-italy","57":"tag-leao","58":"tag-milan","59":"tag-nkunku","60":"tag-partita","61":"tag-primi","62":"tag-pulisic","63":"tag-punto","64":"tag-risultati","65":"tag-roma","66":"tag-soccer","67":"tag-sport","68":"tag-sports","69":"tag-squadra"},"share_on_mastodon":{"url":"","error":"Validation failed: Text character limit of 500 exceeded"},"_links":{"self":[{"href":"https:\/\/www.europesays.com\/it\/wp-json\/wp\/v2\/posts\/194605","targetHints":{"allow":["GET"]}}],"collection":[{"href":"https:\/\/www.europesays.com\/it\/wp-json\/wp\/v2\/posts"}],"about":[{"href":"https:\/\/www.europesays.com\/it\/wp-json\/wp\/v2\/types\/post"}],"author":[{"embeddable":true,"href":"https:\/\/www.europesays.com\/it\/wp-json\/wp\/v2\/users\/3"}],"replies":[{"embeddable":true,"href":"https:\/\/www.europesays.com\/it\/wp-json\/wp\/v2\/comments?post=194605"}],"version-history":[{"count":0,"href":"https:\/\/www.europesays.com\/it\/wp-json\/wp\/v2\/posts\/194605\/revisions"}],"wp:featuredmedia":[{"embeddable":true,"href":"https:\/\/www.europesays.com\/it\/wp-json\/wp\/v2\/media\/194606"}],"wp:attachment":[{"href":"https:\/\/www.europesays.com\/it\/wp-json\/wp\/v2\/media?parent=194605"}],"wp:term":[{"taxonomy":"category","embeddable":true,"href":"https:\/\/www.europesays.com\/it\/wp-json\/wp\/v2\/categories?post=194605"},{"taxonomy":"post_tag","embeddable":true,"href":"https:\/\/www.europesays.com\/it\/wp-json\/wp\/v2\/tags?post=194605"}],"curies":[{"name":"wp","href":"https:\/\/api.w.org\/{rel}","templated":true}]}}