{"id":194771,"date":"2025-11-01T18:20:19","date_gmt":"2025-11-01T18:20:19","guid":{"rendered":"https:\/\/www.europesays.com\/it\/194771\/"},"modified":"2025-11-01T18:20:19","modified_gmt":"2025-11-01T18:20:19","slug":"terzo-livello-si-cambia-sparisce-il-ds-arriva-il-tecnico-allenatore","status":"publish","type":"post","link":"https:\/\/www.europesays.com\/it\/194771\/","title":{"rendered":"Terzo livello, si cambia. Sparisce il ds, arriva il tecnico allenatore"},"content":{"rendered":"<p class=\"\">Paolo Rosola \u00e8 al Mugello con suo figlio Patrick e il camper per <a href=\"https:\/\/www.mugellocircuit.com\/it\/archivio-notizie\/1549-la-carica-dei-400-si-preannuncia-un-grosso-successo-per-il-5-trofeo-citta-di-firenze-di-ciclocross\" target=\"_blank\" rel=\"noreferrer noopener nofollow\">il Trofeo Citt\u00e0 di Firenze di ciclocross<\/a>. <strong>Il tecnico della <a href=\"https:\/\/www.teamgeneralstore.it\/\" target=\"_blank\" rel=\"noreferrer noopener nofollow\">General Store<\/a> fa fatica a stare fermo e in fondo \u00e8 questa la vita che ha sempre fatto<\/strong>. Prima da corridore, poi da compagno di Paola Pezzo quando ancora correva, quindi da diesse nei professionisti e poi in continental, sulla moto al Giro d\u2019Italia, quindi come <a href=\"https:\/\/bici.pro\/focus\/storie\/paolo-rosola-paola-pezzo-due-figli-cerca-futuro\/\" target=\"_blank\" rel=\"noreferrer noopener nofollow\">padre di due corridori<\/a>. Quello che si \u00e8 aggiunto da poco alla sua agenda \u00e8 <strong>un corso per direttori sportivi di terzo livello, organizzato in collaborazione con la <a href=\"http:\/\/www.federciclismo.it\" target=\"_blank\" rel=\"noreferrer noopener nofollow\">Federazione<\/a><\/strong>. E proprio aver potuto vedere da vicino la struttura dei corsi ha stimolato la curiosit\u00e0 del bresciano verso <strong>la nuova concezione del \u201ctecnico allenatore\u201d, come si chiamer\u00e0 d\u2019ora in avanti il vecchio direttore sportivo del ciclismo<\/strong> (in apertura, immagine photor.it della riunione tecnica prima del Trofeo Edil Group Costruzioni).<\/p>\n<p><img loading=\"lazy\" decoding=\"async\" width=\"1009\" height=\"500\" src=\"data:image\/svg+xml,%3Csvg%20xmlns=\" http:=\"\" alt=\"Paolo Rosola, 65 anni, \u00e8 approdato quest'anno alla General Store Essegibi\" class=\"wp-image-210780\" data-lazy- data-lazy- data-lazy-src=\"https:\/\/www.europesays.com\/it\/wp-content\/uploads\/2025\/11\/General-Rosola-img_dk.jpg\"\/>Paolo Rosola, 65 anni, \u00e8 tecnico alla General Store Essegibi dal 2022 dopo gli anni alla Gazprom<\/p>\n<p><img loading=\"lazy\" decoding=\"async\" width=\"559\" height=\"745\" src=\"data:image\/svg+xml,%3Csvg%20xmlns=\" http:=\"\" alt=\"\" class=\"wp-image-210781\" data-lazy- data-lazy- data-lazy-src=\"https:\/\/www.europesays.com\/it\/wp-content\/uploads\/2025\/11\/General-Rosola-img_mb.jpg\"\/>Paolo Rosola, 65 anni, \u00e8 tecnico alla General Store Essegibi dal 2022 dopo gli anni alla Gazprom<\/p>\n<p>Il liceo Sacra Famiglia<\/p>\n<p class=\"\">E\u2019 nato tutto dalla sua <strong>collaborazione con il <a href=\"https:\/\/www.scuolesacrafamiglia.it\/liceo-scientifico-sportivo\/\" target=\"_blank\" rel=\"noreferrer noopener nofollow\">Liceo Scientifico Sportivo \u201cSacra Famiglia\u201d<\/a> di Castelletto di Brenzone sul Garda<\/strong>, in provincia di Verona. <a href=\"https:\/\/bici.pro\/news\/professionisti\/gazprom-affonda-indifferenza-generale\/\" target=\"_blank\" rel=\"noreferrer noopener nofollow\">Ce ne aveva parlato gi\u00e0 nel 2022<\/a>, quando la sua preoccupazione principale era la ricerca (vana) di uno sponsor per evitare che il gruppo della Gazprom si disperdesse.<\/p>\n<p class=\"\">\u00abE\u2019 un liceo scientifico sportivo \u2013 ripete Rosola \u2013 in cui <strong>circa 250 ragazzi arrivano a prendere il T1 (primo livello come direttori sportivi, ndr) e in quinta escono con il diploma di Guida Cicloturistica<\/strong>. Praticamente fanno tutto l\u2019iter di circa 60 ore e io collaboro con loro da quando al Centro Studi della Federazione c\u2019era Daniela Isetti. <strong>Nella scuola ci sono una pista di downhill e un pump track<\/strong> e quando i nuovi responsabili della <a href=\"https:\/\/www.federciclismo.it\/federazione\/scuola-tecnici\/\" target=\"_blank\" rel=\"noreferrer noopener nofollow\">Scuola Tecnici<\/a> sono venuti a vederla, \u00e8 nata <strong>la proposta di organizzare un corso per il terzo livello<\/strong> e la scuola ha aderito. In pi\u00f9 <strong>l\u2019istituto ha una foresteria gestita dalle suore<\/strong>, che permette agli allievi di pernottare nei weekend in cui si svolge il corso\u00bb.<\/p>\n<p><img loading=\"lazy\" decoding=\"async\" width=\"1009\" height=\"500\" src=\"data:image\/svg+xml,%3Csvg%20xmlns=\" http:=\"\" alt=\"All'interno del liceo di Brenzone, ci sono una pump track e un percorso da downhill\" class=\"wp-image-441812\" data-lazy- data-lazy- data-lazy-src=\"https:\/\/www.europesays.com\/it\/wp-content\/uploads\/2025\/11\/paros2_img_dk.jpg\"\/>All\u2019interno del liceo di Brenzone, ci sono una pump track e un percorso da downhill<\/p>\n<p><img loading=\"lazy\" decoding=\"async\" width=\"559\" height=\"745\" src=\"data:image\/svg+xml,%3Csvg%20xmlns=\" http:=\"\" alt=\"All'interno del liceo di Brenzone, ci sono una pump track e un percorso da downhill\" class=\"wp-image-441813\" data-lazy- data-lazy- data-lazy-src=\"https:\/\/www.europesays.com\/it\/wp-content\/uploads\/2025\/11\/paros2_img_mb.jpg\"\/>All\u2019interno del liceo di Brenzone, ci sono una pump track e un percorso da downhill<\/p>\n<p>Ed \u00e8 stato cos\u00ec che ti sei reso conto di quanto sia cambiato il terzo livello rispetto agli anni scorsi?<\/p>\n<p class=\"\">Esatto. Rispetto a un tempo <strong>sono stati inseriti pi\u00f9 elementi di allenamento, di alimentazione e di psicologia<\/strong>. Anche la parola direttore sportivo, per come era ai vecchi tempi, piano piano andr\u00e0 a sparire. <strong>Oggi quella figura prender\u00e0 il nome di tecnico allenatore<\/strong>. E\u2019 colui che gestisce lo staff, perch\u00e9 oggi anche nelle continental abbiamo tutto: il nutrizionista, il preparatore, il dottore, il massaggiatore, il meccanico. Una volta che il direttore sportivo, quello che prima avremmo chiamato team manager, ci affida tutte queste persone, il tecnico allenatore deve gestirle. <strong>Io nella General Store sono tecnico allenatore e cos\u00ec d\u2019ora in avanti sar\u00e0 indicato nel tesserino, con la qualifica TA3<\/strong>.<\/p>\n<p>Come tecnico allenatore devi sapere di preparazione, nutrizione e psicologia perch\u00e9 avrai a che fare con l\u2019allenatore, il nutrizionista e lo psicologo?<\/p>\n<p class=\"\">Esatto. <strong>Parlo con il mio preparatore, il mio nutrizionista e con il dottore, poi posso fare la tattica di corsa<\/strong>. Quella viene gestita sempre dal tecnico allenatore, come nel calcio. E la Federazione ha cominciato a <strong>inserire questa figura, verso cui tutti dovranno tendere<\/strong>. Perch\u00e9 \u00e8 lampante che questi corsi servano anche per fare una selezione.<\/p>\n<p><img loading=\"lazy\" decoding=\"async\" width=\"1009\" height=\"500\" src=\"data:image\/svg+xml,%3Csvg%20xmlns=\" http:=\"\" alt=\"La Federazione aveva gi\u00e0 un accordo con il liceo per il primo livello e il titolo fi guida cicloturistca\" class=\"wp-image-441814\" data-lazy- data-lazy- data-lazy-src=\"https:\/\/www.europesays.com\/it\/wp-content\/uploads\/2025\/11\/paros3_img_dk.jpg\"\/>La Federazione aveva gi\u00e0 un accordo con il liceo per il primo livello e il titolo di guida cicloturistca (immagine FCI)<\/p>\n<p><img loading=\"lazy\" decoding=\"async\" width=\"559\" height=\"745\" src=\"data:image\/svg+xml,%3Csvg%20xmlns=\" http:=\"\" alt=\"La Federazione aveva gi\u00e0 un accordo con il liceo per il primo livello e il titolo fi guida cicloturistca\" class=\"wp-image-441815\" data-lazy- data-lazy- data-lazy-src=\"https:\/\/www.europesays.com\/it\/wp-content\/uploads\/2025\/11\/paros3_img_mb.jpg\"\/>La Federazione aveva gi\u00e0 un accordo con il liceo per il primo livello e il titolo di guida cicloturistca (immagine FCI)<\/p>\n<p>Pensi che i tuoi colleghi faranno fatica ad accogliere questo cambiamento?<\/p>\n<p class=\"\">A livello continental e anche nei team elite\/U23 siamo lontani, perch\u00e9 veniamo dalla cultura delle vecchie generazioni, che invece devono cambiare. Se il WorldTour \u00e8 la serie A e le professional sono la serie B, <strong>le continental sono la serie C del ciclismo. E anche nella serie C ci sono dei meccanismi uguali a quelli della serie A.<\/strong> Se tu parli con i professionisti, non sono i direttori che gestiscono gli allenamenti. Per cui <strong>nei corsi si cerca di qualificare questa figura del tecnico allenatore<\/strong>, ma \u00e8 abbastanza chiaro che ci sar\u00e0 da aspettare ancora perch\u00e9 tutti siano pronti. Bisogner\u00e0 che tutti capiscano o che arrivino i giovani, come <strong>D\u2019Aiuto, Pozza e Palomba che lo scorso anno erano con noi e si sono iscritti al corso<\/strong>. Chi non ci sta, pu\u00f2 tornare a fare il direttore sportivo come prima, ma negli allievi e al massimo gli juniores.<\/p>\n<p>Il problema di equiparare la serie C con la serie A \u00e8 che nelle continental non siete professionisti e non fate parte della Lega Ciclismo. Pare che ci siano delle riunioni in corso per agevolare questo passaggio, ma ad ora siete dilettanti\u2026<\/p>\n<p class=\"\">Verissimo e <strong>neanche so se la Federazione e le stesse squadre dei professionisti sarebbero contente di vedere le continental nella Lega<\/strong>, potrebbero vederci una contrapposizione.<\/p>\n<p><img loading=\"lazy\" decoding=\"async\" width=\"1009\" height=\"500\" src=\"data:image\/svg+xml,%3Csvg%20xmlns=\" http:=\"\" alt=\"Mentre in Italia dui lavora al terzo livello, a Aigle i diesse italiani puntano alla qualifica internazionale\" class=\"wp-image-441816\" data-lazy- data-lazy- data-lazy-src=\"https:\/\/www.europesays.com\/it\/wp-content\/uploads\/2025\/11\/paros4_img_dk.jpg\"\/>Mentre in Italia si lavora al terzo livello, a Aigle i diesse italiani ieri hanno concluso il corso per tecnico di livello internazionale<\/p>\n<p><img loading=\"lazy\" decoding=\"async\" width=\"559\" height=\"745\" src=\"data:image\/svg+xml,%3Csvg%20xmlns=\" http:=\"\" alt=\"Mentre in Italia dui lavora al terzo livello, a Aigle i diesse italiani puntano alla qualifica internazionale\" class=\"wp-image-441817\" data-lazy- data-lazy- data-lazy-src=\"https:\/\/www.europesays.com\/it\/wp-content\/uploads\/2025\/11\/paros4_img_mb.jpg\"\/>Mentre in Italia si lavora al terzo livello, a Aigle i diesse italiani ieri hanno concluso il corso per tecnico di livello internazionale<\/p>\n<p>Quanto dura il corso?<\/p>\n<p class=\"\">E\u2019 cominciato il weekend scorso e dura per tre fine settimana. Poi ci saranno il tirocinio, che va fatto in una squadra continental, e l\u2019esame finale. Cosa posso dire? <strong>Io sono arrivato nelle continental tre anni fa, per\u00f2 vedo che ci sono ancora dei direttori sportivi alla vecchia maniera<\/strong> che devono gestire ragazzi, che spesso ne sanno pi\u00f9 di loro. Bisogna essere al passo, oppure avere in squadra delle figure all\u2019altezza. Se mi parli di nutrizione, che cosa vuoi che ne sappia? <strong>Per\u00f2 ho il nutrizionista, ho visto come lavora, gli ho dato i consigli perch\u00e9 crei un bel rapporto con i giovani e ora lo lascio lavorare<\/strong>. Ad esempio in ritiro, quando vedevo che i ragazzi facevano i furbi, glielo segnalavo. Perch\u00e9 i corridori sono giovani e devono imparare a non esagerare.<\/p>\n<p>Anche questo fa parte della loro formazione.<\/p>\n<p class=\"\">Bisogna stare attenti a queste cose, <strong>stargli dietro, perch\u00e9 non sono ancora dei professionisti<\/strong>. Ma \u00e8 un tipo di educazione che va insegnata parlando e non urlando come facevano Locatelli e gli altri delle generazioni precedenti. <strong>Bisogna spiegargli il perch\u00e9 delle cose che fanno. <\/strong>Alcuni ti rispondono che preferiscono partire con la pancia piena e devi dirgli perch\u00e9 sia sbagliato. Io magari gli do la spiegazione semplice: se parti a pancia piena, ti staccano subito. <strong>Per\u00f2 il nutrizionista pu\u00f2 inquadrarla bene, in modo che quando passer\u00e0 professionista non commetter\u00e0 errori elementari<\/strong>. Se uno come me non avesse creduto nei giovani, ora sarebbe fermo al ciclismo degli anni Novanta. Invece \u00e8 importante dare spazio ai giovani preparatori e vigilare perch\u00e9 riescano nel loro lavoro.<\/p>\n","protected":false},"excerpt":{"rendered":"Paolo Rosola \u00e8 al Mugello con suo figlio Patrick e il camper per il Trofeo Citt\u00e0 di Firenze&hellip;\n","protected":false},"author":3,"featured_media":194772,"comment_status":"","ping_status":"","sticky":false,"template":"","format":"standard","meta":{"footnotes":""},"categories":[1456],"tags":[1824,1825,47040,27701,1974,1537,90,89,117129,85767,245,244],"class_list":{"0":"post-194771","1":"post","2":"type-post","3":"status-publish","4":"format-standard","5":"has-post-thumbnail","7":"category-ciclismo","8":"tag-ciclismo","9":"tag-cycling","10":"tag-direttore-sportivo","11":"tag-federazione-ciclistica-italiana","12":"tag-formazione","13":"tag-it","14":"tag-italia","15":"tag-italy","16":"tag-liceo-scientifico-sportivo-sacra-famiglia","17":"tag-paolo-rosola","18":"tag-sport","19":"tag-sports"},"share_on_mastodon":{"url":"https:\/\/pubeurope.com\/@it\/115475829448719750","error":""},"_links":{"self":[{"href":"https:\/\/www.europesays.com\/it\/wp-json\/wp\/v2\/posts\/194771","targetHints":{"allow":["GET"]}}],"collection":[{"href":"https:\/\/www.europesays.com\/it\/wp-json\/wp\/v2\/posts"}],"about":[{"href":"https:\/\/www.europesays.com\/it\/wp-json\/wp\/v2\/types\/post"}],"author":[{"embeddable":true,"href":"https:\/\/www.europesays.com\/it\/wp-json\/wp\/v2\/users\/3"}],"replies":[{"embeddable":true,"href":"https:\/\/www.europesays.com\/it\/wp-json\/wp\/v2\/comments?post=194771"}],"version-history":[{"count":0,"href":"https:\/\/www.europesays.com\/it\/wp-json\/wp\/v2\/posts\/194771\/revisions"}],"wp:featuredmedia":[{"embeddable":true,"href":"https:\/\/www.europesays.com\/it\/wp-json\/wp\/v2\/media\/194772"}],"wp:attachment":[{"href":"https:\/\/www.europesays.com\/it\/wp-json\/wp\/v2\/media?parent=194771"}],"wp:term":[{"taxonomy":"category","embeddable":true,"href":"https:\/\/www.europesays.com\/it\/wp-json\/wp\/v2\/categories?post=194771"},{"taxonomy":"post_tag","embeddable":true,"href":"https:\/\/www.europesays.com\/it\/wp-json\/wp\/v2\/tags?post=194771"}],"curies":[{"name":"wp","href":"https:\/\/api.w.org\/{rel}","templated":true}]}}