{"id":194799,"date":"2025-11-01T18:38:09","date_gmt":"2025-11-01T18:38:09","guid":{"rendered":"https:\/\/www.europesays.com\/it\/194799\/"},"modified":"2025-11-01T18:38:09","modified_gmt":"2025-11-01T18:38:09","slug":"la-lista-nera-delle-femministe-da-giarrusso-a-civati-a-lodo-guenzi-14-nomi-presi-di-mira-pezzi-di-m-organizziamo-una-shitstorm","status":"publish","type":"post","link":"https:\/\/www.europesays.com\/it\/194799\/","title":{"rendered":"La lista nera delle \u00abfemministe\u00bb: da Giarrusso a Civati a Lodo Guenzi, 14 nomi presi di mira. \u00abPezzi di m&#8230;, organizziamo una shitstorm\u00bb"},"content":{"rendered":"<p>    di<br \/>\n    Giusi Fasano<\/p>\n<p class=\"summary-art is-line-h-12\">Nel cellulare di una delle tre indagate per stalking e diffamazione una \u00ablista nera\u00bb di personaggi contro cui puntare il dito<\/p>\n<p class=\"chapter-paragraph\">\u00abPotremmo fare un gruppo, una chat in cui ci passiamo i nomi di &#8216;sti pezzi di merda. Io voglio trovare tutto su di loro\u00bb. \u00abApriamone uno. Una shitstorm di merda dove segnalate tutti\u00bb.<\/p>\n<p class=\"chapter-paragraph\">Il metodo era questo. E <a href=\"https:\/\/www.corriere.it\/cronache\/25_novembre_01\/carlotta-vagnoli-valeria-fonte-chat-selvaggia-lucarelli-ca9edcb0-5ca7-42b2-8e1e-5d5d99c4bxlk.shtml\" title=\"La chat del commando \u00abfemminista\u00bb: gli insulti a Murgia, Segre, Mattarella e Cecilia Sala delle attiviste indagate per stalking e diffamazione\" rel=\"nofollow noopener\" target=\"_blank\">il gruppo delle \u00abfemministe\u00bb indagate dalla procura di Monza per stalking e diffamazione<\/a> passava facilmente dalle parole ai fatti. I fatti sono, fra le altre cose, <b>la creazione di liste punitive<\/b>, diciamo cos\u00ec, di <b>uomini che a loro dire sarebbero responsabili di molestie o di comportamenti che loro non hanno gradito<\/b>. Alcune di quelle liste sono state ritrovate nel telefonino di una delle indagate e ce n\u2019\u00e8 una che lei stessa definisce <b>\u00abLista nera\u00bb: 14 nominativi<\/b>.    &#13;<br \/>\n&#13;<br \/>\n&#13;<br \/>\n&#13;<br \/>\n&#13;<br \/>\n&#13;<br \/>\n&#13;<br \/>\n&#13;<br \/>\n&#13;<br \/>\n&#13;<br \/>\n&#13;<br \/>\n&#13;<br \/>\n&#13;<br \/>\n&#13;<br \/>\n&#13;<br \/>\n&#13;<br \/>\n&#13;<br \/>\n&#13;<br \/>\n&#13;<br \/>\n&#13;<br \/>\n&#13;<br \/>\n&#13;<br \/>\n&#13;<br \/>\n&#13;<br \/>\n&#13;<br \/>\n&#13;<br \/>\n&#13;<br \/>\n&#13;<br \/>\n&#13;<br \/>\n&#13;<br \/>\n&#13;<br \/>\n&#13;<br \/>\n&#13;<br \/>\n&#13;<br \/>\n&#13;<br \/>\n&#13;<br \/>\n&#13;<br \/>\n&#13;<br \/>\n&#13;<br \/>\n&#13;<br \/>\n&#13;<br \/>\n&#13;<br \/>\n&#13;<br \/>\n&#13;<br \/>\n&#13;<br \/>\n&#13;<br \/>\n&#13;<br \/>\n&#13;<br \/>\n&#13;<br \/>\n&#13;<br \/>\n&#13;<br \/>\n&#13;<br \/>\n&#13;\n<\/p>\n<p class=\"chapter-paragraph\">Ne parla nella sua testimonianza anche il ragazzo che ha tentato il suicidio dopo aver subito il \u00abcall out\u00bb di <a href=\"https:\/\/www.corriere.it\/cronache\/25_novembre_01\/chi-sono-carlotta-vagnoli-valeria-fonte-benedetta-sabene-3-femministe-indagate-chat-1a0d904e-8aa8-4471-a11c-cf3b09365xlk.shtml\" title=\"Chi sono Carlotta Vagnoli, Valeria Fonte e Benedetta Sabene, le 3 indagate nella vicenda delle chat \u00abfemministe\u00bb\" rel=\"nofollow noopener\" target=\"_blank\">Carlotta Vagnoli, Valeria Fonte e Benedetta Sabene, le tre inquisite<\/a>.<\/p>\n<p class=\"chapter-paragraph\">Call out, cio\u00e8: <b>gogna mediatica per bruciare rapporti personali, professionali e pubblici<\/b>. Quel ragazzo, A.S., racconta di essere stato inserito in un archivio elettronico di oltre novanta nominativi (poi trovato sul telefonino di Valeria Fonte) di persone definite \u00ababuser\u00bb. Sempre sul suo cellulare gli inquirenti hanno rintracciato l\u2019elenco dei 14 nomi della \u00ablista nera\u00bb, ora finita agli atti.<\/p>\n<p class=\"chapter-paragraph\">Una foglio schematizzato e diviso in colonne \u00e8 per nome, professione, segnalazioni (non \u00e8 dato sapere da parte di chi), seguito su Instagram, citt\u00e0, e accusa.\u00a0L\u2019intenzione, dopo aver stilato l\u2019elenco, \u00e8<b> puntare il dito contro quei nomi. E pazienza se non esistono n\u00e9 denunce n\u00e9 prove che siano responsabili di qualcosa<\/b>.<\/p>\n<p class=\"chapter-paragraph\">C\u2019\u00e8 un tatuatore, lo scrittore e attore <b>Cristiano Caccamo, Francesco Capaldo<\/b> (che non ha qualifica indicata ma che dovrebbe essere lo scrittore), il politico <b>Giuseppe Civati<\/b>, l\u2019ex parlamentare <b>Dino Giarrusso<\/b>,  il cantante<b> Lodo Guenzi<\/b>, uno youtuber, l\u2019attivista e politico <b>Jacopo Melio<\/b>, il giornalista e scrittore <b>Emilio Mola<\/b>, il giornalista <b>Valerio Nicolosi<\/b>, lo speaker radiofonico <b>Paolo Noise<\/b>, il giornalista <b>Francesco Oggiano<\/b> e un attivista divulgatore.<\/p>\n<p class=\"chapter-paragraph\">Oltre questa \u00ablista nera\u00bb i nomi tirati in ballo come presunti \u00ababuser\u00bb da Valeria Fonte e Carlotta Vagnoli sono infiniti (il ruolo di Benedetta Sabene \u00e8 pi\u00f9 defilato).\u00a0<\/p>\n<p class=\"chapter-paragraph\">Ci sono soprattutto scrittori, politici, commentatori, giornalisti. E a finire nei loro insulti via chat ci sono anche <b>molte donne, tutte \u2013 ovviamente \u2013 non allineate al loro pensiero politico, alla loro militanza o al loro modo di intendere la libert\u00e0 di opinione.<\/b><\/p>\n<p class=\"is-last-update\" datetime=\"2025-11-01T18:57:17+01:00\">1 novembre 2025 ( modifica il 1 novembre 2025 | 18:57)<\/p>\n<p class=\"is-copyright\">\n            \u00a9 RIPRODUZIONE RISERVATA\n        <\/p>\n","protected":false},"excerpt":{"rendered":"di Giusi Fasano Nel cellulare di una delle tre indagate per stalking e diffamazione una \u00ablista nera\u00bb di&hellip;\n","protected":false},"author":3,"featured_media":194800,"comment_status":"","ping_status":"","sticky":false,"template":"","format":"standard","meta":{"footnotes":""},"categories":[6],"tags":[117154,1488,12387,116585,26653,116586,3158,116578,12206,1502,117155,14,15076,4085,3763,4031,117156,6394,1250,117157,4348,117158,8,66072,1537,90,89,113,117153,28730,74283,30335,7,2381,15,82,9,83,10,332,12985,13,11,80,84,12,81,85,33308,116582],"class_list":{"0":"post-194799","1":"post","2":"type-post","3":"status-publish","4":"format-standard","5":"has-post-thumbnail","7":"category-ultime-notizie","8":"tag-abuser","9":"tag-attivista","10":"tag-benedetta","11":"tag-benedetta-sabene","12":"tag-call","13":"tag-call-out","14":"tag-carlotta","15":"tag-carlotta-vagnoli","16":"tag-cellulare","17":"tag-chat","18":"tag-civati","19":"tag-cronaca","20":"tag-diffamazione","21":"tag-dito","22":"tag-elenco","23":"tag-fatti","24":"tag-femministe","25":"tag-fonte","26":"tag-francesco","27":"tag-giarrusso","28":"tag-giornalista","29":"tag-guenzi","30":"tag-headlines","31":"tag-indagate","32":"tag-it","33":"tag-italia","34":"tag-italy","35":"tag-lista","36":"tag-lista-nera","37":"tag-liste","38":"tag-lodo","39":"tag-nera","40":"tag-news","41":"tag-nomi","42":"tag-notizie","43":"tag-notizie-di-cronaca","44":"tag-notizie-principali","45":"tag-notiziedicronaca","46":"tag-notizieprincipali","47":"tag-politico","48":"tag-scrittore","49":"tag-titoli","50":"tag-ultime-notizie","51":"tag-ultime-notizie-di-cronaca","52":"tag-ultime-notizie-e-news-di-oggi","53":"tag-ultimenotizie","54":"tag-ultimenotiziedicronaca","55":"tag-ultimenotizieenewsdioggi","56":"tag-valeria","57":"tag-valeria-fonte"},"share_on_mastodon":{"url":"","error":"Validation failed: Text character limit of 500 exceeded"},"_links":{"self":[{"href":"https:\/\/www.europesays.com\/it\/wp-json\/wp\/v2\/posts\/194799","targetHints":{"allow":["GET"]}}],"collection":[{"href":"https:\/\/www.europesays.com\/it\/wp-json\/wp\/v2\/posts"}],"about":[{"href":"https:\/\/www.europesays.com\/it\/wp-json\/wp\/v2\/types\/post"}],"author":[{"embeddable":true,"href":"https:\/\/www.europesays.com\/it\/wp-json\/wp\/v2\/users\/3"}],"replies":[{"embeddable":true,"href":"https:\/\/www.europesays.com\/it\/wp-json\/wp\/v2\/comments?post=194799"}],"version-history":[{"count":0,"href":"https:\/\/www.europesays.com\/it\/wp-json\/wp\/v2\/posts\/194799\/revisions"}],"wp:featuredmedia":[{"embeddable":true,"href":"https:\/\/www.europesays.com\/it\/wp-json\/wp\/v2\/media\/194800"}],"wp:attachment":[{"href":"https:\/\/www.europesays.com\/it\/wp-json\/wp\/v2\/media?parent=194799"}],"wp:term":[{"taxonomy":"category","embeddable":true,"href":"https:\/\/www.europesays.com\/it\/wp-json\/wp\/v2\/categories?post=194799"},{"taxonomy":"post_tag","embeddable":true,"href":"https:\/\/www.europesays.com\/it\/wp-json\/wp\/v2\/tags?post=194799"}],"curies":[{"name":"wp","href":"https:\/\/api.w.org\/{rel}","templated":true}]}}