{"id":195150,"date":"2025-11-01T23:34:10","date_gmt":"2025-11-01T23:34:10","guid":{"rendered":"https:\/\/www.europesays.com\/it\/195150\/"},"modified":"2025-11-01T23:34:10","modified_gmt":"2025-11-01T23:34:10","slug":"gherardo-colombo-dico-no-alla-legge-nordio-sbagliato-avere-due-csm-e-aumenta-il-potere-dei-pm-che-si-voleva-limitare","status":"publish","type":"post","link":"https:\/\/www.europesays.com\/it\/195150\/","title":{"rendered":"Gherardo Colombo: \u00abDico no alla legge Nordio, sbagliato avere due Csm. E aumenta il potere dei pm che si voleva limitare\u00bb"},"content":{"rendered":"<p>    di<br \/>\n    Virginia Piccolillo<\/p>\n<p class=\"summary-art is-line-h-12\">L&#8217;ex magistrato: \u00abIl s\u00ec di Di Pietro? A volte penso che lui anticip\u00f2 la riforma\u00bb<\/p>\n<p class=\"chapter-paragraph\"><b>Gherardo Colombo, pensa che ci siano punti della <a href=\"https:\/\/www.corriere.it\/politica\/25_ottobre_31\/riforma-della-giustizia-via-alla-raccolta-firme-per-il-referendum-la-maggioranza-punta-a-votare-tra-marzo-e-aprile-ff05cd36-95c5-4031-b20e-31c538de6xlk.shtml\" title=\"Riforma della giustizia, via alla raccolta firme per il referendum. La maggioranza punta a votare tra marzo e aprile\" rel=\"nofollow noopener\" target=\"_blank\">riforma Nordio<\/a> che mettono a rischio l\u2019indipendenza dei magistrati?<\/b><br \/>\u00abPi\u00f9 di uno: <a href=\"https:\/\/roma.corriere.it\/notizie\/cronaca\/25_ottobre_31\/riforma-della-giustizia-il-nodo-chiave-del-sorteggio-dei-membri-del-csm-ecco-come-si-potrebbe-svolgere-24946693-2197-4838-88e7-84d090473xlk.shtml\" title=\"Riforma della giustizia, il nodo chiave del sorteggio dei membri del Csm: ecco come si potrebbe svolgere\" rel=\"nofollow noopener\" target=\"_blank\">la creazione di un Csm dei pm separato da quello dei giudici<\/a>; il sistema di nomina, per sorteggio indiscriminato dei componenti magistrati di entrambi; la creazione dell\u2019Alta corte disciplinare e la sua composizione. Riducono a un lumicino indipendenza e autonomia dei magistrati, garanzia per la tutela dei diritti della persona. Con un paradosso: aumenta il potere dei pm che il legislatore diceva di voler limitare\u00bb.<\/p>\n<p class=\"chapter-paragraph\"><b>Il governo dice che<a href=\"https:\/\/corrieredibologna.corriere.it\/notizie\/politica\/25_novembre_01\/la-magistrata-pirillo-il-vero-obiettivo-della-riforma-della-giustizia-e-addomesticare-la-magistratura-al-volere-del-governo-0f98d209-82e5-4ca4-acc3-01c6233a1xlk.shtml\" title=\"La magistrata Pirillo: \u00abIl vero obiettivo della riforma della giustizia \u00e8 addomesticare la magistratura al volere del governo\u00bb\" rel=\"nofollow noopener\" target=\"_blank\">  autonomia e indipendenza <\/a>sono nella riforma. Non \u00e8 cos\u00ec?<\/b><br \/>\u00abLe regole costituzionali che presidiano la separazione dei poteri si fanno proprio per evitare che si retroceda nella architettura necessaria ad uno Stato di diritto. Separazione dei poteri vuol dire ordine giudiziario indipendente e autonomo dal potere esecutivo\u00bb.    &#13;<br \/>\n&#13;<br \/>\n&#13;<br \/>\n&#13;<br \/>\n&#13;<br \/>\n&#13;<br \/>\n&#13;<br \/>\n&#13;<br \/>\n&#13;<br \/>\n&#13;<br \/>\n&#13;<br \/>\n&#13;<br \/>\n&#13;<br \/>\n&#13;<br \/>\n&#13;<br \/>\n&#13;<br \/>\n&#13;<br \/>\n&#13;<br \/>\n&#13;<br \/>\n&#13;<br \/>\n&#13;<br \/>\n&#13;<br \/>\n&#13;<br \/>\n&#13;<br \/>\n&#13;<br \/>\n&#13;<br \/>\n&#13;<br \/>\n&#13;<br \/>\n&#13;<br \/>\n&#13;<br \/>\n&#13;<br \/>\n&#13;<br \/>\n&#13;<br \/>\n&#13;<br \/>\n&#13;<br \/>\n&#13;<br \/>\n&#13;<br \/>\n&#13;<br \/>\n&#13;<br \/>\n&#13;<br \/>\n&#13;<br \/>\n&#13;<br \/>\n&#13;<br \/>\n&#13;<br \/>\n&#13;<br \/>\n&#13;<br \/>\n&#13;<br \/>\n&#13;<br \/>\n&#13;<br \/>\n&#13;<br \/>\n&#13;<br \/>\n&#13;<br \/>\n&#13;\n<\/p>\n<p class=\"chapter-paragraph\"><b>E quindi?<\/b><br \/>\u00abCreare due Csm genera una struttura dell\u2019ufficio inquirente molto autoreferenziale, che dovr\u00e0 per forza prima o poi essere limitata, con un controllo dell\u2019esecutivo sulla politica della repressione dei reati: il super potere del pm dovr\u00e0 essere limitato. Nel contempo per i giudici l\u2019organo di governo autonomo risulter\u00e0 molto indebolito poich\u00e9 non potranno eleggere i suoi componenti, che si dovranno sorteggiare, mentre la componente laica sar\u00e0 comunque, seppure in via mediata, di espressione elettiva, quindi verosimilmente partitica come gi\u00e0 accade ora\u00bb.<\/p>\n<p class=\"chapter-paragraph\"><b>L\u2019Alta corte non \u00e8 presieduta dal capo dello Stato. Pu\u00f2 incidere sull\u2019indipendenza?<\/b><br \/>\u00abIncidono pi\u00f9 circostanze. Si sottrae il giudizio sulla disciplina di giudice e pm al Csm, l\u2019organo che si occupa di tutti gli altri aspetti della sua vita professionale e ne conosce ogni particolare e criticit\u00e0. Nell\u2019Alta corte si aumenta il numero dei membri di nomina parlamentare rispetto a quelli sorteggiati tra i magistrati. Sempre con i primi estratti da un elenco di scelti e i secondi \u2014 cosa che in genere non dispiace ai conservatori \u2014 tra gli apici della carriera, i magistrati di legittimit\u00e0. L\u2019attuale rapporto di 30 magistrati a 10 laici, diventerebbe in ciascun Csm di 9 magistrati a 6 laici. Si passa da due terzi a un terzo nei Csm, a tre quinti e due quinti nell\u2019Alta corte\u00bb.<\/p>\n<p class=\"chapter-paragraph\"><b><a href=\"https:\/\/www.corriere.it\/politica\/25_ottobre_31\/csm-la-prima-volta-di-un-estrazione-ma-i-laici-li-sceglie-la-politica-57f12051-6e19-408e-89f9-fffe41605xlk.shtml\" title=\"Csm, la prima volta di un\u2019estrazione (ma i \u00ablaici\u00bb li sceglie la politica)\" rel=\"nofollow noopener\" target=\"_blank\">Il sorteggio spaventa<\/a> perch\u00e9 toglie potere alle correnti?<\/b><br \/>\u00abNon toglie potere alle correnti, che peraltro non possono essere viste come delle specie di associazioni per delinquere. \u00c8 successo che abbiano fatto accordi opachi per le nomine in importanti uffici giudiziari, che si siano barattate poltrone e avanzamenti. In un caso con personaggi politici: cosa facciamo, sorteggiamo anche i parlamentari? Ma questa non \u00e8 la cifra delle correnti\u00bb.<\/p>\n<p class=\"chapter-paragraph\"><b>Qual \u00e8 invece?<\/b><br \/>\u00abHanno contribuito, con i loro confronti, ad adeguare alla Costituzione grandi parti della legislazione ereditate dal fascismo, ed anche ora sono stimolo di riflessione sui temi della giurisdizione. E la riforma non toglier\u00e0, a chi lo vorr\u00e0, il potere di inquinare la vita della magistratura: gli accordi si faranno nei circoli di potere, magari dopo le nomine invece che prima\u00bb.<\/p>\n<p class=\"chapter-paragraph\"><b><a href=\"https:\/\/roma.corriere.it\/notizie\/politica\/25_ottobre_30\/foto-silvio-berlusconi-giustizia-euforia-destra-no-sinistra-713ae954-346e-464f-8f74-dbcfb6002xlk.shtml\" title=\"L\u2019euforia a destra, i no urlati a sinistra. Il flash mob dei forzisti sotto la foto di Silvio Berlusconi\" rel=\"nofollow noopener\" target=\"_blank\">Forza Italia ha festeggiato la riforma dedicandola a  Berlusconi<\/a>. Che ne pensa?<\/b><br \/>\u00abMi sembra normale che abbiano gioito, e in modo molto evidente. Era nel suo programma, e in quello del governo Berlusconi \u2014 oltre che di altri personaggi della storia di questo Paese \u2014 ed ha raggiunto lo scopo. Almeno nella fase che compete al Parlamento\u00bb.<\/p>\n<p class=\"chapter-paragraph\"><b>\u00c8 dai tempi di Mani pulite che vi accusano di invadere la politica. C\u2019\u00e8 chi vuole la riforma per sanare quel \u00abvulnus\u00bb. Che effetto le fa? <\/b><br \/>\u00abPensare che sia un vulnus applicare le regole dei comuni cittadini anche a chi ha incarichi politici significa credere che la societ\u00e0 debba essere organizzata in modo verticale e la giustizia riguardi solo il cittadino comune\u00bb.<\/p>\n<p class=\"chapter-paragraph\"><b><a href=\"https:\/\/www.corriere.it\/politica\/25_ottobre_31\/separazione-delle-carriere-antonio-di-pietro-pm-piu-forti-e-autonomi-le-critiche-al-sorteggio-per-il-csm-toglie-potere-alle-347b7fdb-44c8-4530-a0de-d68e055d4xlk.shtml\" title=\"Antonio Di Pietro sulla separazione delle carriere: \u00abPm pi\u00f9 forti e autonomi. Le critiche al sorteggio per il Csm? Toglie potere alle correnti\u00bb\" rel=\"nofollow noopener\" target=\"_blank\">Di Pietro \u00e8 favorevole alla riforma.<\/a> La sorprende?<\/b><br \/>\u00abNon mi sorprende. A volte mi vien da pensare che, per la sua persona, avesse gi\u00e0 anticipato la riforma ai tempi suoi\u00bb.<\/p>\n<p class=\"is-mr-t-20 is-mr-b-20\"><b><br \/>\n                    <a href=\"https:\/\/roma.corriere.it\/?intcmp=Notizielocali_nd_010623_corriere_ss_roma\" target=\"_blank\" rel=\"nofollow noopener\">Vai a tutte le notizie di Roma<\/a><br \/>\n            <\/b><\/p>\n<p class=\"chapter-paragraph\"><b><a href=\"https:\/\/www.corriere.it\/newsletter\/?theme=52&amp;intcmp=NL-artic_nd_050624_corriere_ss_roma\" target=\"_blank\" rel=\"nofollow noopener\">Iscriviti alla newsletter di Corriere Roma<\/a><\/b><\/p>\n<p class=\"is-last-update\" datetime=\"2025-11-01T21:39:43+01:00\">1 novembre 2025<\/p>\n<p class=\"is-copyright\">\n            \u00a9 RIPRODUZIONE RISERVATA\n        <\/p>\n","protected":false},"excerpt":{"rendered":"di Virginia Piccolillo L&#8217;ex magistrato: \u00abIl s\u00ec di Di Pietro? A volte penso che lui anticip\u00f2 la riforma\u00bb&hellip;\n","protected":false},"author":3,"featured_media":195151,"comment_status":"","ping_status":"","sticky":false,"template":"","format":"standard","meta":{"footnotes":""},"categories":[79],"tags":[1471,7554,28398,2973,117264,117265,2546,88978,2436,594,3857,23413,2336,12594,14,93,94,80793,2497,117266,117267,2431,2160,1537,90,89,83810,72412,2422,117268,117269,7,26673,18534,2438,15,46340,8176,5385,1915,3965,23939,2439,477,233,2428,117270,117263,2467,2417,11,84,91,12,85,92],"class_list":{"0":"post-195150","1":"post","2":"type-post","3":"status-publish","4":"format-standard","5":"has-post-thumbnail","7":"category-italia","8":"tag-accordi","9":"tag-alta","10":"tag-alta-corte","11":"tag-aumenta","12":"tag-aumenta-potere","13":"tag-aumenta-potere-pm","14":"tag-autonomia","15":"tag-autonomo","16":"tag-berlusconi","17":"tag-colombo","18":"tag-componenti","19":"tag-correnti","20":"tag-corte","21":"tag-creazione","22":"tag-cronaca","23":"tag-cronaca-italiana","24":"tag-cronacaitaliana","25":"tag-csm","26":"tag-esecutivo","27":"tag-gherardo","28":"tag-gherardo-colombo","29":"tag-giudici","30":"tag-indipendenza","31":"tag-it","32":"tag-italia","33":"tag-italy","34":"tag-laici","35":"tag-limitare","36":"tag-magistrati","37":"tag-magistrati-creazione","38":"tag-magistrati-laici","39":"tag-news","40":"tag-nomina","41":"tag-nomine","42":"tag-nordio","43":"tag-notizie","44":"tag-organo","45":"tag-pensa","46":"tag-pensare","47":"tag-persona","48":"tag-personaggi","49":"tag-pietro","50":"tag-pm","51":"tag-politica","52":"tag-politici","53":"tag-potere","54":"tag-potere-correnti","55":"tag-potere-pm","56":"tag-poteri","57":"tag-riforma","58":"tag-ultime-notizie","59":"tag-ultime-notizie-e-news-di-oggi","60":"tag-ultime-notizie-italia","61":"tag-ultimenotizie","62":"tag-ultimenotizieenewsdioggi","63":"tag-ultimenotizieitalia"},"share_on_mastodon":{"url":"","error":"Validation failed: Text character limit of 500 exceeded"},"_links":{"self":[{"href":"https:\/\/www.europesays.com\/it\/wp-json\/wp\/v2\/posts\/195150","targetHints":{"allow":["GET"]}}],"collection":[{"href":"https:\/\/www.europesays.com\/it\/wp-json\/wp\/v2\/posts"}],"about":[{"href":"https:\/\/www.europesays.com\/it\/wp-json\/wp\/v2\/types\/post"}],"author":[{"embeddable":true,"href":"https:\/\/www.europesays.com\/it\/wp-json\/wp\/v2\/users\/3"}],"replies":[{"embeddable":true,"href":"https:\/\/www.europesays.com\/it\/wp-json\/wp\/v2\/comments?post=195150"}],"version-history":[{"count":0,"href":"https:\/\/www.europesays.com\/it\/wp-json\/wp\/v2\/posts\/195150\/revisions"}],"wp:featuredmedia":[{"embeddable":true,"href":"https:\/\/www.europesays.com\/it\/wp-json\/wp\/v2\/media\/195151"}],"wp:attachment":[{"href":"https:\/\/www.europesays.com\/it\/wp-json\/wp\/v2\/media?parent=195150"}],"wp:term":[{"taxonomy":"category","embeddable":true,"href":"https:\/\/www.europesays.com\/it\/wp-json\/wp\/v2\/categories?post=195150"},{"taxonomy":"post_tag","embeddable":true,"href":"https:\/\/www.europesays.com\/it\/wp-json\/wp\/v2\/tags?post=195150"}],"curies":[{"name":"wp","href":"https:\/\/api.w.org\/{rel}","templated":true}]}}