{"id":195187,"date":"2025-11-02T00:09:10","date_gmt":"2025-11-02T00:09:10","guid":{"rendered":"https:\/\/www.europesays.com\/it\/195187\/"},"modified":"2025-11-02T00:09:10","modified_gmt":"2025-11-02T00:09:10","slug":"italia-due-novita-nella-lista-definitiva-dei-convocati-per-il-match-con-laustralia","status":"publish","type":"post","link":"https:\/\/www.europesays.com\/it\/195187\/","title":{"rendered":"Italia: due novit\u00e0 nella lista definitiva dei convocati per il match con l&#8217;Australia"},"content":{"rendered":"<p>Gonzalo Quesada conferma nella quasi totalit\u00e0 i giocatori gi\u00e0 in raduno a Verona, a Udine ci saranno anche un trequarti e un avanti invitato<\/p>\n<p>\t\t\t\t\t\t<img fetchpriority=\"high\" decoding=\"async\" aria-describedby=\"caption-attachment-279813\" class=\"wp-image-279813 size-full\" src=\"https:\/\/www.europesays.com\/it\/wp-content\/uploads\/2025\/11\/Menoncello_Brex.jpg\" alt=\"\" width=\"800\" height=\"533\"  \/><\/p>\n<p id=\"caption-attachment-279813\" class=\"wp-caption-text\">Italia: due novit\u00e0 nella lista definitiva dei convocati per il match con l\u2019Australia<\/p>\n<p>Lo staff tecnico della nazionale italiana, guidato da Gonzalo Quesada, ha reso nota la lista dei giocatori convocati per il raduno di Udine, in preparazione alla sfida contro l\u2019Australia. Il match inaugurer\u00e0 il percorso degli Azzurri nelle Quilter Nations Series e si disputer\u00e0 sabato 8 novembre alle 18:40 al Bluenergy Stadium del capoluogo friulano.<\/p>\n<p><strong>Leggi anche,\u00a0<a href=\"https:\/\/www.onrugby.it\/2025\/10\/06\/autumn-nations-series-date-orari-e-dove-acquistare-i-biglietti-delle-partite-dellitalia\/\" target=\"_blank\" rel=\"noopener nofollow\">Quilter\u00a0Nations Series: date, orari e dove acquistare i biglietti delle partite dell\u2019Italia<\/a><\/strong><\/p>\n<p>Rispetto al gruppo riunito a Verona, viene confermata quasi tutta la rosa: Quesada sceglie la continuit\u00e0, ma introduce una novit\u00e0 con l\u2019inserimento di Mirko Belloni, che entra ufficialmente tra i convocati. Accanto a lui, spazio anche a David Odiase, terza linea delle Zebre, chiamato a prendere parte al raduno friulano in qualit\u00e0 di invitato. A lasciare momentaneamente il gruppo \u00e8 Sebastian Negri, costretto allo stop per infortunio e indisponibile per la sfida ai Wallabies.<\/p>\n<p><strong>Leggi anche: <a href=\"https:\/\/www.onrugby.it\/2025\/10\/31\/dove-si-vedono-le-quilter-nations-series-in-tv-e-streaming\/\" rel=\"nofollow noopener\" target=\"_blank\">Dove si vedono le Quilter Nations Series in tv e streaming<\/a><\/strong><\/p>\n<p>Gli Azzurri si ritroveranno a Udine nel pomeriggio di domenica 2 novembre. Il programma prevede la preparazione in campo a partire da luned\u00ec 3 novembre, mentre marted\u00ec 4 novembre alle 10, presso la sede del Rugby Udine, si terr\u00e0 un allenamento aperto ai tifosi. La formazione che affronter\u00e0 l\u2019Australia sar\u00e0 annunciata gioved\u00ec 6 novembre alle 14:30, infine venerd\u00ec 7 novembre alle 11:45, sempre al Bluenergy Stadium, \u00e8 previsto il team run.<\/p>\n<p>Tutti gli incontri dell\u2019Italia saranno trasmessi in diretta su Sky Sport e Rai.<\/p>\n<p><strong>Autumn Nations Series: il calendario dei test match degli azzurri di novembre<\/strong><\/p>\n<p><strong>Sabato 8 novembre, ore 18.40<\/strong><br \/>BluEnergy Stadium (Udine)<br \/>Italia \u2013 Australia<\/p>\n<p><strong>Sabato 15 novembre, ore 13.40<\/strong><br \/>Allianz Stadium (Torino)<br \/>Italia \u2013 Sudafrica<\/p>\n<p><strong>Sabato 22 novembre, ore 21.10<\/strong><br \/>Stadio Luigi Ferraris (Genova)<br \/>Italia \u2013 Cile<\/p>\n<p>I convocati per Italia-Australia<\/p>\n<p>Piloni<\/p>\n<p>Simone FERRARI (Benetton Rugby, 66 caps)<\/p>\n<p>Danilo FISCHETTI (Northampton Saints 55 caps)<\/p>\n<p>Muhamed HASA (Zebre Parma 3 caps)<\/p>\n<p>Marco RICCIONI (Saracens, 34 caps)<\/p>\n<p>Mirco SPAGNOLO (Benetton Rugby, 16 caps)<\/p>\n<p>Tallonatori<\/p>\n<p>Tommaso DI BARTOLOMEO (Zebre Parma, 3 caps)<\/p>\n<p>Pablo DIMCHEFF (Colomiers Rugby, 2 caps)<\/p>\n<p>Giacomo NICOTERA (Stade Fran\u00e7ais, 34 caps)<\/p>\n<p>Seconde Linee<\/p>\n<p>Niccol\u00f2 CANNONE (Benetton Rugby, 55 caps)<\/p>\n<p>Riccardo FAVRETTO (Benetton Rugby, 7 caps)<\/p>\n<p>Enoch OPOKU GYAMFI (Bath, esordiente)<\/p>\n<p>Federico RUZZA (Benetton Rugby, 64 caps)<\/p>\n<p>Andrea ZAMBONIN (Exeter Chiefs, 12 caps)<\/p>\n<p>Terze Linee<\/p>\n<p>Lorenzo CANNONE (Benetton Rugby, 30 caps)<\/p>\n<p>Alessandro IZEKOR (Benetton Rugby, 6 caps)<\/p>\n<p>Michele LAMARO (Benetton Rugby, 48 caps)<\/p>\n<p>Manuel ZULIANI (Benetton Rugby, 35 caps)<\/p>\n<p>Ross VINTCENT (Exeter Chiefs, 17 caps)<\/p>\n<p>Mediani di mischia<\/p>\n<p>Alessandro GARBISI (Benetton Rugby, 18 caps)<\/p>\n<p>Martin PAGE-RELO (Bordeaux, 18 caps)<\/p>\n<p>Stephen VARNEY (Exeter Chiefs, 34 caps)<\/p>\n<p>Mediani di apertura<\/p>\n<p>Tommaso ALLAN (Perpignan, 86 caps)<\/p>\n<p>Giacomo DA RE (Zebre Parma, 5 caps)<\/p>\n<p>Paolo GARBISI (Toulon, 47 caps)<\/p>\n<p>Centri<\/p>\n<p>Juan Ignacio BREX (Toulon, 46 caps)<\/p>\n<p>Leonardo MARIN (Benetton Rugby, 15 caps)<\/p>\n<p>Damiano MAZZA (Zebre Parma, esordiente)<\/p>\n<p>Tommaso MENONCELLO (Benetton Rugby, 31 caps)<\/p>\n<p>Ali\/Estremi<\/p>\n<p>Mirko BELLONI (Zebre Parma, 2 caps)<\/p>\n<p>Ange CAPUOZZO (Stade Toulousain, 28 caps)<\/p>\n<p>Monty IOANE (Lione, 39 caps)<\/p>\n<p>Louis LYNAGH (Benetton Rugby, 7 caps)<\/p>\n<p>Lorenzo PANI (Zebre Parma, 8 caps)<\/p>\n<p>Edoardo TODARO (Northampton Saints, esordiente)<\/p>\n<p>Invitato<\/p>\n<p>David ODIASE (Zebre Parma, 2 caps)<\/p>\n<p>Atleti non considerati per infortunio:<\/p>\n<p>Matteo CANALI (Zebre Parma, 2 caps)<\/p>\n<p>Alessandro FUSCO (Zebre Parma, 20 caps)<\/p>\n<p>Dino LAMB (Canon Eagles, 12 caps)<\/p>\n<p>Gianmarco LUCCHESI (Toulon, 33 caps)<\/p>\n<p>Sebastian NEGRI (Benetton Rugby, 65 caps)<\/p>\n<p>Ivan NEMER (Benetton Rugby, 16 caps)<\/p>\n<p>Jacopo TRULLA (Zebre Parma, 17 caps)\t<\/p>\n<p>onrugby.it \u00a9 riproduzione riservata<\/p>\n<p>Cari Lettori,<\/p>\n<p>OnRugby, da oltre 10 anni, Vi offre gratuitamente un\u2019informazione puntuale e quotidiana sul<br \/>\n\t\t\t\t\t\t\t\tmondo della palla ovale. <b>Il nostro lavoro ha un costo che viene ripagato dalla pubblicit\u00e0, in particolare quella personalizzata.<\/b><\/p>\n<p>Quando Vi viene proposta l\u2019informativa sul rilascio di cookie o tecnologie simili, Vi chiediamo di sostenerci dando il Vostro consenso.<\/p>\n","protected":false},"excerpt":{"rendered":"Gonzalo Quesada conferma nella quasi totalit\u00e0 i giocatori gi\u00e0 in raduno a Verona, a Udine ci saranno anche&hellip;\n","protected":false},"author":3,"featured_media":195188,"comment_status":"","ping_status":"","sticky":false,"template":"","format":"standard","meta":{"footnotes":""},"categories":[1458],"tags":[1537,90,89,1840,245,244],"class_list":{"0":"post-195187","1":"post","2":"type-post","3":"status-publish","4":"format-standard","5":"has-post-thumbnail","7":"category-rugby","8":"tag-it","9":"tag-italia","10":"tag-italy","11":"tag-rugby","12":"tag-sport","13":"tag-sports"},"share_on_mastodon":{"url":"https:\/\/pubeurope.com\/@it\/115477201754253511","error":""},"_links":{"self":[{"href":"https:\/\/www.europesays.com\/it\/wp-json\/wp\/v2\/posts\/195187","targetHints":{"allow":["GET"]}}],"collection":[{"href":"https:\/\/www.europesays.com\/it\/wp-json\/wp\/v2\/posts"}],"about":[{"href":"https:\/\/www.europesays.com\/it\/wp-json\/wp\/v2\/types\/post"}],"author":[{"embeddable":true,"href":"https:\/\/www.europesays.com\/it\/wp-json\/wp\/v2\/users\/3"}],"replies":[{"embeddable":true,"href":"https:\/\/www.europesays.com\/it\/wp-json\/wp\/v2\/comments?post=195187"}],"version-history":[{"count":0,"href":"https:\/\/www.europesays.com\/it\/wp-json\/wp\/v2\/posts\/195187\/revisions"}],"wp:featuredmedia":[{"embeddable":true,"href":"https:\/\/www.europesays.com\/it\/wp-json\/wp\/v2\/media\/195188"}],"wp:attachment":[{"href":"https:\/\/www.europesays.com\/it\/wp-json\/wp\/v2\/media?parent=195187"}],"wp:term":[{"taxonomy":"category","embeddable":true,"href":"https:\/\/www.europesays.com\/it\/wp-json\/wp\/v2\/categories?post=195187"},{"taxonomy":"post_tag","embeddable":true,"href":"https:\/\/www.europesays.com\/it\/wp-json\/wp\/v2\/tags?post=195187"}],"curies":[{"name":"wp","href":"https:\/\/api.w.org\/{rel}","templated":true}]}}