{"id":195399,"date":"2025-11-02T04:51:24","date_gmt":"2025-11-02T04:51:24","guid":{"rendered":"https:\/\/www.europesays.com\/it\/195399\/"},"modified":"2025-11-02T04:51:24","modified_gmt":"2025-11-02T04:51:24","slug":"se-e-belen-a-menare-nessuno-si-indigna","status":"publish","type":"post","link":"https:\/\/www.europesays.com\/it\/195399\/","title":{"rendered":"Se \u00e8 Belen a menare nessuno si indigna"},"content":{"rendered":"<p>&#8220;Ho detto qualcosa che non va?&#8230;&#8221;, &#8220;Con quella bocca pu\u00f2 dire ci\u00f2 che vuole&#8221;. Si chiudeva cos\u00ec, dentro Carosello, lo spot del dentifricio Chlorodont. Ma erano gli anni Sessanta, quelli in cui si poteva ancora parlare perch\u00e9 la gente stava gi\u00e0 attenta da sola a cosa dire, la bocca in questione apparteneva all&#8217;inarrivabile Virna Lisi e i tempi non erano ancora cos\u00ec tremendamente scivolosi. Quindi l&#8217;altra sera, durante la trasmissione Belve di Francesca Fagnani, mentre le aggettanti labbra di Belen Rodriguez confessavano (ormai vanno in piena autonomia) che la showgirl argentina ha corcato tutti i suoi ex fidanzati, a nessuno \u00e8 venuta in mente la conclusione che valeva per la signora Lisi. Forse sulle prime, i racconti delle turbolenze affettive della Rodriguez hanno strappato un sorriso, ma il sorriso si \u00e8 subito smorzato in mezzo, e nel momento in cui, con quell&#8217;accento impastato di sole, Belen si \u00e8 messa a teorizzare che &#8220;in Argentina le cose si sistemano cos\u00ec&#8221;, l&#8217;espressione di telespettatori e internauti era ormai una smorfia di disapprovazione netta. Il fatto che miss tv abbia raccontato divertita di aver picchiato tutti i suoi uomini, in particolare Stefano De Martino, in un momento storico in cui la violenza domestica \u00e8 una piaga sociale, tradisce la convinzione che ci\u00f2 che vale per gli uomini non vale per le donne. E, visto al contrario, \u00e8 esattamente il tipo di atteggiamento che porta alla violenza domestica. A parte il fatto che affrontare Belen imbestialita dev&#8217;essere tutt&#8217;altro che folclore, bens\u00ec terrore puro anche per uno del sesso opposto (ce la immaginiamo infrangere vasi, tirare sedie, graffiare, morsicare e alzare i decibel). Noi preferiremmo affrontare due grizzli a mani nude, per esempio. Ma il punto \u00e8 che non sono pi\u00f9 i tempi per poter parlare di certe cose con spirito gogliardico. Probabilmente a un certo punto dell&#8217;intervista Belen si \u00e8 anche resa conto di essere caduta tra le spine (la Fagnani se n&#8217;\u00e8 accorta di certo) ma come spesso accade in queste circostanze, per cercare di saltarne fuori c&#8217;\u00e8 caduta ancora pi\u00f9 dentro. Invece che cambiare argomento ci \u00e8 rimasta impantanata con tutte le Louboutin: &#8220;Sono aggressiva, manesca.\n<\/p>\n<p> Quando mi parte la sudamericana i miei fidanzati li ho menati tutti. De Martino \u00e8 quello che ne ha prese di pi\u00f9. A uno gli ho lanciato un cactus! Qualche graffioin Argentina le cose si risolvono cos\u00ec&#8221;. Soprattutto con quella bocca, non pu\u00f2 dire ci\u00f2 che vuole.<\/p>\n","protected":false},"excerpt":{"rendered":"&#8220;Ho detto qualcosa che non va?&#8230;&#8221;, &#8220;Con quella bocca pu\u00f2 dire ci\u00f2 che vuole&#8221;. Si chiudeva cos\u00ec, dentro&hellip;\n","protected":false},"author":3,"featured_media":195400,"comment_status":"","ping_status":"","sticky":false,"template":"","format":"standard","meta":{"footnotes":""},"categories":[1451],"tags":[1764,19486,1621,1620,203,204,1537,90,89,89837],"class_list":{"0":"post-195399","1":"post","2":"type-post","3":"status-publish","4":"format-standard","5":"has-post-thumbnail","7":"category-celebrita","8":"tag-belen-rodriguez","9":"tag-belve","10":"tag-celebrita","11":"tag-celebrities","12":"tag-entertainment","13":"tag-intrattenimento","14":"tag-it","15":"tag-italia","16":"tag-italy","17":"tag-violenza-domestica"},"share_on_mastodon":{"url":"https:\/\/pubeurope.com\/@it\/115478310668800157","error":""},"_links":{"self":[{"href":"https:\/\/www.europesays.com\/it\/wp-json\/wp\/v2\/posts\/195399","targetHints":{"allow":["GET"]}}],"collection":[{"href":"https:\/\/www.europesays.com\/it\/wp-json\/wp\/v2\/posts"}],"about":[{"href":"https:\/\/www.europesays.com\/it\/wp-json\/wp\/v2\/types\/post"}],"author":[{"embeddable":true,"href":"https:\/\/www.europesays.com\/it\/wp-json\/wp\/v2\/users\/3"}],"replies":[{"embeddable":true,"href":"https:\/\/www.europesays.com\/it\/wp-json\/wp\/v2\/comments?post=195399"}],"version-history":[{"count":0,"href":"https:\/\/www.europesays.com\/it\/wp-json\/wp\/v2\/posts\/195399\/revisions"}],"wp:featuredmedia":[{"embeddable":true,"href":"https:\/\/www.europesays.com\/it\/wp-json\/wp\/v2\/media\/195400"}],"wp:attachment":[{"href":"https:\/\/www.europesays.com\/it\/wp-json\/wp\/v2\/media?parent=195399"}],"wp:term":[{"taxonomy":"category","embeddable":true,"href":"https:\/\/www.europesays.com\/it\/wp-json\/wp\/v2\/categories?post=195399"},{"taxonomy":"post_tag","embeddable":true,"href":"https:\/\/www.europesays.com\/it\/wp-json\/wp\/v2\/tags?post=195399"}],"curies":[{"name":"wp","href":"https:\/\/api.w.org\/{rel}","templated":true}]}}