{"id":195788,"date":"2025-11-02T11:17:12","date_gmt":"2025-11-02T11:17:12","guid":{"rendered":"https:\/\/www.europesays.com\/it\/195788\/"},"modified":"2025-11-02T11:17:12","modified_gmt":"2025-11-02T11:17:12","slug":"tumori-i-rischi-delle-fake-news-il-40-si-evita-con-lo-stile-di-vita","status":"publish","type":"post","link":"https:\/\/www.europesays.com\/it\/195788\/","title":{"rendered":"Tumori, i rischi delle fake news. Il 40% si evita con lo stile di vita"},"content":{"rendered":"<p>\u200b\u200b\u200b\u200b\u200b\u200bRoma, 2 novembre 2025 \u2013\u00a0<strong>Il 40% dei casi di<a rel=\"follow nofollow noopener\" href=\"https:\/\/www.quotidiano.net\/cronaca\/inchieste\/tumori-al-cervello-awake-christian-brogna-intervista-s7bst284\" target=\"_blank\"> tumore<\/a><\/strong> \u201cpu\u00f2 essere evitato <strong>seguendo<a rel=\"follow nofollow noopener\" href=\"https:\/\/www.quotidiano.net\/cronaca\/inchieste\/silvio-garattini-tumore-buone-abitudini-omsk6wrr\" target=\"_blank\"> stili di vita sani<\/a><\/strong><a rel=\"follow nofollow noopener\" href=\"https:\/\/www.quotidiano.net\/cronaca\/inchieste\/silvio-garattini-tumore-buone-abitudini-omsk6wrr\" target=\"_blank\">.<\/a> Intanto: no al fumo, <a rel=\"follow nofollow noopener\" href=\"https:\/\/www.quotidiano.net\/cronaca\/inchieste\/obesita-allarme-italia-bambini-adolescenti-meptfm49\" target=\"_blank\"><strong>dieta corretta<\/strong><\/a> e attivit\u00e0 fisica costante\u201d. Parte da qui <strong>Francesco Perrone<\/strong>, presidente Aiom, l\u2019Associazione italiana di oncologia medica che si prepara al Congresso nazionale, in calendario il 7 e l\u20198 novembre a Roma.<\/p>\n<p> <img alt=\"La top model Bianca Balti a settembre 2024 ha scoperto di avere un cancro ovarico al terzo stadio\" loading=\"lazy\" width=\"4000\" height=\"2667\" decoding=\"async\" data-nimg=\"1\" style=\"color:transparent;max-width:100%;height:auto\"   src=\"https:\/\/www.europesays.com\/it\/wp-content\/uploads\/2025\/11\/la-top-model-bianca-balti-a-settembre-2024-ha-scoperto-di-avere-un-cancro-ovarico-al-terzo-stadio.we.webp\"\/><\/p>\n<p>La top model Bianca Balti a settembre 2024 ha scoperto di avere un cancro ovarico al terzo stadio<\/p>\n<p>\u201cNei numeri epidemiologici &#8211; chiarisce l\u2019oncologo &#8211; <strong>il primo errore in graduatoria \u00e8 il fumo<\/strong> che, si stima, rappresenta un 25-28% di quel 40%. Questo vuol dire che tra i fattori di rischio <strong>pesa per oltre il 60\u201d<\/strong>. Dopo \u201cle cose cambiano, a seconda dell\u2019area geografica. Nel <strong>Nord Est troviamo l\u2019alcol<\/strong>; nel Meridione invece <strong>sedentariet\u00e0 e <a rel=\"follow nofollow noopener\" href=\"https:\/\/www.quotidiano.net\/cronaca\/inchieste\/nuovi-farmaci-per-dimagrire-quanto-costano-yrj7okbw\" target=\"_blank\">sovrappeso<\/a><\/strong>, che sono fattori correlati. L\u2019obesit\u00e0 \u00e8 un cocktail di tante cose: ridotta attivit\u00e0 fisica, errata alimentazione, associata ad esempio a bevande zuccherate e <a rel=\"follow nofollow noopener\" href=\"https:\/\/www.quotidiano.net\/cronaca\/inchieste\/dieta-mediterranea-vera-per-dimagrire-suxqs9g1\" target=\"_blank\"><strong>inadeguato consumo di frutta e verdura<\/strong><\/a>. E anche su questo il problema riguarda ancora una volta in particolare le regioni del Sud, siamo sorpresi tutti ma \u00e8 cos\u00ec. Le analisi sono complicate, ma la traccia \u00e8 questa\u201d.<\/p>\n<p>Al Congresso della <strong>Societ\u00e0 europea di Oncologia medica<\/strong> che si \u00e8 chiuso il 21 ottobre a Berlino, \u00e8 stato rilanciato un dato importante: <strong>l\u2019Italia \u00e8 prima nell\u2019Unione europea per calo delle morti<\/strong>. La diminuzione dei tassi di mortalit\u00e0 nella Ue (e nella Gran Bretagna) era gi\u00e0 stata anticipata in uno studio coordinato dall\u2019Universit\u00e0 di Milano in collaborazione con l\u2019ateneo di Bologna e il sostegno della Fondazione Airc. <strong>Eva Negri<\/strong>, docente di Epidemiologia ambientale all\u2019Alma Mater, premette: \u201cAbbiamo analizzato la mortalit\u00e0 per cancro, che \u00e8 influenzata dall\u2019incidenza, quindi da quante persone si ammalano, ma anche dalla sopravvivenza. <strong>In generale i tassi sono in diminuzione<\/strong>. Le cause vanno indagate di volta in volta. Per esempio, nei maschi soprattutto sta diminuendo la mortalit\u00e0 da tumore del polmone, soprattutto perch\u00e9 sta diminuendo l\u2019incidenza grazie alle <strong>campagne contro il fumo <\/strong>che hanno avuto una loro efficacia\u201d.<\/p>\n<p> <img alt=\"Eva Negri, epidemiologa, \u00e8 docente all'Universit\u00e0 di Bologna.  Tra gli ultimi studi, quello sul tasso di mortalit\u00e0 dei tumori\" loading=\"lazy\" width=\"1600\" height=\"1200\" decoding=\"async\" data-nimg=\"1\" style=\"color:transparent;max-width:100%;height:auto\"   src=\"https:\/\/www.europesays.com\/it\/wp-content\/uploads\/2025\/11\/eva-negri-epidemiologa-e-docente-all-universita-di-bologna-tra-gli-ultimi-studi-quello-sul-tasso-di-.webp\"\/><\/p>\n<p>Eva Negri, epidemiologa, \u00e8 docente all&#8217;Universit\u00e0 di Bologna. Tra gli ultimi studi, quello sul tasso di mortalit\u00e0 dei tumori<\/p>\n<p><a rel=\"nofollow noopener\" target=\"_blank\" href=\"https:\/\/www.aiom.it\/\"><strong>A questo link le info di Aiom\u00a0<\/strong><\/a><\/p>\n<p>Lo studio, pubblicato a marzo, conferma dunque che \u201cin genere gli andamenti sono favorevoli &#8211; rimarca la professoressa Negri -. Sicuramente si pu\u00f2 fare di pi\u00f9, ad esempio per il<strong> cancro al polmone<\/strong>, che resta comunque <strong>la principale causa di morte per tumore nei maschi <\/strong>ed \u00e8 la <strong>seconda nelle donne, dopo la mammella.<\/strong> Ed \u00e8 una malattia molto prevenibile, i tassi di mortalit\u00e0 negli uomini pesano per 20 su 100mila, per dare un\u2019idea nella prostata sono 6 su 100mila\u201d.<\/p>\n<p> <img alt=\"Tumori, i rischi delle fake news. Il 40% si evita con lo stile di vita\" loading=\"lazy\" width=\"762\" height=\"429\" decoding=\"async\" data-nimg=\"1\" style=\"color:transparent\"  src=\"https:\/\/www.europesays.com\/it\/wp-content\/uploads\/2025\/11\/x9t1934\"\/> <\/p>\n<p>Invece lo smog a che livello si colloca come fattore di rischio? \u201cNon sono in grado di posizionarlo ma<strong> il livello \u00e8 alto<\/strong>\u201d, riconosce Perrone. Inevitabile pensare alla <strong>Pianura padana<\/strong>, \u201cho in mente mappe dell\u2019Europa dove quel territorio ha il colore che si accende, vivo, perch\u00e9 \u00e8 uno dei punti critici per l\u2019inquinamento atmosferico da polveri sottili. E questa cosa \u00e8 molto rilevante anche dal punto di vista politico-sociale\u201d.<\/p>\n<p>Ma la scienza non \u00e8 mai in grado di stabilire \u201cche <strong>un tumore \u00e8 nato per una singola esposizione<\/strong>, tutti i fattori di rischio tendenzialmente concorrono tra di loro &#8211; mette in evidenza l\u2019oncologo -. Quindi, in termini di impatto sul rischio di ammalarsi di cancro, se sommiamo il vivere in una zona con un alto livello di inquinamento da polveri sottili al fumo, all\u2019alcol, al rimanere seduti sul divano, senza fare attivit\u00e0 fisica e mangiando male, arriviamo a un <strong>cocktail micidiale<\/strong>. Ma non si pu\u00f2 mai mettere l\u2019etichetta. Ed \u00e8 una ricerca molto complessa, un bel filone di ricerca epidemiologica\u201d.<\/p>\n<p>Nello studio sostenuto dalla Fondazione Airc si mette anche in evidenza che in Italia gli <strong>unici tassi di mortalit\u00e0 previsti in lieve aumento<\/strong> sono quelli che riguardano<strong> il cancro del pancreas e della vescica nelle donne.<\/strong> Sul primo \u201cnon c\u2019\u00e8 una spiegazione chiarissima &#8211; osserva Perrone -. Direi che il tumore al pancreas rappresenta soprattutto un\u2019emergenza culturale e concettuale. Perch\u00e9 negli ultimi vent\u2019anni in oncologia, anche quando c\u2019erano storicamente poche possibilit\u00e0 terapeutiche, siamo riusciti a fare progressi. Vale ad esempio per il fegato. Purtroppo i tumori del pancreas sono tra gli<strong> ultimi tipi di cancro per i quali stentiamo a vedere miglioramenti<\/strong> significativi. S\u00ec, le diagnosi aumentano perch\u00e9 aumenta anche la coscienza, la percezione. Non possiamo individuare una causa specifica e precisa per <strong>l\u2019aumento dei casi<\/strong>, intervengono tutti i fattori di rischio, <strong>alcol e fumo in particolare.<\/strong> Ma per noi, ribadisco, \u00e8 un\u2019emergenza prima di tutto culturale perch\u00e9 \u00e8 uno di quei tumori per i quali non abbiamo avuto quasi mai risultati soddisfacenti\u201d.<\/p>\n<p>Sul cancro s\u2019inseguono costantemente notizie e <a rel=\"follow nofollow noopener\" href=\"https:\/\/www.quotidiano.net\/cronaca\/inchieste\/tumori-ma-e-vero-che-onbml248\" target=\"_blank\"><strong>spesso fake news.<\/strong><\/a> Come \u201cquando sento parlare di trattamenti cosiddetti alternativi, che in realt\u00e0 sono semplicemente di non provata efficacia &#8211; non si capacita il presidente Aiom -. Oltre ad essere una sorta di reato d\u2019opinione, danneggiamo i malati. <strong>Abbindolati da sciocchezze, rischiano di morire<\/strong>, ed \u00e8 successo, perch\u00e9 non hanno fatto le cose giuste. Questo accade ogni tanto, per fortuna sempre meno. Ma quando succede, la rabbia \u00e8 proprio tanta\u201d. Eva Negri considera grave far credere che \u201csia stata <strong>scoperta un\u2019altra causa di tumore<\/strong> che di colpo sembra la pi\u00f9 importante di tutte. Invece sappiamo bene quali sono i fattori, e magari saremo anche noiosi a ripetere sempre le stesse cose. Ma fumo, eccesso di alcol, obesit\u00e0, sono determinanti molto importanti. Sostenere altro, rischia di far<strong> perdere la bussola alle persone\u201d.<\/strong><\/p>\n<p> <img alt=\"Da qui al 2050 la spesa sanitaria per i tumori in Italia sar\u00e0 simile a quella della Ue (fonte: Ocse 2024)\" loading=\"lazy\" width=\"1920\" height=\"1080\" decoding=\"async\" data-nimg=\"1\" style=\"color:transparent;max-width:100%;height:auto\"   src=\"https:\/\/www.europesays.com\/it\/wp-content\/uploads\/2025\/11\/da-qui-al-2050-la-spesa-sanitaria-per-i-tumori-in-italia-sara-simile-a-quella-della-ue-fonte-ocse-20.webp\"\/><\/p>\n<p>Da qui al 2050 la spesa sanitaria per i tumori in Italia sar\u00e0 simile a quella della Ue (fonte: Ocse 2024)<\/p>\n","protected":false},"excerpt":{"rendered":"\u200b\u200b\u200b\u200b\u200b\u200bRoma, 2 novembre 2025 \u2013\u00a0Il 40% dei casi di tumore \u201cpu\u00f2 essere evitato seguendo stili di vita sani.&hellip;\n","protected":false},"author":3,"featured_media":195789,"comment_status":"","ping_status":"","sticky":false,"template":"","format":"standard","meta":{"footnotes":""},"categories":[175],"tags":[79988,10243,239,1537,90,89,7,3744,240,1581,2642],"class_list":{"0":"post-195788","1":"post","2":"type-post","3":"status-publish","4":"format-standard","5":"has-post-thumbnail","7":"category-salute","8":"tag-evita","9":"tag-fake","10":"tag-health","11":"tag-it","12":"tag-italia","13":"tag-italy","14":"tag-news","15":"tag-rischi","16":"tag-salute","17":"tag-stile","18":"tag-tumori"},"share_on_mastodon":{"url":"https:\/\/pubeurope.com\/@it\/115479829138795155","error":""},"_links":{"self":[{"href":"https:\/\/www.europesays.com\/it\/wp-json\/wp\/v2\/posts\/195788","targetHints":{"allow":["GET"]}}],"collection":[{"href":"https:\/\/www.europesays.com\/it\/wp-json\/wp\/v2\/posts"}],"about":[{"href":"https:\/\/www.europesays.com\/it\/wp-json\/wp\/v2\/types\/post"}],"author":[{"embeddable":true,"href":"https:\/\/www.europesays.com\/it\/wp-json\/wp\/v2\/users\/3"}],"replies":[{"embeddable":true,"href":"https:\/\/www.europesays.com\/it\/wp-json\/wp\/v2\/comments?post=195788"}],"version-history":[{"count":0,"href":"https:\/\/www.europesays.com\/it\/wp-json\/wp\/v2\/posts\/195788\/revisions"}],"wp:featuredmedia":[{"embeddable":true,"href":"https:\/\/www.europesays.com\/it\/wp-json\/wp\/v2\/media\/195789"}],"wp:attachment":[{"href":"https:\/\/www.europesays.com\/it\/wp-json\/wp\/v2\/media?parent=195788"}],"wp:term":[{"taxonomy":"category","embeddable":true,"href":"https:\/\/www.europesays.com\/it\/wp-json\/wp\/v2\/categories?post=195788"},{"taxonomy":"post_tag","embeddable":true,"href":"https:\/\/www.europesays.com\/it\/wp-json\/wp\/v2\/tags?post=195788"}],"curies":[{"name":"wp","href":"https:\/\/api.w.org\/{rel}","templated":true}]}}