{"id":195868,"date":"2025-11-02T12:29:10","date_gmt":"2025-11-02T12:29:10","guid":{"rendered":"https:\/\/www.europesays.com\/it\/195868\/"},"modified":"2025-11-02T12:29:10","modified_gmt":"2025-11-02T12:29:10","slug":"le-dirette-streaming-sui-social-delle-giocatrici-la-legavolley-ci-sta-lavorando","status":"publish","type":"post","link":"https:\/\/www.europesays.com\/it\/195868\/","title":{"rendered":"Le dirette streaming sui social delle giocatrici: la LegaVolley ci sta lavorando"},"content":{"rendered":"<p>\t\t<img loading=\"lazy\" data-recalc-dims=\"1\" decoding=\"async\" width=\"640\" height=\"365\" src=\"https:\/\/www.europesays.com\/it\/wp-content\/uploads\/2025\/11\/Sky-DAZN.png\" class=\"attachment-post-thumbnail size-post-thumbnail wp-post-image\" alt=\"Olimpia Milano in TV\" style=\"object-fit:cover;\"   data-attachment-id=\"105010\" data-permalink=\"https:\/\/realolimpiamilano.com\/2024\/08\/18\/olimpia-milano-dove-vederla-in-tv-tutte-le-domande-tutte-le-risposte\/sky-dazn\/\" data-orig-file=\"https:\/\/i0.wp.com\/realolimpiamilano.com\/wp-content\/uploads\/2024\/08\/Sky-DAZN.png?fit=2280%2C1302&amp;ssl=1\" data-orig-size=\"2280,1302\" data-comments-opened=\"1\" data-image-meta=\"{&quot;aperture&quot;:&quot;0&quot;,&quot;credit&quot;:&quot;&quot;,&quot;camera&quot;:&quot;&quot;,&quot;caption&quot;:&quot;&quot;,&quot;created_timestamp&quot;:&quot;0&quot;,&quot;copyright&quot;:&quot;&quot;,&quot;focal_length&quot;:&quot;0&quot;,&quot;iso&quot;:&quot;0&quot;,&quot;shutter_speed&quot;:&quot;0&quot;,&quot;title&quot;:&quot;&quot;,&quot;orientation&quot;:&quot;0&quot;}\" data-image-title=\"Olimpia Milano in TV\" data-image-description=\"&lt;p&gt;Olimpia Milano in TV&lt;\/p&gt;&#10;\" data-image-caption=\"&lt;p&gt;Olimpia Milano in TV&lt;\/p&gt;&#10;\" data-medium-file=\"https:\/\/i0.wp.com\/realolimpiamilano.com\/wp-content\/uploads\/2024\/08\/Sky-DAZN.png?fit=300%2C171&amp;ssl=1\" data-large-file=\"https:\/\/i0.wp.com\/realolimpiamilano.com\/wp-content\/uploads\/2024\/08\/Sky-DAZN.png?fit=640%2C366&amp;ssl=1\"\/><\/p>\n<p>Mauro Fabris, presidente di LegaVolley femminile, ha parlato su Domani lanciando quella che potrebbe essere un\u2019idea anche per il basket italiano.<\/p>\n<p>\u201cC\u2019\u00e8 stato un momento, una decina di anni fa, in cui nessuno voleva trasmettere il nostro campionato di voi ley, per qu esto morivo siamo stati i primi a finire sull\u2019OTT con una nostra tv in streaming, bypassando i canali tradizionali come il digitale terrestre, il satellite e il cavo. All\u2019epoca vedere una partita sul computer sembrava mia follia, poi \u00e8 arrivata Dazn che adesso \u00e8 presente in tutte le case, cos\u00ec come il sito volleyball World TV. ora per\u00f2 il mercato \u00e8 cambiato al ribasso, in tutti gli sport gli introiti dei diritti televisivi si sono ridotti notevolmente. Ecco perch\u00e9 nei prossimi anni ci sar\u00e0 la rivoluzione di poter seguire le partite su tutti i device delle giocatrici\u201d. <\/p>\n<p>\u201cIl concetto \u00e8 quello di una piramide dove in cima, attualmente, ci sono tutti coloro che diffondono il segnale tv (Rai, Dazn, Sky.\u201d). Noi adesso la piramide la rivoltiamo, mettiamo al centro la Lega, i club e le nostre meravigliose atlete. invece di far partire tutto dai broadcaster, il nuovo punto di partenza, a cascata, sar\u00e0 quello dell\u2019ecosistema digitale LVF. Le campionesse della Serie A hanno milioni e milioni di follower in tutto il mondo, a tutti loro noi diamo gratuitamente il prodotto, cio\u00e8 la partita. In questo modo valorizziamo la possibilit\u00e0 di passare ad almeno 30 milioni certi di follower, parliamo di persone che sono gi\u00e0 fidelizzate con il volley, dal Brasile alla Cina ci saranno delle fee per le atlete e anche nuove entrate per i club. Spike Media sta sviluppando un meccanismo virtuoso che peraltro \u00e8 gi\u00e0 partito benissimo, perch\u00e9 perla prima volta la Lega quest\u2019armo riuscir\u00e0 a distribuire soldi ai club. Sottolineo: \u00e8 la prima volta in un campionato che ha 81 anni di vita\u201d.\u00a0<\/p>\n<p>Mi piace:<\/p>\n<p>Mi piace Caricamento&#8230;<\/p>\n<p><a class=\"sd-link-color\"\/><\/p>\n<p>\n\tCorrelati<\/p>\n","protected":false},"excerpt":{"rendered":"Mauro Fabris, presidente di LegaVolley femminile, ha parlato su Domani lanciando quella che potrebbe essere un\u2019idea anche per&hellip;\n","protected":false},"author":3,"featured_media":195869,"comment_status":"","ping_status":"","sticky":false,"template":"","format":"standard","meta":{"footnotes":""},"categories":[1453],"tags":[1756,1757,1537,90,89,83802,245,244],"class_list":{"0":"post-195868","1":"post","2":"type-post","3":"status-publish","4":"format-standard","5":"has-post-thumbnail","7":"category-basket","8":"tag-basket","9":"tag-basketball","10":"tag-it","11":"tag-italia","12":"tag-italy","13":"tag-olimpia-milano-serie-a","14":"tag-sport","15":"tag-sports"},"share_on_mastodon":{"url":"https:\/\/pubeurope.com\/@it\/115480111947215463","error":""},"_links":{"self":[{"href":"https:\/\/www.europesays.com\/it\/wp-json\/wp\/v2\/posts\/195868","targetHints":{"allow":["GET"]}}],"collection":[{"href":"https:\/\/www.europesays.com\/it\/wp-json\/wp\/v2\/posts"}],"about":[{"href":"https:\/\/www.europesays.com\/it\/wp-json\/wp\/v2\/types\/post"}],"author":[{"embeddable":true,"href":"https:\/\/www.europesays.com\/it\/wp-json\/wp\/v2\/users\/3"}],"replies":[{"embeddable":true,"href":"https:\/\/www.europesays.com\/it\/wp-json\/wp\/v2\/comments?post=195868"}],"version-history":[{"count":0,"href":"https:\/\/www.europesays.com\/it\/wp-json\/wp\/v2\/posts\/195868\/revisions"}],"wp:featuredmedia":[{"embeddable":true,"href":"https:\/\/www.europesays.com\/it\/wp-json\/wp\/v2\/media\/195869"}],"wp:attachment":[{"href":"https:\/\/www.europesays.com\/it\/wp-json\/wp\/v2\/media?parent=195868"}],"wp:term":[{"taxonomy":"category","embeddable":true,"href":"https:\/\/www.europesays.com\/it\/wp-json\/wp\/v2\/categories?post=195868"},{"taxonomy":"post_tag","embeddable":true,"href":"https:\/\/www.europesays.com\/it\/wp-json\/wp\/v2\/tags?post=195868"}],"curies":[{"name":"wp","href":"https:\/\/api.w.org\/{rel}","templated":true}]}}