{"id":197025,"date":"2025-11-03T07:01:14","date_gmt":"2025-11-03T07:01:14","guid":{"rendered":"https:\/\/www.europesays.com\/it\/197025\/"},"modified":"2025-11-03T07:01:14","modified_gmt":"2025-11-03T07:01:14","slug":"akanji-una-battaglia-spero-inter-mi-riscatti-gioco-anche-centrale","status":"publish","type":"post","link":"https:\/\/www.europesays.com\/it\/197025\/","title":{"rendered":"Akanji: &#8220;Una battaglia! Spero Inter mi riscatti. Gioco anche centrale&#8221;"},"content":{"rendered":"<p>Le parole del giocatore nerazzurro in conferenza stampa al triplice fischio della gara del Bentegodi: &#8220;Spero che l&#8217;Inter sia felice di me&#8221;<\/p>\n<p>Non solo Cristian Chivu. Dalla sponda nerazzurra arrivano anche le parole di Manuel Akanji in conferenza stampa al triplice fischio di Verona-Inter. Qui le sue considerazioni, raccolte dall&#8217;inviato di Fcinter1908.it al Bentegodi: &#8220;La cosa pi\u00f9 importante \u00e8 vincere la partita. E&#8217; stata una grande battaglia oggi, noi ci abbiamo creduto fino alla fine e abbiamo ottenuto tre punti importantissimi. Mi diverto qui all&#8217;Inter, entro in campo con lo spirito giusto e mi sento molto bene all&#8217;interno di questa squadra. Mi trovo bene con lo staff e con il resto dei compagni&#8221;.<\/p>\n<p><strong>Differenze nel giocare centrale piuttosto che a destra?<\/strong><\/p>\n<p>&#8220;Mi trovo bene anche da centrale, l\u00ec mi tocca anche controllare il gioco. A destra posso essere pi\u00f9 offensivo, ma mi piace tanto anche giocare in quella posizione&#8221;.<\/p>\n<p><strong>C&#8217;\u00e8 gi\u00e0 la sensazione che il tuo futuro sia definito?<\/strong><\/p>\n<p>&#8220;Vediamo cosa accadr\u00e0 alla fine della stagione. Dar\u00f2 del mio meglio, mostrando in campo di cosa sono capace. Vedremo cosa accadr\u00e0, spero nella conferma. Mi trovo bene qui&#8221;.<\/p>\n<p class=\"is-copyright\">\u00a9 RIPRODUZIONE RISERVATA<\/p>\n","protected":false},"excerpt":{"rendered":"Le parole del giocatore nerazzurro in conferenza stampa al triplice fischio della gara del Bentegodi: &#8220;Spero che l&#8217;Inter&hellip;\n","protected":false},"author":3,"featured_media":197026,"comment_status":"","ping_status":"","sticky":false,"template":"","format":"standard","meta":{"footnotes":""},"categories":[1452],"tags":[4319,55649,2233,77075,721,921,925,877,932,1740,350,1537,90,89,1739,3462,245,244,68157],"class_list":{"0":"post-197025","1":"post","2":"type-post","3":"status-publish","4":"format-standard","5":"has-post-thumbnail","7":"category-calcio","8":"tag-accadra","9":"tag-akanji","10":"tag-battaglia","11":"tag-bentegodi","12":"tag-calcio","13":"tag-campo","14":"tag-centrale","15":"tag-conferenza","16":"tag-conferenza-stampa","17":"tag-football","18":"tag-inter","19":"tag-it","20":"tag-italia","21":"tag-italy","22":"tag-soccer","23":"tag-spero","24":"tag-sport","25":"tag-sports","26":"tag-trovo"},"share_on_mastodon":{"url":"https:\/\/pubeurope.com\/@it\/115484484234720462","error":""},"_links":{"self":[{"href":"https:\/\/www.europesays.com\/it\/wp-json\/wp\/v2\/posts\/197025","targetHints":{"allow":["GET"]}}],"collection":[{"href":"https:\/\/www.europesays.com\/it\/wp-json\/wp\/v2\/posts"}],"about":[{"href":"https:\/\/www.europesays.com\/it\/wp-json\/wp\/v2\/types\/post"}],"author":[{"embeddable":true,"href":"https:\/\/www.europesays.com\/it\/wp-json\/wp\/v2\/users\/3"}],"replies":[{"embeddable":true,"href":"https:\/\/www.europesays.com\/it\/wp-json\/wp\/v2\/comments?post=197025"}],"version-history":[{"count":0,"href":"https:\/\/www.europesays.com\/it\/wp-json\/wp\/v2\/posts\/197025\/revisions"}],"wp:featuredmedia":[{"embeddable":true,"href":"https:\/\/www.europesays.com\/it\/wp-json\/wp\/v2\/media\/197026"}],"wp:attachment":[{"href":"https:\/\/www.europesays.com\/it\/wp-json\/wp\/v2\/media?parent=197025"}],"wp:term":[{"taxonomy":"category","embeddable":true,"href":"https:\/\/www.europesays.com\/it\/wp-json\/wp\/v2\/categories?post=197025"},{"taxonomy":"post_tag","embeddable":true,"href":"https:\/\/www.europesays.com\/it\/wp-json\/wp\/v2\/tags?post=197025"}],"curies":[{"name":"wp","href":"https:\/\/api.w.org\/{rel}","templated":true}]}}