{"id":19703,"date":"2025-07-31T08:38:10","date_gmt":"2025-07-31T08:38:10","guid":{"rendered":"https:\/\/www.europesays.com\/it\/19703\/"},"modified":"2025-07-31T08:38:10","modified_gmt":"2025-07-31T08:38:10","slug":"caldo-africano-pronto-a-riaggredire-litalia-ecco-da-quando","status":"publish","type":"post","link":"https:\/\/www.europesays.com\/it\/19703\/","title":{"rendered":"Caldo Africano pronto a riaggredire l&#8217;Italia, ecco da quando"},"content":{"rendered":"<p><img decoding=\"async\" fetchpriority=\"high\" loading=\"eager\" itemprop=\"image\" class=\"news_content_image\" src=\"https:\/\/www.europesays.com\/it\/wp-content\/uploads\/2025\/07\/temperature_310725.jpg\" alt=\"\" title=\"Il caldo africano torner\u00e0, c'\u00e8 una data\" width=\"700\" height=\"525\"\/>Il caldo africano torner\u00e0, c&#8217;\u00e8 una data\n<\/p>\n<p>Godetevi questo momento di pausa dagli eccessi termici. Il <b>caldo africano \u00e8 pronto a riaggredire l&#8217;Italia <\/b>nei prossimi giorni, riportando le temperature ampiamente sopra la media, da Nord a Sud.<\/p>\n<p>Il Bel Paese sta vivendo una fase estiva dal sapore nostalgico, nel ricordo degli anni \u201980 e \u201990 ovvero ben lontana dagli standard bollenti africani delle scorse settimane e, in generale, di questa prima met\u00e0 di stagione: merito (o colpa, a seconda dei punti di vista) dell\u2019<b>anticiclone delle Azzorre<\/b>, il quale ci sta regalando un clima asciutto e ventilato, riportando un po\u2019 di respiro in un&#8217;Estate finora dominata da un caldo intenso e talvolta opprimente.<br \/>Un break rigenerante, insomma, che ha permesso di tornare a godersi l\u2019Estate all\u2019aperto senza l\u2019incubo dell\u2019afa soffocante.<\/p>\n<p>Tuttavia, questa fase \u00e8 destinata a concludersu. Le proiezioni meteo per i <b>prossimi giorni<\/b> parlano chiaro: una saccatura,<b> <\/b>in discesa dal Regno Unito verso la Penisola Iberica, spinger\u00e0 via l\u2019anticiclone delle Azzorre,  richiamando, a sua volta, <b>venti molto caldi <\/b>direttamente dalle bollenti terre sahariane, in direzione del nostro Paese.<\/p>\n<p><b>IL CALDO AFRICANO E&#8217; PRONTO A RIAGGREDIRE L&#8217;ITALIA<br \/><\/b><b>Entro il termine della prossima settimana l\u2019anticiclone africano torner\u00e0 protagonista<\/b> assoluto dello scenario atmosferico, riportando temperature ben al di sopra delle medie stagionali. Il termometro, dunque, torner\u00e0 ad impennarsi, specialmente <b>a cavallo del weekend di Sabato 9 e Domenica 10 Agosto <\/b>facendo registrare picchi di caldo intenso ed afoso nelle principali citt\u00e0 italiane e sulle aree interne del Centro-Sud, con valori che potrebbero riavvicinarsi alla soglia dei<b> 40\u00b0C<\/b>. <br \/>Insomma, <b>il caldo africano \u00e8 pronto a riaggredire l&#8217;Italia<\/b>, \u00e8 solo questione di giorni.<img decoding=\"async\" fetchpriority=\"low\" loading=\"lazy\" itemprop=\"image\" class=\"news_content_image\" src=\"https:\/\/www.europesays.com\/it\/wp-content\/uploads\/2025\/07\/anomalie_temp_10_08_25.jpg\" alt=\"\" title=\"Le anomalie termiche previste il 10 di Agosto 2025\" width=\"700\" height=\"507\"\/>Le anomalie termiche previste il 10 di Agosto 2025Niente troppo sorprendente, intendiamoci: negli ultimi anni Agosto ci ha spesso riservatomolto spesso fasi \u201cbollenti\u201d, ovvero proprio quando sembra che l\u2019Estate possa scivolare verso il suo declino.<br \/>La seconda decade di <b>Agosto<\/b>, infatti, \u00e8 ormai diventata terreno fertile per le rimonte africane e quella in arrivo non far\u00e0 eccezione. Per questo sar\u00e0 meglio approfittare della piacevole frescura di questi giorni: presto dovremo tornare a riaccendere ventilatori e condizionatori, rifornirci di acqua fresca, insomma prepararci ad una nuova sfida contro l\u2019afa.<br \/>L\u2019Estate ha ancora tanto da dire\u2026 e lo far\u00e0 a gran voce, con tutto il calore che solo l\u2019anticiclone africano sa portare.<br \/>PER APPROFONDIRE: <b><a href=\"https:\/\/www.ilmeteo.it\/notizie\/meteo-verso-ferragosto-ribaltone-le-ultime-proiezioni-163002\" rel=\"nofollow noopener\" target=\"_blank\">Meteo verso Ferragosto: ribaltone! Le ultime proiezioni<\/a><\/b><\/p>\n","protected":false},"excerpt":{"rendered":"Il caldo africano torner\u00e0, c&#8217;\u00e8 una data Godetevi questo momento di pausa dagli eccessi termici. Il caldo africano&hellip;\n","protected":false},"author":3,"featured_media":19704,"comment_status":"","ping_status":"","sticky":false,"template":"","format":"standard","meta":{"footnotes":""},"categories":[6],"tags":[14,8,1537,90,89,419,7,15,82,9,83,10,13,11,80,84,12,81,85],"class_list":{"0":"post-19703","1":"post","2":"type-post","3":"status-publish","4":"format-standard","5":"has-post-thumbnail","7":"category-ultime-notizie","8":"tag-cronaca","9":"tag-headlines","10":"tag-it","11":"tag-italia","12":"tag-italy","13":"tag-meteo","14":"tag-news","15":"tag-notizie","16":"tag-notizie-di-cronaca","17":"tag-notizie-principali","18":"tag-notiziedicronaca","19":"tag-notizieprincipali","20":"tag-titoli","21":"tag-ultime-notizie","22":"tag-ultime-notizie-di-cronaca","23":"tag-ultime-notizie-e-news-di-oggi","24":"tag-ultimenotizie","25":"tag-ultimenotiziedicronaca","26":"tag-ultimenotizieenewsdioggi"},"share_on_mastodon":{"url":"","error":""},"_links":{"self":[{"href":"https:\/\/www.europesays.com\/it\/wp-json\/wp\/v2\/posts\/19703","targetHints":{"allow":["GET"]}}],"collection":[{"href":"https:\/\/www.europesays.com\/it\/wp-json\/wp\/v2\/posts"}],"about":[{"href":"https:\/\/www.europesays.com\/it\/wp-json\/wp\/v2\/types\/post"}],"author":[{"embeddable":true,"href":"https:\/\/www.europesays.com\/it\/wp-json\/wp\/v2\/users\/3"}],"replies":[{"embeddable":true,"href":"https:\/\/www.europesays.com\/it\/wp-json\/wp\/v2\/comments?post=19703"}],"version-history":[{"count":0,"href":"https:\/\/www.europesays.com\/it\/wp-json\/wp\/v2\/posts\/19703\/revisions"}],"wp:featuredmedia":[{"embeddable":true,"href":"https:\/\/www.europesays.com\/it\/wp-json\/wp\/v2\/media\/19704"}],"wp:attachment":[{"href":"https:\/\/www.europesays.com\/it\/wp-json\/wp\/v2\/media?parent=19703"}],"wp:term":[{"taxonomy":"category","embeddable":true,"href":"https:\/\/www.europesays.com\/it\/wp-json\/wp\/v2\/categories?post=19703"},{"taxonomy":"post_tag","embeddable":true,"href":"https:\/\/www.europesays.com\/it\/wp-json\/wp\/v2\/tags?post=19703"}],"curies":[{"name":"wp","href":"https:\/\/api.w.org\/{rel}","templated":true}]}}