{"id":197032,"date":"2025-11-03T07:10:09","date_gmt":"2025-11-03T07:10:09","guid":{"rendered":"https:\/\/www.europesays.com\/it\/197032\/"},"modified":"2025-11-03T07:10:09","modified_gmt":"2025-11-03T07:10:09","slug":"platinette-compie-70-anni-dopo-i-due-ictus-ho-il-cervello-come-un-emmenthal-pieno-di-buchi-la-tv-non-vuole-opinionisti-come-me-e-sgarbi","status":"publish","type":"post","link":"https:\/\/www.europesays.com\/it\/197032\/","title":{"rendered":"Platinette compie 70 anni: \u00abDopo i due ictus ho il cervello come un emmenthal, pieno di buchi. La tv non vuole opinionisti come me e Sgarbi\u00bb"},"content":{"rendered":"<p>    di<br \/>\n    Renato Franco<\/p>\n<p class=\"summary-art is-line-h-12\">Le confessioni della protagonista di tanto piccolo schermo dopo anni difficili: \u00abCome sto? Sono ancora viva. Mi ero definita un fenomeno da baraccone, e ne vado fiera\u00bb<\/p>\n<p class=\"chapter-paragraph\"><b>Come sta?<\/b><br \/>\u00abNon sono ancora morta, grazie\u00bb.<\/p>\n<p class=\"chapter-paragraph\">Visto che ha attraversato due ictus negli ultimi due anni, basta la prima risposta per rivelare quello che si sa: l\u2019ironia da una vita \u00e8 il codice distintivo di <b>Mauro Coruzzi, per tutti Platinette<\/b>, che marted\u00ec ne fa 70.    &#13;<br \/>\n&#13;<br \/>\n&#13;<br \/>\n&#13;<br \/>\n&#13;<br \/>\n&#13;<br \/>\n&#13;<br \/>\n&#13;<br \/>\n&#13;<br \/>\n&#13;<br \/>\n&#13;<br \/>\n&#13;<br \/>\n&#13;<br \/>\n&#13;<br \/>\n&#13;<br \/>\n&#13;<br \/>\n&#13;<br \/>\n&#13;<br \/>\n&#13;<br \/>\n&#13;<br \/>\n&#13;<br \/>\n&#13;<br \/>\n&#13;<br \/>\n&#13;<br \/>\n&#13;<br \/>\n&#13;<br \/>\n&#13;<br \/>\n&#13;<br \/>\n&#13;<br \/>\n&#13;<br \/>\n&#13;<br \/>\n&#13;<br \/>\n&#13;<br \/>\n&#13;<br \/>\n&#13;<br \/>\n&#13;<br \/>\n&#13;<br \/>\n&#13;<br \/>\n&#13;<br \/>\n&#13;<br \/>\n&#13;<br \/>\n&#13;<br \/>\n&#13;<br \/>\n&#13;<br \/>\n&#13;<br \/>\n&#13;<br \/>\n&#13;<br \/>\n&#13;<br \/>\n&#13;<br \/>\n&#13;<br \/>\n&#13;<br \/>\n&#13;<br \/>\n&#13;\n<\/p>\n<p class=\"chapter-paragraph\"><b>Il compleanno \u00e8 un dramma o una festa?<\/b><br \/>\u00abMa che iperbole! Non mi abbatto come se fossi sull\u2019orlo di una crisi di nervi, n\u00e9 gioisco come una teenager che con la maggiore et\u00e0 pu\u00f2 finalmente iscriversi all\u2019autoscuola\u00bb.<\/p>\n<p class=\"chapter-paragraph\"><b>Ha avuto due ictus, uno ischemico e uno emorragico: si sente un sopravvissuto o un miracolato? <br \/><\/b>\u00abIl neurologo che mi ha in cura mi dice che il mio cervello \u00e8 come un emmental, nel senso che \u00e8 \u201ca buchi\u201d e se anche sono scomparse molte zone attive con i rispettivi neuroni (parola, sordit\u00e0, equilibrio in proporzioni variabili), i reduci, poveretti, si sono caricati tutto il lavoro. Pi\u00f9 che menomato, mi sento impaurito soprattutto per la difficolt\u00e0 nell\u2019equilibrio che sto recuperando molto lentamente: cammino con il bastone come una vecchia pazza e questo mi rende fragile\u00bb.<\/p>\n<p class=\"chapter-paragraph\"><b>Per\u00f2 riesce anche a scherzarci su.<br \/><\/b>\u00abDa contribuente con 50 anni di versamenti ininterrotti, sono ufficialmente diventato pensionato e mi posso permettere di non dover lavorare a tutti i costi, facendo mia la imperitura battuta di Patty Pravo: \u201cHo guadagnato 11 miliardi ma ne ho spesi 13\u201d\u00bb.<\/p>\n<p class=\"chapter-paragraph\"><b>Come li ha sperperati?<br \/><\/b>\u00abIn qualunque cosa. Ho comprato anche dei vinili di Mina in giapponese\u00bb.<\/p>\n<p class=\"chapter-paragraph\"><b>Si d\u00e0 delle colpe?<br \/><\/b>\u00abDi certo non mi assolvo: sapevo che spingendo sull\u2019acceleratore prima o poi vai a schiantarti. Ho fatto troppi lavori insieme, prima o poi lo stress si porta via tutto il resto\u00bb.<\/p>\n<p class=\"chapter-paragraph\"><b>Pesava 180 chili e aveva un\u2019alimentazione folle: cosa la spingeva verso un\u2019autodistruzione consapevole? <br \/><\/b>\u00abMa abbiamo presente quanti esseri umani sono una contraddizione vivente? Forse la vita \u00e8 una botta di culo come dice l\u2019ultranovantenne Gino Paoli, che ha un proiettile vicino al cuore e sbevazza una boccia intera di whisky al giorno, non disdegnando un pacchetto di Marlboro come appoggio. Se anche ti fai del male con il trash food speri sempre di cavartela o che gli eventuali guai capitino a qualcun altro\u00bb.<\/p>\n<p class=\"chapter-paragraph\"><b>Il meglio che le \u00e8 capitato in questi primi 70 anni?<br \/><\/b>\u00abL\u2019esperienza pi\u00f9 intensamente vissuta \u00e8 il vero primo amore: un bevitore di caff\u00e8 con annessa anice, siamo compagni di classe e studiamo insieme con le nostre ragazze. Allora mi piaceva molto vivere una certa eterosessualit\u00e0 anche se sapevo gi\u00e0 che i miei sguardi andavano altrove e cadevano su di lui. Mi regal\u00f2 il Corydon di Andr\u00e9 Gide con una dedica di quelle che ti strappano il cuore: \u201cPer quello che \u00e8 stato, per quello che non \u00e8, per ci\u00f2 che non sar\u00e0 mai\u201d, dando anche a un decerebrato 18enne come me il possesso di un desiderio, tanto pi\u00f9 forte perch\u00e9 compresi che ci\u00f2 che ti graffia per sempre il cuore \u00e8 ci\u00f2 che non avrai mai\u00bb.<\/p>\n<p class=\"chapter-paragraph\"><b>E il peggio?<br \/><\/b>\u00abQuella stessa stessa esperienza\u00bb.<\/p>\n<p class=\"chapter-paragraph\"><b>In famiglia disse di essere omosessuale?<br \/><\/b>\u00abMio padre torn\u00f2 dalla guerra e fu curato con l\u2019elettroshock, era come uno zombie, in senso buono. Mia mamma invece un giorno trov\u00f2 i miei vestiti femminili e li lav\u00f2 come se niente fosse. Posso dire di non aver avuto nessuna difficolt\u00e0 in casa\u00bb.<\/p>\n<p class=\"chapter-paragraph\"><b>A chi deve dire grazie?<br \/><\/b>\u00abAlla mia infanzia solitaria, alla mia secretata cultura e ad averla messa a disposizione di Platinette, l\u2019opima travestita della Bassa Padana\u00bb.<\/p>\n<p class=\"chapter-paragraph\"><b>Cosa le manca della tv? <br \/><\/b>\u00abNon mi manca quasi nulla o nessuno se non fosse per i signori che non ci sono pi\u00f9, o i signori che ho incontrato dopo come Marco Liorni, uno che non si \u00e8 spaventato nel farmi lavorare anche se parlavo come una cocorita ferita. Mi manca Guillermo Mariotto, uno che si \u00e8 interessato al mio stato di relativa salute chiedendomi news in privato, ma lui \u00e8 fuori linea come me, lo sento come un alter ego\u00bb.<\/p>\n<p class=\"chapter-paragraph\"><b>Sogna un giorno di ritornarci in tv?<br \/><\/b>\u00abAdesso c\u2019\u00e8 poco o niente per cui valga la pena. In tv gli opinionisti ora sono un residuato bellico di una disputa dove fanno da contorno all\u2019Ego smisurato dei conduttori, mentre il \u201cnoi vecchia guardia\u201d come me, come Vittorio Sgarbi, come Raffaello Tonon o siamo depressi o fuori gioco, a causa del politically correct che impera in questo Medioevo da intelligenza artificiale\u00bb.<\/p>\n<p class=\"chapter-paragraph\"><b>Guardando indietro: il miglior litigio?<br \/><\/b>\u00abQuello per i vent\u2019anni del Maurizio Costanzo Show: pressato dal peso dell\u2019insostenibile mia leggerezza sono ruzzolato un paio di panche pi\u00f9 gi\u00f9. Maurizio pretese che non salissi pi\u00f9 nei \u201csecondi\u201d ma mi colloc\u00f2 in proscenio, accanto alla Mondaini e Vianello\u2026 Michele Guard\u00ec mi accus\u00f2 di avere inscenato la caduta per farmi notare: reagii come una Erinni furiosa e lo zittii come meritava\u00bb.<\/p>\n<p class=\"chapter-paragraph\"><b>Di cosa si \u00e8 pentito?<br \/><\/b>\u00abDi non aver accettato un cameo in un film di Rocco Siffredi. Lui si sarebbe spazzolato una band femminile: quando arrivava di fronte a me, se la sarebbe data a gambe levate\u00bb.<\/p>\n<p class=\"chapter-paragraph\"><b>Maurizio Costanzo in un ricordo?<br \/><\/b>\u00abLo sguardo di taglio. Quello che mi lanciava quando voleva che andassi all\u2019attacco: non eravamo Don Chisciotte e Sancho Panza, ma la dinamica era quella e contro non c\u2019erano mulini a vento, ma persone boriose da spolverare a dovere\u00bb.<\/p>\n<p class=\"chapter-paragraph\"><b>Barbara D\u2019Urso?<br \/><\/b>\u00ab\u00c8 l\u2019ultima vera Diva della tv: \u00e8 come Gloria Swanson in Viale del tramonto: ha conosciuto il fasto della gran popolarit\u00e0 e poi lo stato di appestata, di reietta. Ce la far\u00e0, ancora una volta: ha la resistenza dell\u2019acciaio\u00bb.<\/p>\n<p class=\"chapter-paragraph\"><b>Sempre contrario al matrimonio tra persone dello stesso sesso? <br \/><\/b>\u00abSono contrario per quello che mi riguarda: trovo il matrimonio tra uomini una parodia a somiglianza di quello tra etero. Io poi non mi sono mai sentito monogamo e la fedelt\u00e0 \u00e8 una virt\u00f9 del legame matrimoniale\u00bb.<\/p>\n<p class=\"chapter-paragraph\"><b>Perch\u00e9 non le piace il Pride?<br \/><\/b>\u00abPerch\u00e9 da tempo non ci sono pi\u00f9 nemici da combattere con il forcone n\u00e9 diritti da pretendere. Dobbiamo forse convincere due buzzurri microcefali a essere pi\u00f9 comprensivi? Che sforzo inutile\u00bb.<\/p>\n<p class=\"chapter-paragraph\"><b>Si era definita un fenomeno da baraccone. <br \/><\/b>\u00abLo ribadisco e ne vado fiera. Intanto i \u201cfenomeni\u201d lasciano una traccia con il loro apparire e con orgoglio ho portato a considerare quelli come me come parte integrante del sociale, una leva per sbadilare quintali di pregiudizi\u00bb.<\/p>\n<p class=\"chapter-paragraph\"><b>Eppure hanno chiamato Drusilla Foer per condurre Sanremo e non lei: le \u00e8 dispiaciuto? <br \/><\/b>\u00abMi ha reso orgogliosa: significa che sono davvero pericolosa e \u201cspaventante\u201d\u00bb.<\/p>\n<p class=\"chapter-paragraph\"><b>Platinette \u00e8 stata definitivamente \u00abuccisa\u00bb da Mauro Coruzzi?<br \/><\/b>\u00abLe maschere raccontano molto della vita e anche se sedate nella loro invadenza mediatica fanno fatica a morire, per di pi\u00f9 per mano del suo stesso inventore\u00bb.<\/p>\n<p class=\"is-last-update\" datetime=\"2025-11-02T21:22:03+01:00\">3 novembre 2025<\/p>\n<p class=\"is-copyright\">\n            \u00a9 RIPRODUZIONE RISERVATA\n        <\/p>\n","protected":false},"excerpt":{"rendered":"di Renato Franco Le confessioni della protagonista di tanto piccolo schermo dopo anni difficili: \u00abCome sto? Sono ancora&hellip;\n","protected":false},"author":3,"featured_media":197033,"comment_status":"","ping_status":"","sticky":false,"template":"","format":"standard","meta":{"footnotes":""},"categories":[174],"tags":[118136,118137,118138,5781,118139,118140,10883,118141,118142,8398,31708,31709,3810,118143,118144,81389,118145,118146,8165,118147,118148,118149,118150,118151,87,118152,118153,118154,118128,48098,2094,483,5372,118129,642,6036,118130,21171,118131,118132,5376,118133,203,9606,4876,16394,1973,118134,22017,4282,204,1537,90,89,3776,4964,8866,16491,46945,26758,99108,1354,85470,118127,6092,5242,2677,27675,48351,97956,253,3995,118135,47168],"class_list":{"0":"post-197032","1":"post","2":"type-post","3":"status-publish","4":"format-standard","5":"has-post-thumbnail","7":"category-intrattenimento","8":"tag-abbatto","9":"tag-abbatto-orlo","10":"tag-abbatto-orlo-crisi","11":"tag-accanto","12":"tag-accanto-mondaini","13":"tag-accanto-mondaini-vianello","14":"tag-acceleratore","15":"tag-acceleratore-vai","16":"tag-acceleratore-vai-schiantarti","17":"tag-accettato","18":"tag-accettato-cameo","19":"tag-accettato-cameo-film","20":"tag-acciaio","21":"tag-acciaio-contrario","22":"tag-acciaio-contrario-matrimonio","23":"tag-accuso","24":"tag-accuso-inscenato","25":"tag-accuso-inscenato-caduta","26":"tag-alimentazione","27":"tag-alimentazione-folle","28":"tag-alimentazione-folle-spingeva","29":"tag-alter","30":"tag-alter-ego","31":"tag-alter-ego-sogna","32":"tag-amore","33":"tag-amore-bevitore","34":"tag-amore-bevitore-caffe","35":"tag-andassi","36":"tag-baraccone","37":"tag-buchi","38":"tag-cervello","39":"tag-cio","40":"tag-contrario","41":"tag-coruzzi","42":"tag-costanzo","43":"tag-cuore","44":"tag-cuore-cio","45":"tag-definita","46":"tag-definita-fenomeno","47":"tag-definita-fenomeno-baraccone","48":"tag-difficolta","49":"tag-ego","50":"tag-entertainment","51":"tag-equilibrio","52":"tag-esperienza","53":"tag-farmi","54":"tag-fenomeno","55":"tag-fenomeno-baraccone","56":"tag-fiera","57":"tag-ictus","58":"tag-intrattenimento","59":"tag-it","60":"tag-italia","61":"tag-italy","62":"tag-lavorare","63":"tag-manca","64":"tag-matrimonio","65":"tag-maurizio","66":"tag-maurizio-costanzo","67":"tag-mauro","68":"tag-mauro-coruzzi","69":"tag-ne","70":"tag-opinionisti","71":"tag-platinette","72":"tag-posso","73":"tag-sapevo","74":"tag-senso","75":"tag-sento","76":"tag-sgarbi","77":"tag-signori","78":"tag-tv","79":"tag-vado","80":"tag-vado-fiera","81":"tag-vecchia"},"share_on_mastodon":{"url":"","error":"Validation failed: Text character limit of 500 exceeded"},"_links":{"self":[{"href":"https:\/\/www.europesays.com\/it\/wp-json\/wp\/v2\/posts\/197032","targetHints":{"allow":["GET"]}}],"collection":[{"href":"https:\/\/www.europesays.com\/it\/wp-json\/wp\/v2\/posts"}],"about":[{"href":"https:\/\/www.europesays.com\/it\/wp-json\/wp\/v2\/types\/post"}],"author":[{"embeddable":true,"href":"https:\/\/www.europesays.com\/it\/wp-json\/wp\/v2\/users\/3"}],"replies":[{"embeddable":true,"href":"https:\/\/www.europesays.com\/it\/wp-json\/wp\/v2\/comments?post=197032"}],"version-history":[{"count":0,"href":"https:\/\/www.europesays.com\/it\/wp-json\/wp\/v2\/posts\/197032\/revisions"}],"wp:featuredmedia":[{"embeddable":true,"href":"https:\/\/www.europesays.com\/it\/wp-json\/wp\/v2\/media\/197033"}],"wp:attachment":[{"href":"https:\/\/www.europesays.com\/it\/wp-json\/wp\/v2\/media?parent=197032"}],"wp:term":[{"taxonomy":"category","embeddable":true,"href":"https:\/\/www.europesays.com\/it\/wp-json\/wp\/v2\/categories?post=197032"},{"taxonomy":"post_tag","embeddable":true,"href":"https:\/\/www.europesays.com\/it\/wp-json\/wp\/v2\/tags?post=197032"}],"curies":[{"name":"wp","href":"https:\/\/api.w.org\/{rel}","templated":true}]}}