{"id":197042,"date":"2025-11-03T07:15:11","date_gmt":"2025-11-03T07:15:11","guid":{"rendered":"https:\/\/www.europesays.com\/it\/197042\/"},"modified":"2025-11-03T07:15:11","modified_gmt":"2025-11-03T07:15:11","slug":"torino-quindicenne-invalido-ostaggio-di-una-baby-gang-seviziato-e-gettato-nel-fiume","status":"publish","type":"post","link":"https:\/\/www.europesays.com\/it\/197042\/","title":{"rendered":"Torino, quindicenne invalido ostaggio di una baby gang: seviziato e gettato nel fiume"},"content":{"rendered":"<p>    di<br \/>\n    Massimo Massenzio<\/p>\n<p class=\"summary-art is-line-h-12\">L&#8217;incubo nella notte di Halloween: rasato a forza e con una bruciatura di sigaretta alla caviglia.  Il ragazzo \u00e8 stato nella mani della baby gang per una notte, poi \u00e8 stato lasciato libero. L&#8217;allarme lanciato da un post della madre<\/p>\n<p class=\"chapter-paragraph\"><b>\u00abQuando l\u2019ho visto \u00e8 stato  uno choc\u00bb<\/b>. La madre di un ragazzino di 15 anni, <b>torturato da una baby gang durante la notte di Halloween<\/b>, non riesce a smettere di pensare all\u2019incubo che ha vissuto suo figlio. E ripete: \u00abVoglio solo giustizia\u00bb.<\/p>\n<p>    La notte da incubo<\/p>\n<p class=\"chapter-paragraph\">Secondo la denuncia presentata ai carabinieri il quindicenne sarebbe stato convinto da un compagno di scuola a non andare a casa del nonno la sera del 31 ottobre e a seguirlo in un appartamento dove non c\u2019erano adulti assieme a un ragazzo e una ragazza.    &#13;<br \/>\n&#13;<br \/>\n&#13;<br \/>\n&#13;<br \/>\n&#13;<br \/>\n&#13;<br \/>\n&#13;<br \/>\n&#13;<br \/>\n&#13;<br \/>\n&#13;<br \/>\n&#13;<br \/>\n&#13;<br \/>\n&#13;<br \/>\n&#13;<br \/>\n&#13;<br \/>\n&#13;<br \/>\n&#13;<br \/>\n&#13;<br \/>\n&#13;<br \/>\n&#13;<br \/>\n&#13;<br \/>\n&#13;<br \/>\n&#13;<br \/>\n&#13;<br \/>\n&#13;<br \/>\n&#13;<br \/>\n&#13;<br \/>\n&#13;<br \/>\n&#13;<br \/>\n&#13;<br \/>\n&#13;<br \/>\n&#13;<br \/>\n&#13;<br \/>\n&#13;<br \/>\n&#13;<br \/>\n&#13;<br \/>\n&#13;<br \/>\n&#13;<br \/>\n&#13;<br \/>\n&#13;<br \/>\n&#13;<br \/>\n&#13;<br \/>\n&#13;<br \/>\n&#13;<br \/>\n&#13;<br \/>\n&#13;<br \/>\n&#13;<br \/>\n&#13;<br \/>\n&#13;<br \/>\n&#13;<br \/>\n&#13;<br \/>\n&#13;<br \/>\n&#13;\n<\/p>\n<p class=\"chapter-paragraph\">La madre della vittima racconta che suo figlio e il suo compagno sono partiti da un comune della cintura e poi<b> \u00e8 iniziato l\u2019incubo<\/b>: \u00abLo hanno portato in una casa a Torino dove non c\u2019erano adulti, gli hanno tolto il telefono. Hanno bloccato i numeri di noi genitori e poi questi mostri<b> lo hanno torturato e picchiato per due ore<\/b>, chiudendolo in bagno\u00bb.<\/p>\n<p class=\"chapter-paragraph\">L\u2019incubo era appena cominciato: \u00abLo hanno minacciato con un cacciavite e l\u2019hanno rasato, lasciandogli solo qualche ciuffo di capelli. Poi hanno preso una lametta e <b>gli hanno rasato le sopracciglia<\/b>, facendogli tagli sulla palpebra. E gli hanno spento una sigaretta sulla caviglia\u00bb. Il ragazzino non \u00e8 riuscito a opporre resistenza: \u00abHanno approfittato delle sue fragilit\u00e0, \u2014 ripete la mamma \u2014. Sempre sotto la minaccia del cacciavite, l\u2019hanno portato verso il fiume\u00bb. In base alla versione fornita dal quindicenne che raccontato di aver visto passare il tram 4, i carabinieri pensano che si trattasse della Dora: \u00abGli hanno fatto togliere la maglietta, lasciandolo a petto nudo e facendolo entrare in acqua. Non soddisfatti,<b> l\u2019hanno fatto mettere sotto una fontanella<\/b>, con il getto sulla schiena tra sputi e offese varie. Dopodich\u00e9 lo hanno riportato a casa fino alle 13 e poi, dopo avere finito di torturarlo, l\u2019hanno riportato alla stazione di Porta Nuova e gli hanno ridato il telefono\u00bb.<\/p>\n<p>    \u00abMa i genitori dov&#8217;erano?\u00bb<\/p>\n<p class=\"chapter-paragraph\">Finalmente la madre \u00e8 riuscita a contattarlo: \u00abMi sono rincuorata, ma quando l\u2019ho visto \u00e8 stato terribile.<b> Ma i genitori dove sono? <\/b>Perch\u00e9 lasciano a un ragazzo che sta in comunit\u00e0 le chiavi di un alloggio dove non ci sono maggiorenni? Perch\u00e9 tutta questa cattiveria verso un ragazzo debole? Lo hanno adescato facendosi passare per amici e lui era contento. Io sapevo che sarebbe dovuto andare dal nonno e solo il mattino dopo ho scoperto che non era mai arrivato a casa. Il mio cuore si \u00e8 fermato. Ringrazio Dio che mio figlio \u00e8 vivo, ma nel cuore ho tanta rabbia e tanto dolore\u00bb.<\/p>\n<p class=\"chapter-paragraph\">Gli investigatori si sono messi al lavoro per identificare gli autori delle violenze. Fra gli elementi da cui partire <b>la presenza di un compagno di scuola <\/b>e <b>l\u2019alloggio vicino alla Dora<\/b> (anche se inizialmente il quindicenne aveva parlato del Po). In base alle descrizioni fornite potrebbe trattarsi di una gang gi\u00e0 conosciuta delle forze dell\u2019ordine che sarebbe stata gi\u00e0 protagonista di altri atti di bullismo.<\/p>\n<p>    Il sospetto di un video<\/p>\n<p class=\"chapter-paragraph\">Nel suo racconto la giovane vittima ha detto anche che i tre aguzzini, dopo averlo convinto a entrare nella Dora <b>sarebbero saliti \u00absu un ponte\u00bb <\/b>per sputare su di lui dall\u2019alto, ridendo a crepapelle. Su quel punto sarebbe passato anche un tram, con ogni probabilit\u00e0 il 4, un altro elemento che potrebbe aiutare a restringere il raggio delle ricerche. Infine le celle telefoniche agganciate dal cellulare del ragazzino dovrebbero contribuire a individuare la \u00abcasa degli orrori\u00bb.<\/p>\n<p class=\"chapter-paragraph\">Nella serata di ieri si \u00e8 anche diffusa la notizia che<b> i tre ragazzi potrebbero aver girato anche un video <\/b>che documenta abusi ben peggiori di quelli raccontati. Un elemento di cui non c\u2019\u00e8 traccia nella denuncia e che \u00e8 ancora da verificare.<\/p>\n<p class=\"is-mr-t-20 is-mr-b-20\"><b><br \/>\n                    <a href=\"https:\/\/torino.corriere.it\/?intcmp=Notizielocali_nd_010623_corriere_ss_nd\" target=\"_blank\" rel=\"nofollow noopener\">Vai a tutte le notizie di Torino<\/a><br \/>\n            <\/b><\/p>\n<p class=\"chapter-paragraph\"><b><a href=\"https:\/\/www.corriere.it\/newsletter\/?theme=35&amp;intcmp=IIIcolonna_NL_CorTorino\" target=\"_blank\" rel=\"nofollow noopener\">Iscriviti alla newsletter di Corriere Torino<\/a><\/b><\/p>\n<p class=\"is-last-update\" datetime=\"2025-11-03T07:12:53+01:00\">2 novembre 2025 ( modifica il 3 novembre 2025 | 07:12)<\/p>\n<p class=\"is-copyright\">\n            \u00a9 RIPRODUZIONE RISERVATA\n        <\/p>\n","protected":false},"excerpt":{"rendered":"di Massimo Massenzio L&#8217;incubo nella notte di Halloween: rasato a forza e con una bruciatura di sigaretta alla&hellip;\n","protected":false},"author":3,"featured_media":197043,"comment_status":"","ping_status":"","sticky":false,"template":"","format":"standard","meta":{"footnotes":""},"categories":[6],"tags":[5713,35808,32,118169,25141,1681,118170,2333,33000,3905,22232,3340,118171,26944,14,6036,821,111561,12300,1115,2716,12993,55610,118172,2753,73488,8,13474,1537,90,89,4045,7,11043,15,82,9,83,10,4476,118173,3485,1916,36242,10014,5402,118168,29058,13,11,80,84,12,81,85],"class_list":{"0":"post-197042","1":"post","2":"type-post","3":"status-publish","4":"format-standard","5":"has-post-thumbnail","7":"category-ultime-notizie","8":"tag-adulti","9":"tag-alloggio","10":"tag-andare","11":"tag-andare-nonno","12":"tag-baby","13":"tag-baby-gang","14":"tag-baby-gang-notte","15":"tag-base","16":"tag-cacciavite","17":"tag-carabinieri","18":"tag-caviglia","19":"tag-compagno","20":"tag-compagno-scuola","21":"tag-convinto","22":"tag-cronaca","23":"tag-cuore","24":"tag-denuncia","25":"tag-dora","26":"tag-elemento","27":"tag-entrare","28":"tag-figlio","29":"tag-fiume","30":"tag-gang","31":"tag-gang-notte","32":"tag-genitori","33":"tag-halloween","34":"tag-headlines","35":"tag-incubo","36":"tag-it","37":"tag-italia","38":"tag-italy","39":"tag-madre","40":"tag-news","41":"tag-nonno","42":"tag-notizie","43":"tag-notizie-di-cronaca","44":"tag-notizie-principali","45":"tag-notiziedicronaca","46":"tag-notizieprincipali","47":"tag-notte","48":"tag-notte-halloween","49":"tag-passare","50":"tag-portato","51":"tag-quindicenne","52":"tag-ragazzino","53":"tag-ragazzo","54":"tag-rasato","55":"tag-ripete","56":"tag-titoli","57":"tag-ultime-notizie","58":"tag-ultime-notizie-di-cronaca","59":"tag-ultime-notizie-e-news-di-oggi","60":"tag-ultimenotizie","61":"tag-ultimenotiziedicronaca","62":"tag-ultimenotizieenewsdioggi"},"share_on_mastodon":{"url":"","error":"Validation failed: Text character limit of 500 exceeded"},"_links":{"self":[{"href":"https:\/\/www.europesays.com\/it\/wp-json\/wp\/v2\/posts\/197042","targetHints":{"allow":["GET"]}}],"collection":[{"href":"https:\/\/www.europesays.com\/it\/wp-json\/wp\/v2\/posts"}],"about":[{"href":"https:\/\/www.europesays.com\/it\/wp-json\/wp\/v2\/types\/post"}],"author":[{"embeddable":true,"href":"https:\/\/www.europesays.com\/it\/wp-json\/wp\/v2\/users\/3"}],"replies":[{"embeddable":true,"href":"https:\/\/www.europesays.com\/it\/wp-json\/wp\/v2\/comments?post=197042"}],"version-history":[{"count":0,"href":"https:\/\/www.europesays.com\/it\/wp-json\/wp\/v2\/posts\/197042\/revisions"}],"wp:featuredmedia":[{"embeddable":true,"href":"https:\/\/www.europesays.com\/it\/wp-json\/wp\/v2\/media\/197043"}],"wp:attachment":[{"href":"https:\/\/www.europesays.com\/it\/wp-json\/wp\/v2\/media?parent=197042"}],"wp:term":[{"taxonomy":"category","embeddable":true,"href":"https:\/\/www.europesays.com\/it\/wp-json\/wp\/v2\/categories?post=197042"},{"taxonomy":"post_tag","embeddable":true,"href":"https:\/\/www.europesays.com\/it\/wp-json\/wp\/v2\/tags?post=197042"}],"curies":[{"name":"wp","href":"https:\/\/api.w.org\/{rel}","templated":true}]}}