{"id":197048,"date":"2025-11-03T07:28:11","date_gmt":"2025-11-03T07:28:11","guid":{"rendered":"https:\/\/www.europesays.com\/it\/197048\/"},"modified":"2025-11-03T07:28:11","modified_gmt":"2025-11-03T07:28:11","slug":"capello-inter-mi-impressiona-ma-oggi-era-quella-dellanno-scorso-e","status":"publish","type":"post","link":"https:\/\/www.europesays.com\/it\/197048\/","title":{"rendered":"Capello: &#8220;Inter mi impressiona, ma oggi era quella dell&#8217;anno scorso! \u00c8&#8230;&#8221;"},"content":{"rendered":"<p>Intervenuto a Sky Calcio Club, Fabio Capello, ex allenatore, ha parlato cos\u00ec della vittoria dell&#8217;Inter sul campo del Verona<\/p>\n<p>Intervenuto a Sky Calcio Club, <strong>Fabio Capello<\/strong>, ex allenatore, ha parlato cos\u00ec della vittoria <a href=\"https:\/\/www.fcinter1908.it\/ultimora\/serie-a-la-classifica-inter-seconda\/\" rel=\"nofollow noopener\" target=\"_blank\">dell&#8217;Inter<\/a> sul campo del Verona: &#8220;La classifica per me rimarr\u00e0 cos\u00ec perch\u00e9 ci sono squadre che non fanno le coppe come Milan e Como, attenzione al Como, che pu\u00f2 aggiungersi.<\/p>\n<p>Le altre che hanno le coppe non potranno staccarsi, c&#8217;\u00e8 stanchezza. Per\u00f2 se mi chiedete le favorite io dico ancora Inter che \u00e8 la squadra che mi impressiona di pi\u00f9, anche se oggi mi \u00e8 parsa l&#8217;Inter dell&#8217;anno scorso che quando il risultato era sul pareggio cercava la vittoria e poi come andava in vantaggio si addormentava.<\/p>\n<p>L&#8217;ho vista passarsi la palla tranquillamente con una lentezza esasperante. Non \u00e8 leziosa, non ha la rabbia di cercare il secondo gol, non ha la voglia: perdeva anche tempo, tanti palloni al portiere&#8221;.<\/p>\n<p class=\"is-copyright\">\u00a9 RIPRODUZIONE RISERVATA<\/p>\n","protected":false},"excerpt":{"rendered":"Intervenuto a Sky Calcio Club, Fabio Capello, ex allenatore, ha parlato cos\u00ec della vittoria dell&#8217;Inter sul campo del&hellip;\n","protected":false},"author":3,"featured_media":197049,"comment_status":"","ping_status":"","sticky":false,"template":"","format":"standard","meta":{"footnotes":""},"categories":[1452],"tags":[1960,115727,118174,721,118175,118176,921,30465,1740,350,1537,90,89,1739,245,244,2224],"class_list":{"0":"post-197048","1":"post","2":"type-post","3":"status-publish","4":"format-standard","5":"has-post-thumbnail","7":"category-calcio","8":"tag-allenatore","9":"tag-allenatore-parlato","10":"tag-allenatore-parlato-vittoria","11":"tag-calcio","12":"tag-calcio-club","13":"tag-calcio-club-fabio","14":"tag-campo","15":"tag-capello","16":"tag-football","17":"tag-inter","18":"tag-it","19":"tag-italia","20":"tag-italy","21":"tag-soccer","22":"tag-sport","23":"tag-sports","24":"tag-vittoria"},"share_on_mastodon":{"url":"https:\/\/pubeurope.com\/@it\/115484590638103847","error":""},"_links":{"self":[{"href":"https:\/\/www.europesays.com\/it\/wp-json\/wp\/v2\/posts\/197048","targetHints":{"allow":["GET"]}}],"collection":[{"href":"https:\/\/www.europesays.com\/it\/wp-json\/wp\/v2\/posts"}],"about":[{"href":"https:\/\/www.europesays.com\/it\/wp-json\/wp\/v2\/types\/post"}],"author":[{"embeddable":true,"href":"https:\/\/www.europesays.com\/it\/wp-json\/wp\/v2\/users\/3"}],"replies":[{"embeddable":true,"href":"https:\/\/www.europesays.com\/it\/wp-json\/wp\/v2\/comments?post=197048"}],"version-history":[{"count":0,"href":"https:\/\/www.europesays.com\/it\/wp-json\/wp\/v2\/posts\/197048\/revisions"}],"wp:featuredmedia":[{"embeddable":true,"href":"https:\/\/www.europesays.com\/it\/wp-json\/wp\/v2\/media\/197049"}],"wp:attachment":[{"href":"https:\/\/www.europesays.com\/it\/wp-json\/wp\/v2\/media?parent=197048"}],"wp:term":[{"taxonomy":"category","embeddable":true,"href":"https:\/\/www.europesays.com\/it\/wp-json\/wp\/v2\/categories?post=197048"},{"taxonomy":"post_tag","embeddable":true,"href":"https:\/\/www.europesays.com\/it\/wp-json\/wp\/v2\/tags?post=197048"}],"curies":[{"name":"wp","href":"https:\/\/api.w.org\/{rel}","templated":true}]}}