{"id":197052,"date":"2025-11-03T07:32:21","date_gmt":"2025-11-03T07:32:21","guid":{"rendered":"https:\/\/www.europesays.com\/it\/197052\/"},"modified":"2025-11-03T07:32:21","modified_gmt":"2025-11-03T07:32:21","slug":"grande-fratello-2025-anticipazioni-e-diretta-3-novembre","status":"publish","type":"post","link":"https:\/\/www.europesays.com\/it\/197052\/","title":{"rendered":"Grande Fratello 2025: anticipazioni e diretta 3 novembre"},"content":{"rendered":"<p>                              <img decoding=\"async\" src=\"https:\/\/www.europesays.com\/it\/wp-content\/uploads\/2025\/11\/grande-fratello-simona-ventura.jpg\" loading=\"lazy\" alt=\"grande fratello 2025\" width=\"1280\" height=\"800\"\/><\/p>\n<p class=\"img-caption\"> Simona Ventura torna stasera con la sesta puntata in diretta del suo Grande Fratello 2025. Foto per gentile concessione Ufficio stampa Mediaset<\/p>\n<p>\n                              <strong>QUESTA SERA, LUNED\u00cc 3 NOVEMBRE,<\/strong> ndr\u00e0 in onda la settima puntata del Grande Fratello 2025. La seconda dopo l\u2019annuncio del <strong>doppio appuntamento settimanale<\/strong>, avvenuto lo scorso gioved\u00ec. Anche questa settima Simona Ventura torner\u00e0 in diretta gioved\u00ec 6, in prima serata su Canale 5 e in contemporanea streaming su Mediaset Infinity.\n                          <\/p>\n<p>                          Grande Fratello, news programmazione: dove vedere la nuova diretta oggi 3 novembre in tv e streaming. L&#8217;incognita Ruota della fortuna e a che ora finisce<\/p>\n<p>\n                              La settima puntata in diretta della nuova edizione del <b>Grande Fratello va in onda stasera, luned\u00ec 3 novembre, in prima serata su Canale 5. <\/b>L\u2019orario d\u2019inizio \u00e8 previsto per le <b>21,20, anche in contemporanea streaming su Mediaset Infinity.<\/b> Tutto ovviamente dipende per\u00f2 dalla durata della <strong>Ruota della fortuna<\/strong> di Gerry Scotti che lo precede nel palinsesto e che ha la tendenza a sforare&#8230;\n                          <\/p>\n<p>\n                              La fine, se tutto va come previsto, dovrebbe arrivare<strong> intorno all&#8217;1,35 circa.<\/strong> Come sempre la diretta \u00e8 garantita su Mediaset Extra (canale 55) e sulla piattaforma Mediaset Infinity.\n                          <\/p>\n<p>                              <img decoding=\"async\" src=\"https:\/\/www.europesays.com\/it\/wp-content\/uploads\/2025\/11\/DSC_3473-scaled.jpg\" loading=\"lazy\" alt=\"Grande Fratello: chi esce stasera? Anticipazioni, nomination e sondaggi di oggi- immagine 3\" width=\"2560\" height=\"1837\"\/><\/p>\n<p class=\"img-caption\"> I tre opinionisti. Foto per gentile concessione dell&#8217;Ufficio stampa Mediaset<\/p>\n<p>                          Daytime e replica della puntata di stasera: orari e quando vederla<\/p>\n<p>\n                              Le possibilit\u00e0 di rivedere ogni momento della diretta sono tante. Il <b>daytime, infatti,<\/b> garantisce questa suddivisione: Canale 5 alle 13, 40 dal luned\u00ec al sabato e alle 18, 30 dal luned\u00ec al venerd\u00ec Italia 1 alle 13 e 18, 15 dal luned\u00ec al venerd\u00ec La5 alle 19, sempre dal luned\u00ec al venerd\u00ec. Immancabili gli <strong>aggiornamenti s<\/strong>empre costanti che arriveranno per merito del sito ufficiale <a href=\"http:\/\/grandefratello.mediaset.it\/\" data-wpel-link=\"external\" rel=\"nofollow external noopener\" target=\"_blank\">grandefratello.mediaset.it<\/a> e dai profili social del programma (Facebook, X, Instagram e TikTok). Ma non solo Mediaset Infinity, anche su smart tv c\u2019\u00e8 modo di sintonizzarsi e seguire gli ultimi accadimenti della Casa. Infine, per la<b> replica in chiaro, il giorno successivo (marted\u00ec 4 novembre) in prima serata su La 5 (canale 30 del DT).\u00a0<\/b>\n                          <\/p>\n<p>                          Grande Fratello 2025: la reazione di Benedetta all&#8217;entrata di Valentina | video<\/p>\n<p>                          Grande Fratello 2025, concorrenti: news, anticipazioni e nomination di stasera 3 novembre<\/p>\n<p>\n                              Questa sera, luned\u00ec <b>3 novembre<\/b>, ci sar\u00e0 una nuova eliminazione nella Casa del GF. I nominati a rischio sono: <b>Francesco<\/b>, <b>Mattia<\/b>, <b>Jonas<\/b>, <b>Francesca e Simone.<\/b> Il televoto, aperto da <b>Simona Ventura<\/b> al termine della puntata del 30 ottobre, decreter\u00e0 il nome del prossimo eliminato: il quarto dopo Giulio, Matteo e Bena. Sar\u00e0 un altro maschio o Francesca sar\u00e0 la prima concorrente eliminata dalla Casa del GF 2025?\n                          <\/p>\n<p>                              <img decoding=\"async\" src=\"https:\/\/www.europesays.com\/it\/wp-content\/uploads\/2025\/11\/DSC_3391-scaled.jpg\" loading=\"lazy\" alt=\"grande fratello 2025\" width=\"1709\" height=\"2560\"\/><\/p>\n<p class=\"img-caption\"> Matteo \u00e8 l&#8217;ultimo concorrrente eliminato al Televoto<\/p>\n<p>                          Grande Fratello 2025, concorrenti: cosa \u00e8 successo a Matteo Azzali<\/p>\n<p>\n                              La settimana del GF si \u00e8 aperta con un <a href=\"https:\/\/style.corriere.it\/spettacoli\/tv\/grande-fratello-matteo-va-ko-il-pugile-e-il-nuovo-eliminato-nomination-bacio-tossico-e-pagelle\/\" data-wpel-link=\"internal\" rel=\"nofollow noopener\" target=\"_blank\">verdetto di eliminazione<\/a> che era nei desideri dei followers: al Televoto \u00e8 uscito <b>Matteo Azzali, <\/b>mentre <b>Rasha<\/b> e <b>Benedetta sono riusciti a restare<\/b>. La sua uscita ha confermato una tendenza ormai chiara da parte del pubblico che preferisce chi si espone e mostra carattere rischiando quindi di pi\u00f9 rispetto a chi resta in disparte come Matteo.\n                          <\/p>\n<p>                          Grande Fratello 2025: l\u2019ingresso di Valentina Piscopo<\/p>\n<p>\n                              Per un concorrente eliminato al Televoto, una nuova inquilina \u00e8 entrata nella Casa. Dopi una prima apparizione toccata e fuga, il colpo di scena della settimana \u00e8 stato l\u2019ingresso <b>Valentina Piscopo<\/b>. Prima ospite, poi concorrente ufficiale il <b>30 ottobre. A seguire, la minaccia di<\/b> abbandonare dopo una lite con gli altri inquilini. La compagna di <b>Domenico D\u2019Alterio era <\/b>entrata in studio per un confronto con la \u201crivale\u201d Benedetta. Una tensione esplosa in pochi attimi, soprattutto con <b>Anita Mazzotta<\/b>, che l\u2019ha accusata di essere parte di un piano architettato prima dell\u2019ingresso.\n                          <\/p>\n<p>                          Grande Fratello 2025: Valentina entra nella Casa | video<\/p>\n<p>                          Lo sfogo fuori dal reality<\/p>\n<p>\n                              Una volta fuori, per\u00f2, Valentina <strong>ha deciso di dire come la pens<\/strong>a. Sui social ha scritto un lungo sfogo: \u00abNon ero concorrente e non lo sarei mai stata! Ero l\u00ec solo per parlare con Domenico. Ma il branco, non avendo argomenti, ha pensato di attaccarmi\u00bb. Ha poi aggiunto, con tono fermo: \u00abSe avessi voluto cavalcare l\u2019onda, avrei lasciato Domenico e mi sarei <strong>goduta la fama<\/strong>. Invece mi prendo tutto lo schifo\u00bb.\n                          <\/p>\n<p>                          GF, breaking news concorrenti: la versione ufficiale dello sfogo di Valentina<\/p>\n<p>\n                              Sul sito ufficiale del GF si legge cosa \u00e8 successo all&#8217;ultima new entry, il 31 ottobre, nella Casa. \u201cFrancesco dal suo punto di vista, avrebbe<strong> messo Domenico davanti a una scelt<\/strong>a. O usciva con lei oppure lo avrebbe lasciato. Valentina non la trova una soluzione adatta, se il sentimento \u00e8 davvero finito cos\u00ec come teme, il compagno sarebbe uscito inutilmente. Anche a lei, come le inquiline, manca <strong>un pezzo del puzzle<\/strong>. Nei suoi confronti lo vede parecchio strano. Le sembra un estraneo, \u00e8 freddo, glaciale. Non fa che difendere Benedetta. Valentina spiega di essere entrata a mettere un freno per tutelare la sua famiglia. Inoltre, vuole <strong>guardare il compagno negli occhi<\/strong> per chiedergli quale sia il suo sentimento. Forse lei, come compagna, non gli sta dando quello che cerca? Per questo si avvicina ad altre donne? Valentina le sue risposte ce le ha gi\u00e0, ma vorrebbe sentirsele dire dal fidanzato. &#8220;Solo lui ti pu\u00f2 dare le risposte che tu cerchi&#8221; dice Donatella. Ma la donna \u00e8 stanca di ascoltare sempre le<strong> solite giustificazioni.<\/strong> Anche Benedetta, dal suo punto di vista, avrebbe dovuto mettere un freno. Per Anita, le risposte Valentina non le ha avute nemmeno dalla Casa. &#8220;Il fuori ti ha dato molte pi\u00f9 risposte del dentro&#8221; continua.\n                          <\/p>\n<p>                              <img decoding=\"async\" src=\"https:\/\/www.europesays.com\/it\/wp-content\/uploads\/2025\/11\/SS7_6450-scaled.jpg\" loading=\"lazy\" alt=\"grande fratello 2025\" width=\"2560\" height=\"1709\"\/><\/p>\n<p class=\"img-caption\"> Il terzetto protagonista: Valentina, Benedetta e Domenico. Foto per genilte concessione di Endemol Shine Italy<\/p>\n<p>\n                              Rasha domanda a Valentina perch\u00e9 abbia giudicato Domenico per il <strong>contatto fisico con le donne,<\/strong> quando lei stessa, questo pomeriggio, ha giocato e scherzato con Omer. &#8220;Capisci come si crea il contatto fisico?&#8221; chiede retoricamente. &#8220;Io non ho mai detto non giocare&#8221; spiega Valentina. Ma l&#8217;approccio con Benedetta \u00e8 stato <strong>ben diverso<\/strong>. Troppi baci, troppi abbracci. Sono andati oltre. Flaminia pone un altro dubbio: Valentina \u00e8 entrata per studiare Domenico o per stuzzicarlo? La donna si indigna nel sentire parole simili. Vuole semplicemente vivere all&#8217;interno della bolla. Flaminia incalza: se dovesse capire che tutto all&#8217;interno della Casa \u00e8<strong> portato all&#8217;esasperazione,<\/strong> perdonerebbe Domenico? Valentina ancora, per\u00f2, non pu\u00f2 e non sa rispondere. Flaminia, allora, le suggerisce di infischiarsene delle opinioni altrui, qualora fosse sicura del suo uomo. Anche Mattia dice la sua, per lui Domenico non \u00e8 interessato a Benedetta altrimenti si sarebbe tradito con qualche discorso. Le continue difese a Benedetta, per\u00f2, fanno innervosire Valentina che, sull&#8217;orlo di una crisi di pianto, se ne va via. Per quanto si sforzi, <strong>non riesce a farsi comprendere<\/strong>. Turbata, Valentina se ne va nella sua stanza. Francesca si avvicina a lei per ascoltare il suo sfogo. Si \u00e8 sentita messa sotto accusa, \u00e8 entrata solamente per tutelare la propria famiglia. Francesca la consola, sicuramente Domenico quando ascolter\u00e0 tutte le accuse prender\u00e0 le difese della sua donna. La situazione non \u00e8 di certo facile e Valentina sta facendo di tutto per <strong>affrontarla al meglio.<\/strong>\n                          <\/p>\n<p>                              <img decoding=\"async\" src=\"https:\/\/www.europesays.com\/it\/wp-content\/uploads\/2025\/11\/Simona-Ventura-3-scaled.jpeg\" loading=\"lazy\" alt=\"grande fratello 2025\" width=\"2560\" height=\"1706\"\/><\/p>\n<p class=\"img-caption\"> La conduttrice Simona Ventura<\/p>\n<p>                          Grande Fratello 2025: ancora crisi di ascolti (Valentina non basta)<\/p>\n<p>\n                              Sul fronte auditel, l\u2019edizione in corso del <b>Grande Fratello<\/b> continua ad avere problemi di ascolti che non riescono a \u201cdecollare\u201d. Dopo il debutto molto positivo, da 2,8 milioni di spettatori e il 20,3 % di share, il reality di Simona Ventura \u00e8 sceso progressivamente fino a<strong> toccare il limite pi\u00f9 basso: 1,62 milioni e 13,1 % nella sesta puntata.<\/strong> Anche le ultime puntate hanno registrato davvero oscillazioni minime in termini di interesse, segno di un pubblico meno coinvolto. La produzione del GF sperava che la vicenda tra Domenico e Valentina potesse in qualche modo rilanciare il desiderio\u00a0 del pubblico di seguire la 19esima edizione del GF, ma non \u00e8 stato cos\u00ec.\n                          <\/p>\n<blockquote class=\"instagram-media\" data-instgrm-version=\"7\" style=\"background:#FFF;border:0;border-radius:3px;box-shadow:0 0 1px 0 rgba(0,0,0,0.5),0 1px 10px 0 rgba(0,0,0,0.15);margin:1px;max-width:540px;min-width:326px;padding:0;width:99.375%;width:-webkit-calc(100% - 2px);width:calc(100% - 2px)\"><p>\n                          <a href=\"https:\/\/www.instagram.com\/p\/DQdBKy0DIgj\/?utm_source=ig_web_copy_link&amp;igsh=MzRlODBiNWFlZA==\" rel=\"nofollow noopener\" target=\"_blank\">\n                        <\/p><\/blockquote>\n<p>                          Grande Fratello, news Televoto e percentuali dei sondaggi di stasera: chi vuoi salvare?<\/p>\n<p>\n                              Come sempre il sondaggio lanciato da <a href=\"https:\/\/grandefratello.forumfree.it\/?t=80878882\" target=\"_blank\" rel=\"noopener nofollow external\" data-wpel-link=\"external\">Grande Fratello ForumFree<\/a> mostra la situazione in percentuale della situazione in atto. Sembra che <strong>Francesco Rana sia il pi\u00f9 a rischio<\/strong>, ma guardiamo le percentuali sulle preferenze del pubblico:\n                          <\/p>\n<ul class=\"ul1\">\n<li class=\"li1\"><strong>Mattia Scudieri 36,28%<\/strong><\/li>\n<li class=\"li1\">Jonase Pepe 33, 93%<\/li>\n<li class=\"li1\">Francesca Carrara e Simone De Bianchi 15,86%<\/li>\n<li class=\"li1\"><strong>Francesco Rana 13,93%<\/strong><\/li>\n<\/ul>\n<p>Quando va in onda la prossima puntata del GF<\/p>\n<p>                              <a href=\"https:\/\/eventi.corriere.it\/style-magazine-visioni-visionari\/\" class=\"\" rel=\"nofollow noopener\" target=\"_blank\"><\/p>\n<p>                                  <img decoding=\"async\" src=\"https:\/\/www.europesays.com\/it\/wp-content\/uploads\/2025\/10\/StyleMagazine_Banner_Sito_640x165px_02aa.png\" loading=\"lazy\" alt=\"\" title=\"\" width=\"640\" height=\"165\"\/><\/p>\n<p>                              <\/a><\/p>\n<p>\n                              La prossima puntata in diretta del Grande Fratello andr\u00e0 in onda<b> gioved\u00ec 6 novembre in prima serata su Canale 5 e in contemporanea streaming su Mediaset Infinity<\/b>.\n                          <\/p>\n<p>                <script async src=\"\/\/www.instagram.com\/embed.js\"><\/script><\/p>\n","protected":false},"excerpt":{"rendered":"Simona Ventura torna stasera con la sesta puntata in diretta del suo Grande Fratello 2025. Foto per gentile&hellip;\n","protected":false},"author":3,"featured_media":197053,"comment_status":"","ping_status":"","sticky":false,"template":"","format":"standard","meta":{"footnotes":""},"categories":[1444],"tags":[19919,1518,118177,118187,118188,18469,15066,118189,31551,87998,12387,118190,118191,87728,87729,87730,2773,118192,118193,6982,3340,35219,100951,2375,15298,41584,118179,118180,7714,88999,5631,27224,1731,2239,11942,203,4974,11694,2611,228,5701,1250,3688,109994,114851,70110,5302,16276,951,118181,118182,204,1537,90,89,1691,62997,70000,114,79474,5637,9060,16277,7,44589,7030,118183,118184,273,118185,9167,893,15922,114581,8159,114305,179,8202,105455,19432,17194,17739,11339,32362,8200,22479,9065,118178,88843,45166,18865,14149,786,13098,11431,252,16278,16279,1886,84141,253,409,7839,115228,8434,43614,2392,118186,6370],"class_list":{"0":"post-197052","1":"post","2":"type-post","3":"status-publish","4":"format-standard","5":"has-post-thumbnail","7":"category-tv","8":"tag-anita","9":"tag-anticipazioni","10":"tag-anticipazioni-nomination","11":"tag-anticipazioni-nomination-sondaggi","12":"tag-anticipazioni-nomination-stasera","13":"tag-ascoltare","14":"tag-ascolti","15":"tag-ascolti-valentina","16":"tag-avvicina","17":"tag-azzali","18":"tag-benedetta","19":"tag-benedetta-entrata","20":"tag-benedetta-entrata-valentina","21":"tag-breaking","22":"tag-breaking-news","23":"tag-breaking-news-concorrenti","24":"tag-canale","25":"tag-canale-contemporanea","26":"tag-canale-contemporanea-streaming","27":"tag-compagna","28":"tag-compagno","29":"tag-concessione","30":"tag-concessione-ufficio","31":"tag-concorrente","32":"tag-concorrenti","33":"tag-contemporanea","34":"tag-contemporanea-streaming","35":"tag-contemporanea-streaming-mediaset","36":"tag-crisi","37":"tag-daytime","38":"tag-diretta","39":"tag-domenico","40":"tag-donna","41":"tag-edizione","42":"tag-eliminato","43":"tag-entertainment","44":"tag-entrata","45":"tag-flaminia","46":"tag-fortuna","47":"tag-foto","48":"tag-francesca","49":"tag-francesco","50":"tag-fratello","51":"tag-fratello-concorrenti","52":"tag-fratello-news","53":"tag-gf","54":"tag-giovedi","55":"tag-infinity","56":"tag-ingresso","57":"tag-ingresso-valentina","58":"tag-ingresso-valentina-piscopo","59":"tag-intrattenimento","60":"tag-it","61":"tag-italia","62":"tag-italy","63":"tag-lunedi","64":"tag-lunedi-novembre","65":"tag-lunedi-venerdi","66":"tag-matteo","67":"tag-matteo-azzali","68":"tag-mattia","69":"tag-mediaset","70":"tag-mediaset-infinity","71":"tag-news","72":"tag-nomination","73":"tag-novembre","74":"tag-novembre-serata","75":"tag-novembre-serata-canale","76":"tag-nuova","77":"tag-nuova-diretta","78":"tag-onda","79":"tag-ottobre","80":"tag-percentuali","81":"tag-piscopo","82":"tag-prossima","83":"tag-prossima-puntata","84":"tag-pubblico","85":"tag-puntata","86":"tag-puntata-diretta","87":"tag-reality","88":"tag-replica","89":"tag-risposte","90":"tag-ruota","91":"tag-ruota-fortuna","92":"tag-salvare","93":"tag-seguire","94":"tag-serata","95":"tag-serata-canale","96":"tag-settima","97":"tag-sfogo","98":"tag-simona","99":"tag-simona-ventura","100":"tag-situazione","101":"tag-sondaggi","102":"tag-stasera","103":"tag-streaming","104":"tag-streaming-mediaset","105":"tag-streaming-mediaset-infinity","106":"tag-successo","107":"tag-televoto","108":"tag-tv","109":"tag-ufficiale","110":"tag-valentina","111":"tag-valentina-piscopo","112":"tag-venerdi","113":"tag-ventura","114":"tag-video","115":"tag-video-fratello","116":"tag-vista"},"share_on_mastodon":{"url":"","error":"Validation failed: Text character limit of 500 exceeded"},"_links":{"self":[{"href":"https:\/\/www.europesays.com\/it\/wp-json\/wp\/v2\/posts\/197052","targetHints":{"allow":["GET"]}}],"collection":[{"href":"https:\/\/www.europesays.com\/it\/wp-json\/wp\/v2\/posts"}],"about":[{"href":"https:\/\/www.europesays.com\/it\/wp-json\/wp\/v2\/types\/post"}],"author":[{"embeddable":true,"href":"https:\/\/www.europesays.com\/it\/wp-json\/wp\/v2\/users\/3"}],"replies":[{"embeddable":true,"href":"https:\/\/www.europesays.com\/it\/wp-json\/wp\/v2\/comments?post=197052"}],"version-history":[{"count":0,"href":"https:\/\/www.europesays.com\/it\/wp-json\/wp\/v2\/posts\/197052\/revisions"}],"wp:featuredmedia":[{"embeddable":true,"href":"https:\/\/www.europesays.com\/it\/wp-json\/wp\/v2\/media\/197053"}],"wp:attachment":[{"href":"https:\/\/www.europesays.com\/it\/wp-json\/wp\/v2\/media?parent=197052"}],"wp:term":[{"taxonomy":"category","embeddable":true,"href":"https:\/\/www.europesays.com\/it\/wp-json\/wp\/v2\/categories?post=197052"},{"taxonomy":"post_tag","embeddable":true,"href":"https:\/\/www.europesays.com\/it\/wp-json\/wp\/v2\/tags?post=197052"}],"curies":[{"name":"wp","href":"https:\/\/api.w.org\/{rel}","templated":true}]}}