{"id":197054,"date":"2025-11-03T07:35:10","date_gmt":"2025-11-03T07:35:10","guid":{"rendered":"https:\/\/www.europesays.com\/it\/197054\/"},"modified":"2025-11-03T07:35:10","modified_gmt":"2025-11-03T07:35:10","slug":"milan-e-roma-lalta-classifica-non-e-casuale-ora-si-e-capito-perche-conte-era-contento-dopo-como-chivu-sorride-lorganico-e-ampio","status":"publish","type":"post","link":"https:\/\/www.europesays.com\/it\/197054\/","title":{"rendered":"Milan e Roma: l&#8217;alta classifica non \u00e8 casuale. Ora si \u00e8 capito perch\u00e9 Conte era contento dopo Como, Chivu sorride: l&#8217;organico \u00e8 ampio"},"content":{"rendered":"<p>    di<br \/>\n    Paolo Cond\u00f2<\/p>\n<p class=\"summary-art is-line-h-12\">Rossoneri e giallorossi hanno mostrato progressi rispetto a dieci giornate fa, il punto di vantaggio del Napoli \u00e8 niente. L&#8217;Inter pu\u00f2 ruotare gli uomini<\/p>\n<p class=\"chapter-paragraph\"><a href=\"https:\/\/www.corriere.it\/sport\/calcio\/serie-a\/25_novembre_02\/milan-roma-risultato-809c77ef-ae7b-4436-b25c-b01ca3b5fxlk.shtml\" rel=\"nofollow noopener\" target=\"_blank\">Il Milan e la Roma<\/a> mantengono le migliori difese del campionato (con il Como), ma non per merito dei loro stopper: la quantit\u00e0 di palle-gol sprecate prima dagli attaccanti di Gasperini e poi da quelli di Allegri \u00e8 cos\u00ec elevata da macchiare almeno in parte lo scontro diretto fin qui meglio giocato. V<b>ince il Milan perch\u00e9 dentro al tempo della Roma &#8211; il primo, splendido &#8211; Leao rovescia il campo<\/b> con un\u2019azionissima che Pavlovic non pu\u00f2 esimersi dal trasformare. Quando invece la grande chance tocca alla Roma, dentro a una ripresa che il Milan domina, <b>una prodezza di Maignan vieta a Dybala la giocata risolutiva dal dischetto<\/b>. Ma al di l\u00e0 del risultato, che compatta la testa della classifica in una marmellata da sette squadre in 5 punti, sia il Milan che la Roma hanno mostrato progressi fotonici rispetto a dieci giornate fa. Il che le autorizza a proseguire un percorso di altissima classifica del quale fin qui erano un po\u2019 bagaglio, e ora sono passeggeri. La vittoria del Milan restituisce al Napoli il primato solitario, ma un punto \u00e8 niente a un quarto del cammino. <b>Sabato Conte era insolitamente contento del pari con il Como: ieri s\u2019\u00e8 capito perch\u00e9<\/b>.<\/p>\n<p class=\"chapter-paragraph\"><a href=\"https:\/\/www.corriere.it\/sport\/25_novembre_02\/verona-inter-risultato-902c4828-96ee-4a62-9c3d-850dba60axlk.shtml\" rel=\"nofollow noopener\" target=\"_blank\">L\u2019Inter ha vinto a Verona utilizzando per la prima volta i minuti di recupero<\/a>, la finestra che racconta la profondit\u00e0 di un organico. <b>C\u2019\u00e8 voluta un\u2019autorete, il che aggiunge all\u2019episodio la componente fortuna<\/b>, ma il pallone in area l\u2019ha mandato Barella, il primo a sfiorarlo di testa \u00e8 stato Frattesi e quello la cui presenza ha ingannato Frese \u00e8 stato Esposito, tutti interisti freschi in quanto cambi entrati da poco. <b>La cura di Chivu nel ruotare gli uomini \u00e8 pi\u00f9 che visibile<\/b>, quasi ostentata, il che ci dice che il business plan \u00e8 la ripetizione della stagione scorsa fino ad aprile, ma arrivandoci con ben altre energie (e attaccanti di scorta) per non piantarsi in volata. Un cammino appena iniziato, e dunque i minuti risparmiati adesso fanno parte di un grande calcolo complessivo, che di strada prevede novit\u00e0 come Sucic e riscoperte come Zielinski, che ha coprodotto con Calhanoglu un gol favoloso, certo la cosa migliore del suo non ricchissimo catalogo nerazzurro. \u00c8 la seconda volta che l\u2019Inter si riporta sotto dopo essersi fatta staccare in uno scontro diretto. La terza prova sar\u00e0 il derby, dopo la sosta.    &#13;<br \/>\n&#13;<br \/>\n&#13;<br \/>\n&#13;<br \/>\n&#13;<br \/>\n&#13;<br \/>\n&#13;<br \/>\n&#13;<br \/>\n&#13;<br \/>\n&#13;<br \/>\n&#13;<br \/>\n&#13;<br \/>\n&#13;<br \/>\n&#13;<br \/>\n&#13;<br \/>\n&#13;<br \/>\n&#13;<br \/>\n&#13;<br \/>\n&#13;<br \/>\n&#13;<br \/>\n&#13;<br \/>\n&#13;<br \/>\n&#13;<br \/>\n&#13;<br \/>\n&#13;<br \/>\n&#13;<br \/>\n&#13;<br \/>\n&#13;<br \/>\n&#13;<br \/>\n&#13;<br \/>\n&#13;<br \/>\n&#13;<br \/>\n&#13;<br \/>\n&#13;<br \/>\n&#13;<br \/>\n&#13;<br \/>\n&#13;<br \/>\n&#13;<br \/>\n&#13;<br \/>\n&#13;<br \/>\n&#13;<br \/>\n&#13;<br \/>\n&#13;<br \/>\n&#13;<br \/>\n&#13;<br \/>\n&#13;<br \/>\n&#13;<br \/>\n&#13;<br \/>\n&#13;<br \/>\n&#13;<br \/>\n&#13;<br \/>\n&#13;<br \/>\n&#13;\n<\/p>\n<p class=\"chapter-paragraph\">Sotto il quartetto che guida la fila risalgono affiancate la nuova Juve di Spalletti e il solito Bologna, con la scorta del Como cui mancano solo i dettagli, tipo un rigorista decente. Il campionato \u00e8 lungo ma la sensazione \u00e8 che il treno dell\u2019alta classifica sar\u00e0 questo, a dispetto di due rose pi\u00f9 forti della posizione che ricoprono, ma (diversamente) staccate. Mercoled\u00ec a Marsiglia l\u2019Atalanta dovr\u00e0 rilanciarsi verso obiettivi adeguati al suo rango, perch\u00e9 l\u2019atteggiamento della squadra che ha perso a Udine non ha nulla a che fare con l\u2019ultimo eccezionale decennio. La crisi della Fiorentina, invece, \u00e8 sistemica, e in assenza di Commisso occorre un plenipotenziario capace di prendere decisioni: Pioli si pu\u00f2 confermare o esonerare, ma a patto che dietro ci sia un piano. Altrimenti \u00e8 pura pressione sul pulsante panico, e la situazione si fa sul serio pericolosa.<\/p>\n<p class=\"is-last-update\" datetime=\"2025-11-02T23:20:51+01:00\">3 novembre 2025<\/p>\n<p class=\"is-copyright\">\n            \u00a9 RIPRODUZIONE RISERVATA\n        <\/p>\n","protected":false},"excerpt":{"rendered":"di Paolo Cond\u00f2 Rossoneri e giallorossi hanno mostrato progressi rispetto a dieci giornate fa, il punto di vantaggio&hellip;\n","protected":false},"author":3,"featured_media":197055,"comment_status":"","ping_status":"","sticky":false,"template":"","format":"standard","meta":{"footnotes":""},"categories":[176],"tags":[7554,118194,3250,26159,1856,3079,2839,1932,3705,2790,4972,5316,118195,7085,1911,1976,350,1537,90,89,553,115296,3479,26059,118196,248,18556,31645,494,1270,118197,118198,987,105252,118199,14857,108220,245,244],"class_list":{"0":"post-197054","1":"post","2":"type-post","3":"status-publish","4":"format-standard","5":"has-post-thumbnail","7":"category-sport","8":"tag-alta","9":"tag-alta-classifica","10":"tag-attaccanti","11":"tag-cammino","12":"tag-campionato","13":"tag-capito","14":"tag-chivu","15":"tag-classifica","16":"tag-como","17":"tag-conte","18":"tag-contento","19":"tag-dieci","20":"tag-dieci-giornate","21":"tag-diretto","22":"tag-giornate","23":"tag-gol","24":"tag-inter","25":"tag-it","26":"tag-italia","27":"tag-italy","28":"tag-milan","29":"tag-milan-roma","30":"tag-minuti","31":"tag-mostrato","32":"tag-mostrato-progressi","33":"tag-napoli","34":"tag-organico","35":"tag-progressi","36":"tag-punto","37":"tag-rispetto","38":"tag-rispetto-dieci","39":"tag-rispetto-dieci-giornate","40":"tag-roma","41":"tag-ruotare","42":"tag-ruotare-uomini","43":"tag-scontro","44":"tag-scontro-diretto","45":"tag-sport","46":"tag-sports"},"share_on_mastodon":{"url":"","error":"Validation failed: Text character limit of 500 exceeded"},"_links":{"self":[{"href":"https:\/\/www.europesays.com\/it\/wp-json\/wp\/v2\/posts\/197054","targetHints":{"allow":["GET"]}}],"collection":[{"href":"https:\/\/www.europesays.com\/it\/wp-json\/wp\/v2\/posts"}],"about":[{"href":"https:\/\/www.europesays.com\/it\/wp-json\/wp\/v2\/types\/post"}],"author":[{"embeddable":true,"href":"https:\/\/www.europesays.com\/it\/wp-json\/wp\/v2\/users\/3"}],"replies":[{"embeddable":true,"href":"https:\/\/www.europesays.com\/it\/wp-json\/wp\/v2\/comments?post=197054"}],"version-history":[{"count":0,"href":"https:\/\/www.europesays.com\/it\/wp-json\/wp\/v2\/posts\/197054\/revisions"}],"wp:featuredmedia":[{"embeddable":true,"href":"https:\/\/www.europesays.com\/it\/wp-json\/wp\/v2\/media\/197055"}],"wp:attachment":[{"href":"https:\/\/www.europesays.com\/it\/wp-json\/wp\/v2\/media?parent=197054"}],"wp:term":[{"taxonomy":"category","embeddable":true,"href":"https:\/\/www.europesays.com\/it\/wp-json\/wp\/v2\/categories?post=197054"},{"taxonomy":"post_tag","embeddable":true,"href":"https:\/\/www.europesays.com\/it\/wp-json\/wp\/v2\/tags?post=197054"}],"curies":[{"name":"wp","href":"https:\/\/api.w.org\/{rel}","templated":true}]}}