{"id":197069,"date":"2025-11-03T07:55:13","date_gmt":"2025-11-03T07:55:13","guid":{"rendered":"https:\/\/www.europesays.com\/it\/197069\/"},"modified":"2025-11-03T07:55:13","modified_gmt":"2025-11-03T07:55:13","slug":"sabatini-forse-un-po-scorretto-da-parte-mia-iniziare-il-mio-commento-sullinter-con","status":"publish","type":"post","link":"https:\/\/www.europesays.com\/it\/197069\/","title":{"rendered":"Sabatini: \u201cForse un po\u2019 scorretto da parte mia iniziare il mio commento sull\u2019Inter con\u2026\u201d"},"content":{"rendered":"<p>Sandro Sabatini ha parlato sul suo canale Youtube della vittoria dell&#8217;Inter contro il Verona: ecco il suo commento<\/p>\n<p>Intervenuto sul suo canale Youtube, Sandro Sabatini ha voluto dire la sua sul rendimento di Luis Henrique contro il Verona:<\/p>\n<p>&#8220;A parte l&#8217;inizio molto efficace e dominante dell&#8217;Inter, c&#8217;\u00e8 stata una clamorosa evidenza dell&#8217;inadeguatezza di alcuni giocatori protagonisti del turnover obbligato per Chivu.<\/p>\n<p>C&#8217;\u00e8 un giocatore, che \u00e8 Luis Henrique, che non mi sembra da contesto Inter. I suoi numeri sono fini a se stessi, sembra veramente un corpo estraneo.<\/p>\n<p>E&#8217; scorretto da parte mia iniziare il commento sull&#8217;Inter sul giocatore pi\u00f9 deluso, sembra di assecondare la rabbia dei tifosi che si sfogano contro il capro espiatorio&#8221;<\/p>\n<p>Sabatini, poi, ha parlato anche dell&#8217;episodio che ha visto protagonista Bisseck:<\/p>\n<p>&#8220;Non posso esimermi dal non commentare l&#8217;episodio fulcro della partita, cio\u00e8 il fallo da ultimo uomo di Bisseck che non viene punito con il rosso. E&#8217; vero che era a 40 metri dalla porta, \u00e8 vero che il VAR ha valutato bene, si nota che Sucic sarebbe arrivato prima del giocatore del Verona: \u00e8 tutto vero, \u00e8 giusta, corretta e professionale la spiegazione di Marelli ma devo confessare sinceramente che in diretta mi sembrava rosso diretto tutta la vita.<\/p>\n<p>E credo che il dubbio sia venuto allo stesso Chivu perch\u00e9, se ci avete fatto caso, ha spostato Bisseck a destra mettendo Akanji al suo posto&#8221;<\/p>\n<p class=\"is-copyright\">\u00a9 RIPRODUZIONE RISERVATA<\/p>\n","protected":false},"excerpt":{"rendered":"Sandro Sabatini ha parlato sul suo canale Youtube della vittoria dell&#8217;Inter contro il Verona: ecco il suo commento&hellip;\n","protected":false},"author":3,"featured_media":197070,"comment_status":"","ping_status":"","sticky":false,"template":"","format":"standard","meta":{"footnotes":""},"categories":[1452],"tags":[14753,721,2773,14990,2839,8914,118207,9162,1740,564,12831,350,1537,90,89,29431,1739,245,244,5489,6302],"class_list":{"0":"post-197069","1":"post","2":"type-post","3":"status-publish","4":"format-standard","5":"has-post-thumbnail","7":"category-calcio","8":"tag-bisseck","9":"tag-calcio","10":"tag-canale","11":"tag-canale-youtube","12":"tag-chivu","13":"tag-commento","14":"tag-commento-inter","15":"tag-episodio","16":"tag-football","17":"tag-giocatore","18":"tag-henrique","19":"tag-inter","20":"tag-it","21":"tag-italia","22":"tag-italy","23":"tag-sabatini","24":"tag-soccer","25":"tag-sport","26":"tag-sports","27":"tag-vero","28":"tag-verona"},"share_on_mastodon":{"url":"https:\/\/pubeurope.com\/@it\/115484697432065653","error":""},"_links":{"self":[{"href":"https:\/\/www.europesays.com\/it\/wp-json\/wp\/v2\/posts\/197069","targetHints":{"allow":["GET"]}}],"collection":[{"href":"https:\/\/www.europesays.com\/it\/wp-json\/wp\/v2\/posts"}],"about":[{"href":"https:\/\/www.europesays.com\/it\/wp-json\/wp\/v2\/types\/post"}],"author":[{"embeddable":true,"href":"https:\/\/www.europesays.com\/it\/wp-json\/wp\/v2\/users\/3"}],"replies":[{"embeddable":true,"href":"https:\/\/www.europesays.com\/it\/wp-json\/wp\/v2\/comments?post=197069"}],"version-history":[{"count":0,"href":"https:\/\/www.europesays.com\/it\/wp-json\/wp\/v2\/posts\/197069\/revisions"}],"wp:featuredmedia":[{"embeddable":true,"href":"https:\/\/www.europesays.com\/it\/wp-json\/wp\/v2\/media\/197070"}],"wp:attachment":[{"href":"https:\/\/www.europesays.com\/it\/wp-json\/wp\/v2\/media?parent=197069"}],"wp:term":[{"taxonomy":"category","embeddable":true,"href":"https:\/\/www.europesays.com\/it\/wp-json\/wp\/v2\/categories?post=197069"},{"taxonomy":"post_tag","embeddable":true,"href":"https:\/\/www.europesays.com\/it\/wp-json\/wp\/v2\/tags?post=197069"}],"curies":[{"name":"wp","href":"https:\/\/api.w.org\/{rel}","templated":true}]}}