{"id":197092,"date":"2025-11-03T08:23:15","date_gmt":"2025-11-03T08:23:15","guid":{"rendered":"https:\/\/www.europesays.com\/it\/197092\/"},"modified":"2025-11-03T08:23:15","modified_gmt":"2025-11-03T08:23:15","slug":"kate-middleton-e-william-dinghilterra-si-sono-trasferiti-la-vera-motivazione","status":"publish","type":"post","link":"https:\/\/www.europesays.com\/it\/197092\/","title":{"rendered":"Kate Middleton e William d&#8217;Inghilterra si sono trasferiti, la vera motivazione"},"content":{"rendered":"<p class=\"whitespace-normal break-words\">Gli ultimi anni sono stati particolarmente difficili per <strong>Kate<\/strong>, Principessa del Galles, e per il <strong>Principe William<\/strong>. La coppia ha dovuto affrontare cambiamenti epocali: la morte della Regina Elisabetta II, l\u2019ascesa al trono di Re Carlo III e il trasferimento del Principe Harry negli Stati Uniti. Ma l\u2019evento pi\u00f9 sconvolgente \u00e8 stata la diagnosi di cancro ricevuta da Catherine, arrivata negli stessi mesi in cui anche il Re ha scoperto di essere malato.<\/p>\n<p class=\"whitespace-normal break-words\">Dopo aver affrontato queste prove, i Principi del Galles <strong>hanno scelto di cambiare residenza<\/strong>, trasferendosi al Forest Lodge nei giorni scorsi.<\/p>\n<p>Kate Middleton, il trasferimento<\/p>\n<p>Secondo le ultime indiscrezioni, il trasferimento di <a href=\"https:\/\/dilei.it\/star-e-vip\/kate-middleton\/\" target=\"_blank\" rel=\"noopener nofollow\" data-doctype=\"\">Kate Middleton<\/a> e <a href=\"https:\/\/dilei.it\/star-e-vip\/william-d-inghilterra\/\" target=\"_blank\" rel=\"noopener nofollow\" data-doctype=\"\">William d\u2019Inghilterra<\/a> al <a href=\"https:\/\/dilei.it\/reali\/reel\/kate-middleton-forest-lodge\/1884668\/\" target=\"_blank\" rel=\"noopener nofollow\" data-doctype=\"\"><strong>Forest Lodge<\/strong><\/a> sarebbe adesso ufficiale. I Principi del Galles, infatti, avrebbero lasciato l\u2019Adelaide Cottage negli ultimi giorni per cominciare una nuova vita nella grande villa. Sembra che la coppia di futuri sovrani abbia voluto sfruttare le vacanze dei Principini George, Charlotte e Louis dalla scuola per vivere tutti insieme l\u2019importante cambiamento.<\/p>\n<p class=\"whitespace-normal break-words\">La voglia di cambiare residenza dei Principi del Galles nascerebbe proprio dalla <strong>volont\u00e0 di voltare pagina dopo un periodo difficile<\/strong>. Secondo Jennie Bond, ex corrispondente reale della BBC, intervistata dal Daily Mirror: \u201cDopo gli ultimi due anni, con tutto lo stress emotivo della malattia e delle divisioni familiari, questo nuovo inizio \u00e8 esattamente ci\u00f2 di cui hanno bisogno. Dicono che traslocare sia una delle cose pi\u00f9 stressanti della vita, ma per William, Catherine e i loro figli, credo che sar\u00e0 una boccata d\u2019aria fresca\u201d.<\/p>\n<p>Almeno per qualche tempo, i due Principi dovranno subire la vicinanza dello zio, l\u2019ex Principe Andrea, che vive al Royal Lodge, a poche miglia dalla nuova residenza dei nipoti. Secondo le recenti disposizioni del Re, tuttavia, il Duca di York <a href=\"https:\/\/dilei.it\/reali\/andrea-nuova-casa-sarah-ferguson\/1925441\/\" rel=\"nofollow noopener\" target=\"_blank\">dovrebbe presto lasciare la storica residenza<\/a>.<\/p>\n<p>Forest Lodge, la nuova residenza dei Galles<\/p>\n<p class=\"whitespace-normal break-words\">I Principi del Galles hanno scelto Forest Lodge come nuova residenza e, secondo indiscrezioni, potrebbe restare la loro dimora anche una volta divenuti sovrani. Per accogliere l\u2019erede al trono e la consorte sono state effettuate <strong>diverse modifiche alla propriet\u00e0<\/strong>. \u201cDa quello che sappiamo, Forest Lodge ha stanze ampie e soffitti molto alti. Credo che l\u2019obiettivo sia stato rendere lo spazio pi\u00f9 accogliente, aggiungere personalit\u00e0 e renderlo pratico senza che risulti troppo imponente\u201d, ha commentato una fonte.<\/p>\n<p>Secondo Aman Garcha, interior designer di Styling Spaces, i Principi del Galles avrebbero puntato in ogni caso a mantenere il fascino antico della dimora: \u201cAvranno voluto mettere in risalto le caratteristiche originali, come le grandi finestre curve, i caminetti in marmo e le cornici, aggiungendo al contempo un tocco personale attraverso diverse texture, tessuti d\u2019arredo e tappeti che creano zone diverse nelle stanze pi\u00f9 grandi. Immagino che ci saranno molte lampade da terra e da tavolo per rendere l\u2019ambiente meno austero e aggiungere un tocco di stratificazione\u201d.<\/p>\n","protected":false},"excerpt":{"rendered":"Gli ultimi anni sono stati particolarmente difficili per Kate, Principessa del Galles, e per il Principe William. La&hellip;\n","protected":false},"author":3,"featured_media":197093,"comment_status":"","ping_status":"","sticky":false,"template":"","format":"standard","meta":{"footnotes":""},"categories":[1451],"tags":[9223,1621,1620,203,204,1537,90,89,1450,1447,7796,7797],"class_list":{"0":"post-197092","1":"post","2":"type-post","3":"status-publish","4":"format-standard","5":"has-post-thumbnail","7":"category-celebrita","8":"tag-cancro","9":"tag-celebrita","10":"tag-celebrities","11":"tag-entertainment","12":"tag-intrattenimento","13":"tag-it","14":"tag-italia","15":"tag-italy","16":"tag-kate-middleton","17":"tag-reali","18":"tag-regina-elisabetta","19":"tag-william-dinghilterra"},"share_on_mastodon":{"url":"https:\/\/pubeurope.com\/@it\/115484806732032157","error":""},"_links":{"self":[{"href":"https:\/\/www.europesays.com\/it\/wp-json\/wp\/v2\/posts\/197092","targetHints":{"allow":["GET"]}}],"collection":[{"href":"https:\/\/www.europesays.com\/it\/wp-json\/wp\/v2\/posts"}],"about":[{"href":"https:\/\/www.europesays.com\/it\/wp-json\/wp\/v2\/types\/post"}],"author":[{"embeddable":true,"href":"https:\/\/www.europesays.com\/it\/wp-json\/wp\/v2\/users\/3"}],"replies":[{"embeddable":true,"href":"https:\/\/www.europesays.com\/it\/wp-json\/wp\/v2\/comments?post=197092"}],"version-history":[{"count":0,"href":"https:\/\/www.europesays.com\/it\/wp-json\/wp\/v2\/posts\/197092\/revisions"}],"wp:featuredmedia":[{"embeddable":true,"href":"https:\/\/www.europesays.com\/it\/wp-json\/wp\/v2\/media\/197093"}],"wp:attachment":[{"href":"https:\/\/www.europesays.com\/it\/wp-json\/wp\/v2\/media?parent=197092"}],"wp:term":[{"taxonomy":"category","embeddable":true,"href":"https:\/\/www.europesays.com\/it\/wp-json\/wp\/v2\/categories?post=197092"},{"taxonomy":"post_tag","embeddable":true,"href":"https:\/\/www.europesays.com\/it\/wp-json\/wp\/v2\/tags?post=197092"}],"curies":[{"name":"wp","href":"https:\/\/api.w.org\/{rel}","templated":true}]}}