{"id":197094,"date":"2025-11-03T08:24:15","date_gmt":"2025-11-03T08:24:15","guid":{"rendered":"https:\/\/www.europesays.com\/it\/197094\/"},"modified":"2025-11-03T08:24:15","modified_gmt":"2025-11-03T08:24:15","slug":"furto-al-louvre-falla-nella-sicurezza-la-password-era-louvre-fermati-due-insospettabili","status":"publish","type":"post","link":"https:\/\/www.europesays.com\/it\/197094\/","title":{"rendered":"Furto al Louvre, falla nella sicurezza: la password era \u201cLouvre\u201d. Fermati due \u201cinsospettabili\u201d"},"content":{"rendered":"<p>La password per accedere ai sistemi di sicurezza del pi\u00f9 famoso museo di Francia? Era \u201cLouvre\u201d. Una leggerezza che, insieme ad altre falle, ha reso ancora pi\u00f9 facile il clamoroso furto messo in atto probabilmente non da criminali esperti o da grandi organizzazioni bens\u00ec da ladruncoli di basso profilo che, agli occhi degli investigatori, erano quasi insospettabili. A dirlo \u00e8 stata la procuratrice capo di Parigi, Laure Beccuau, che in un\u2019intervista a France Info ha spiegato come i due sospettati, residenti nelle periferie settentrionali di Parigi: criminali di basso profilo i cui \u201cprofili non corrispondono a quelli generalmente associati ai vertici della criminalit\u00e0 organizzata&#8221;. Intanto, a due settimane dal colpo, la refurtiva non \u00e8 ancora stata ritrovata: gioielli della Corona del valore di quasi 90 milioni di euro.<\/p>\n<p>\t\t \tFalle nella sicurezza<\/p>\n<p>Per il colpo al Louvre si \u00e8 trattato di &#8220;una sottovalutazione cronica e strutturale del rischio di furti&#8221;. Ad ammettere le falle nella sicurezza \u00e8 stata la ministra della Cultura Rachida Dati. Ci\u00f2 che \u00e8 emerso dalle indagini non mette sicuramente in buona luce i vertici della sicurezza del museo parigino. E la conferma arriva da alcuni documenti del 2014 ottenuti del quotidiano francese Lib\u00e9ration che svelano come la password per accedere al server della videosorveglianza del museo fosse decisamente facile da indovinare: semplicemente \u201cLouvre\u201d. Un rapporto dell&#8217;Agenzia nazionale per la sicurezza informatica concludeva, dieci anni fa: &#8220;Chi controlla la rete del Louvre pu\u00f2 rendere pi\u00f9 facile il furto di opere d&#8217;arte&#8221;.<\/p>\n<p>\t\t\t<a class=\"c-inline-card j-inline-card c-inline-card--with-image\" href=\"https:\/\/tg24.sky.it\/mondo\/2025\/10\/24\/furto-louvre-fuga-ladri-gioielli-rubati-video\" rel=\"follow nofollow noopener\" data-intcmp=\"skytg24_articolo_approfondimenti_inline\" target=\"_blank\"><\/p>\n<p>\t\t\t         <img decoding=\"async\" crossorigin=\"anonymous\" alt=\"\" src=\"https:\/\/www.europesays.com\/it\/wp-content\/uploads\/2025\/11\/louvre_sky.jpg\"  loading=\"lazy\"  bad-src=\"https:\/\/www.europesays.com\/it\/wp-content\/uploads\/2025\/11\/louvre_sky.jpg\"\/><\/p>\n<p>\n\t\t\t         Vedi anche<br \/>\n\t\t\t         Louvre, ladri fuggono indisturbati dopo aver rubato i gioielli. VIDEO\n\t\t\t      <\/p>\n<p>\t\t\t<\/a><\/p>\n<p>\t\t \tChi sono i sospettati<\/p>\n<p>Attualmente sono quattro le persone che si trovano in carcere: due arrestati la scorsa settimana e altri due fermati lo scorso sabato, 1 novembre. Ulteriori tre persone erano state fermate e poi rilasciate. I primi sono stati fermati il 25 ottobre, uno all&#8217;aeroporto di Roissy, dove era in partenza per l&#8217;Algeria, e l&#8217;altro a Aubervilliers. Avrebbero fatto qualche parziale ammissione. Gli ultimi due fermati sono una coppia con figli: un uomo di 37 anni (con in totale undici condanne precedenti per furto, furto aggravato, reati stradali e atti di violenza) e una donna di 38 sono stati incriminati ma per il momento continuano a negare ogni coinvolgimento. L&#8217;uomo, che ha rifiutato di rilasciare dichiarazioni, \u00e8 accusato di furto aggravato in banda organizzata e associazione a delinquere, mentre la donna \u00e8 indagata per complicit\u00e0 negli stessi reati. In lacrime davanti al tribunale di Parigi sabato, la donna ha detto di temere per s\u00e9 e per i propri figli. La coppia \u00e8 stata arrestata dopo che tracce del loro Dna sono state trovate nel cestello elevatore utilizzato durante il colpo. Beccuau ha parlato di &#8220;prove genetiche significative&#8221; che collegano l&#8217;uomo al furto; tracce della donna, ha precisato, potrebbero essere state trasferite per contatto indiretto con una persona o un oggetto. &#8220;Tutto questo dovr\u00e0 essere ulteriormente verificato&#8221;, ha aggiunto la procuratrice. Stando alle indagini, i due non avrebbero avuto altri complici all\u2019interno del Louvre.<\/p>\n<p>\t\t\t<a class=\"c-inline-card j-inline-card c-inline-card--with-image\" href=\"https:\/\/tg24.sky.it\/mondo\/2025\/10\/22\/furto-louvre-gioielli-rubati-rapina-ricostruzione\" rel=\"follow nofollow noopener\" data-intcmp=\"skytg24_articolo_approfondimenti_inline\" target=\"_blank\"><\/p>\n<p>\t\t\t         <img decoding=\"async\" crossorigin=\"anonymous\" alt=\"\" src=\"https:\/\/www.europesays.com\/it\/wp-content\/uploads\/2025\/10\/louvre_ansa.JPG\"  loading=\"lazy\"  bad-src=\"https:\/\/www.europesays.com\/it\/wp-content\/uploads\/2025\/10\/louvre_ansa.JPG\"\/><\/p>\n<p>\n\t\t\t         Approfondimento<br \/>\n\t\t\t         Furto Louvre, valore dei gioielli rubati e ricostruzione della rapina\n\t\t\t      <\/p>\n<p>\t\t\t<\/a><\/p>\n","protected":false},"excerpt":{"rendered":"La password per accedere ai sistemi di sicurezza del pi\u00f9 famoso museo di Francia? Era \u201cLouvre\u201d. Una leggerezza&hellip;\n","protected":false},"author":3,"featured_media":197095,"comment_status":"","ping_status":"","sticky":false,"template":"","format":"standard","meta":{"footnotes":""},"categories":[1446],"tags":[1615,1613,1614,1611,1610,364,1612,203,7100,486,204,1537,90,89,14877,1289],"class_list":{"0":"post-197094","1":"post","2":"type-post","3":"status-publish","4":"format-standard","5":"has-post-thumbnail","7":"category-arte-e-design","8":"tag-arte","9":"tag-arte-e-design","10":"tag-arteedesign","11":"tag-arts","12":"tag-arts-and-design","13":"tag-collaboratori","14":"tag-design","15":"tag-entertainment","16":"tag-furto","17":"tag-indagini","18":"tag-intrattenimento","19":"tag-it","20":"tag-italia","21":"tag-italy","22":"tag-louvre","23":"tag-parigi"},"share_on_mastodon":{"url":"https:\/\/pubeurope.com\/@it\/115484810777960852","error":""},"_links":{"self":[{"href":"https:\/\/www.europesays.com\/it\/wp-json\/wp\/v2\/posts\/197094","targetHints":{"allow":["GET"]}}],"collection":[{"href":"https:\/\/www.europesays.com\/it\/wp-json\/wp\/v2\/posts"}],"about":[{"href":"https:\/\/www.europesays.com\/it\/wp-json\/wp\/v2\/types\/post"}],"author":[{"embeddable":true,"href":"https:\/\/www.europesays.com\/it\/wp-json\/wp\/v2\/users\/3"}],"replies":[{"embeddable":true,"href":"https:\/\/www.europesays.com\/it\/wp-json\/wp\/v2\/comments?post=197094"}],"version-history":[{"count":0,"href":"https:\/\/www.europesays.com\/it\/wp-json\/wp\/v2\/posts\/197094\/revisions"}],"wp:featuredmedia":[{"embeddable":true,"href":"https:\/\/www.europesays.com\/it\/wp-json\/wp\/v2\/media\/197095"}],"wp:attachment":[{"href":"https:\/\/www.europesays.com\/it\/wp-json\/wp\/v2\/media?parent=197094"}],"wp:term":[{"taxonomy":"category","embeddable":true,"href":"https:\/\/www.europesays.com\/it\/wp-json\/wp\/v2\/categories?post=197094"},{"taxonomy":"post_tag","embeddable":true,"href":"https:\/\/www.europesays.com\/it\/wp-json\/wp\/v2\/tags?post=197094"}],"curies":[{"name":"wp","href":"https:\/\/api.w.org\/{rel}","templated":true}]}}