{"id":197415,"date":"2025-11-03T12:55:10","date_gmt":"2025-11-03T12:55:10","guid":{"rendered":"https:\/\/www.europesays.com\/it\/197415\/"},"modified":"2025-11-03T12:55:10","modified_gmt":"2025-11-03T12:55:10","slug":"il-poster-di-harry-greb-dedicato-a-francesca-albanese","status":"publish","type":"post","link":"https:\/\/www.europesays.com\/it\/197415\/","title":{"rendered":"Il poster di Harry Greb dedicato a Francesca Albanese"},"content":{"rendered":"<p>\u201cVita da Strega\u201d. Cos\u00ec si intitola l\u2019ultima opera dello street artist Harry Greb che ha come protagonista Francesca Albanese dopo le accuse rivolte dal rappresentante di Israele all\u2019Onu alla relatrice speciale delle Nazioni Unite sui territori palestinesi occupati.\u00a0<\/p>\n<p>L\u2019opera \u00e8 apparsa nella notte di Halloween in via delle Isole Curzolane al Tufello fuori al liceo artistico Giordano Bruno. Il poster ritrae Francesca Albanese nei panni di una strega accompagnata dalla scritta lunga vita ad Halloween.\u00a0<\/p>\n<blockquote class=\"instagram-media\" style=\"background-color:#FFF;border-radius:3px;border-width:0;box-shadow:0 0 1px 0 rgba(0,0,0,0.5),0 1px 10px 0 rgba(0,0,0,0.15);margin:1px;max-width:540px;min-width:326px;padding:0;width:calc(100% - 2px);\" data-instgrm-captioned=\"\" data-instgrm-permalink=\"https:\/\/www.instagram.com\/p\/DQfUgarDDXw\/?utm_source=ig_embed&amp;utm_campaign=loading\" data-instgrm-version=\"14\"\/>\n<p>\u00a0<\/p>\n<p>A RomaToday l\u2019artista ha spiegato che il suo poster \u00e8 un messaggio di solidariet\u00e0 alla donna che non ha paura di dire la verit\u00e0. \u201cHo voluto rappresentare Francesca Albanese nei panni di una \u201cstrega\u201d la notte di Halloween per solidariet\u00e0 e sostegno verso di lei, in seguito alle ridicole dichiarazioni e accuse nei suoi confronti che le arrivano da pi\u00f9 parti. Compreso il nostro paese. Ancora oggi si paga purtroppo chi ha il coraggio di dire la verit\u00e0\u2026 nel suo caso sul genocidio in Palestina e l\u2019implicazione di aziende e governi. Le streghe storicamente erano donne che non hanno accettato di piegarsi al potere e per questo venivano emarginate, accusate e poi addirittura condannate al rogo. Quindi io dico \u201cViva le Streghe! Libere e Ribelli!\u201d\u2026per parafrasare il motto del Tufello\u201d &#8211; ha dichiarato Greb.\u00a0<\/p>\n<p>Francesca Albanese era gi\u00e0 stata protagonista lo scorso luglio di un\u2019altra opera, che si trova a Trastevere, di Greb nel quale l\u2019artista mostrava la sua vicinanza dopo gli attacchi ricevuti dalla relatrice Onu dagli Usa.<\/p>\n<p>      <script async src=\"\/\/www.instagram.com\/embed.js\"><\/script><\/p>\n","protected":false},"excerpt":{"rendered":"\u201cVita da Strega\u201d. Cos\u00ec si intitola l\u2019ultima opera dello street artist Harry Greb che ha come protagonista Francesca&hellip;\n","protected":false},"author":3,"featured_media":197416,"comment_status":"","ping_status":"","sticky":false,"template":"","format":"standard","meta":{"footnotes":""},"categories":[1446],"tags":[1615,1613,1614,1611,1610,1612,203,204,1537,90,89,58118,34907],"class_list":{"0":"post-197415","1":"post","2":"type-post","3":"status-publish","4":"format-standard","5":"has-post-thumbnail","7":"category-arte-e-design","8":"tag-arte","9":"tag-arte-e-design","10":"tag-arteedesign","11":"tag-arts","12":"tag-arts-and-design","13":"tag-design","14":"tag-entertainment","15":"tag-intrattenimento","16":"tag-it","17":"tag-italia","18":"tag-italy","19":"tag-poster","20":"tag-street-art"},"share_on_mastodon":{"url":"https:\/\/pubeurope.com\/@it\/115485876087444347","error":""},"_links":{"self":[{"href":"https:\/\/www.europesays.com\/it\/wp-json\/wp\/v2\/posts\/197415","targetHints":{"allow":["GET"]}}],"collection":[{"href":"https:\/\/www.europesays.com\/it\/wp-json\/wp\/v2\/posts"}],"about":[{"href":"https:\/\/www.europesays.com\/it\/wp-json\/wp\/v2\/types\/post"}],"author":[{"embeddable":true,"href":"https:\/\/www.europesays.com\/it\/wp-json\/wp\/v2\/users\/3"}],"replies":[{"embeddable":true,"href":"https:\/\/www.europesays.com\/it\/wp-json\/wp\/v2\/comments?post=197415"}],"version-history":[{"count":0,"href":"https:\/\/www.europesays.com\/it\/wp-json\/wp\/v2\/posts\/197415\/revisions"}],"wp:featuredmedia":[{"embeddable":true,"href":"https:\/\/www.europesays.com\/it\/wp-json\/wp\/v2\/media\/197416"}],"wp:attachment":[{"href":"https:\/\/www.europesays.com\/it\/wp-json\/wp\/v2\/media?parent=197415"}],"wp:term":[{"taxonomy":"category","embeddable":true,"href":"https:\/\/www.europesays.com\/it\/wp-json\/wp\/v2\/categories?post=197415"},{"taxonomy":"post_tag","embeddable":true,"href":"https:\/\/www.europesays.com\/it\/wp-json\/wp\/v2\/tags?post=197415"}],"curies":[{"name":"wp","href":"https:\/\/api.w.org\/{rel}","templated":true}]}}