{"id":197417,"date":"2025-11-03T12:57:13","date_gmt":"2025-11-03T12:57:13","guid":{"rendered":"https:\/\/www.europesays.com\/it\/197417\/"},"modified":"2025-11-03T12:57:13","modified_gmt":"2025-11-03T12:57:13","slug":"amici-25-maria-de-filippi-gard-e-il-passo-indietro-dopo-averlo-definito-cicciottello","status":"publish","type":"post","link":"https:\/\/www.europesays.com\/it\/197417\/","title":{"rendered":"Amici 25: Maria De Filippi, Gard e il passo indietro dopo averlo definito \u00abcicciottello\u00bb"},"content":{"rendered":"<p class=\"has-dropcap\">Le parole, come diceva Andrea Camilleri, hanno un peso e <a href=\"https:\/\/www.vanityfair.it\/article\/maria-de-filippi-selfie-maurizio-costanzo-lutto\" target=\"_blank\" rel=\"nofollow noopener\"><strong>Maria De Filippi<\/strong><\/a>, nel corso dell&#8217;ultimo pomeridiano di <a href=\"https:\/\/www.vanityfair.it\/topic\/amici\" target=\"_blank\" rel=\"nofollow noopener\">Amici<\/a>, lo ha riconosciuto. Torniamo indietro a un po&#8217; di puntate prima, quando Maria ha definito il giovane e talentuoso cantante <strong>Gard<\/strong> \u00abcicciotello\u00bb con un po&#8217; troppa leggerezza, cosa che ha risvegliato nel ragazzo diversi traumi passati visto che Gard ha scelto di condividere con i suoi compagni il racconto del bullismo che ha ricevuto quando era pi\u00f9 piccolo proprio per via del suo peso. <strong>Nella puntata di Amici del 2 novembre De Filippi ha scelto per\u00f2, con grande eleganza e umilt\u00e0, di tornare su quello che \u00e8 accaduto per chiedere scusa.<\/strong><\/p>\n<p><img decoding=\"async\" alt=\"Amici 25 Maria De Filippi Gard e il passo indietro dopo averlo definito \u00abcicciottello\u00bb\" loading=\"lazy\" class=\"ResponsiveImageContainer-eNxvmU cfBbTk responsive-image__image\"   src=\"https:\/\/www.europesays.com\/it\/wp-content\/uploads\/2025\/11\/gard%20amici.jpg\"\/><\/p>\n<p><strong>\u00abOgni volta che ora ti vedo sul tapis roulant mi sento una cacca, ti giuro\u00bb<\/strong>, ha detto De Filippi mentre Gard, per alleggerire il clima, ha detto che comunque un po&#8217; di peso lo ha perso. Tutto \u00e8 partito quando Maria ha parlato durante la puntata con <strong>Paola<\/strong>, <a href=\"https:\/\/www.vanityfair.it\/article\/amici-25-concorrenti-cosa-hanno-fatto-prima-musica\" target=\"_blank\" rel=\"nofollow noopener\">la ballerina entrata da pochissimo nella scuola<\/a>: \u00abMi hanno riportato delle cose su di te. Noi due non abbiamo mai parlato, quindi quello che dico \u00e8 ci\u00f2 che vengo a sapere da altri. Comunque mi hanno riferito che tu ti senti molto brutta. Ma davvero? Questa \u00e8 un\u2019insicurezza che ti accompagna da quando sei molto piccola? Non capisco\u00bb ha detto Maria che, poco dopo, di fronte alle lacrime di Paola \u00e8 tornata indietro.<\/p>\n","protected":false},"excerpt":{"rendered":"Le parole, come diceva Andrea Camilleri, hanno un peso e Maria De Filippi, nel corso dell&#8217;ultimo pomeridiano di&hellip;\n","protected":false},"author":3,"featured_media":197418,"comment_status":"","ping_status":"","sticky":false,"template":"","format":"standard","meta":{"footnotes":""},"categories":[1444],"tags":[1266,203,204,1537,90,89,5704,253],"class_list":{"0":"post-197417","1":"post","2":"type-post","3":"status-publish","4":"format-standard","5":"has-post-thumbnail","7":"category-tv","8":"tag-amici","9":"tag-entertainment","10":"tag-intrattenimento","11":"tag-it","12":"tag-italia","13":"tag-italy","14":"tag-programmi-tv","15":"tag-tv"},"share_on_mastodon":{"url":"https:\/\/pubeurope.com\/@it\/115485884353686584","error":""},"_links":{"self":[{"href":"https:\/\/www.europesays.com\/it\/wp-json\/wp\/v2\/posts\/197417","targetHints":{"allow":["GET"]}}],"collection":[{"href":"https:\/\/www.europesays.com\/it\/wp-json\/wp\/v2\/posts"}],"about":[{"href":"https:\/\/www.europesays.com\/it\/wp-json\/wp\/v2\/types\/post"}],"author":[{"embeddable":true,"href":"https:\/\/www.europesays.com\/it\/wp-json\/wp\/v2\/users\/3"}],"replies":[{"embeddable":true,"href":"https:\/\/www.europesays.com\/it\/wp-json\/wp\/v2\/comments?post=197417"}],"version-history":[{"count":0,"href":"https:\/\/www.europesays.com\/it\/wp-json\/wp\/v2\/posts\/197417\/revisions"}],"wp:featuredmedia":[{"embeddable":true,"href":"https:\/\/www.europesays.com\/it\/wp-json\/wp\/v2\/media\/197418"}],"wp:attachment":[{"href":"https:\/\/www.europesays.com\/it\/wp-json\/wp\/v2\/media?parent=197417"}],"wp:term":[{"taxonomy":"category","embeddable":true,"href":"https:\/\/www.europesays.com\/it\/wp-json\/wp\/v2\/categories?post=197417"},{"taxonomy":"post_tag","embeddable":true,"href":"https:\/\/www.europesays.com\/it\/wp-json\/wp\/v2\/tags?post=197417"}],"curies":[{"name":"wp","href":"https:\/\/api.w.org\/{rel}","templated":true}]}}