{"id":197419,"date":"2025-11-03T12:58:10","date_gmt":"2025-11-03T12:58:10","guid":{"rendered":"https:\/\/www.europesays.com\/it\/197419\/"},"modified":"2025-11-03T12:58:10","modified_gmt":"2025-11-03T12:58:10","slug":"ultimo-e-jacqueline-luna-di-giacomo-si-sono-lasciati","status":"publish","type":"post","link":"https:\/\/www.europesays.com\/it\/197419\/","title":{"rendered":"Ultimo e Jacqueline Luna di Giacomo si sono lasciati?"},"content":{"rendered":"<p>Da settimane il gossip si interroga sul futuro di una delle coppie pi\u00f9 seguite della musica italiana: <strong>Ultimo e Jacqueline Luna di Giacomo<\/strong>. Il cantautore romano e la figlia di Heather Parisi non compaiono pi\u00f9 insieme sui social, alimentando i dubbi dei fan.<\/p>\n<blockquote class=\"instagram-media\" data-instgrm-permalink=\"https:\/\/www.instagram.com\/p\/DQguINzDEZS\/?utm_source=ig_embed&amp;utm_campaign=loading\" data-instgrm-version=\"14\" style=\"background: #FFF; border: 0; border-radius: 3px; box-shadow: 0 0 1px 0 rgba(0,0,0,0.5),0 1px 10px 0 rgba(0,0,0,0.15); margin: 1px; max-width: 540px; min-width: 326px; padding: 0; width: calc(100% - 2px);\"><p>&#13;<br \/>\n&#13;\n<\/p><\/blockquote>\n<p>\u00a0<\/p>\n<p><strong>Gli indizi che fanno parlare<\/strong><\/p>\n<p>Da qualche tempo, <strong>Jacqueline<\/strong>, sempre molto attiva su Instagram, <strong>ha smesso di condividere immagini con Ultimo<\/strong>. Niente scatti di coppia, niente momenti familiari: solo foto con il piccolo <strong>Enea<\/strong>, nato il 1\u00b0 dicembre 2024, e con le sue amiche pi\u00f9 strette. Lo stesso vale per il profilo del cantautore, solitamente discreto ma in passato non restio a mostrare qualche momento di tenerezza.<\/p>\n<p>I fan pi\u00f9 attenti hanno notato un dettaglio che ha riacceso le voci di crisi: <strong>l\u2019assenza di Ultimo durante il primo Halloween di Enea<\/strong>. Jacqueline ha pubblicato una tenera foto <strong>travestita da<\/strong> <strong>Crudelia De Mon<\/strong>, con il figlio nei panni di un cucciolo di dalmata, ma del pap\u00e0 nessuna traccia. Un dettaglio che, sui social, ha fatto esplodere i commenti e le ipotesi.<\/p>\n<p>\u00a0<\/p>\n<p><strong>L\u2019annuncio della separazione a breve?\u00a0<\/strong><\/p>\n<p>E a dar man forte a queste ipotesi c\u2019\u00e8 anche l\u2019esperto di gossip <strong>Alessandro Rosica<\/strong>, che su Instagram ha parlato di una <strong>separazione ormai di fatto<\/strong>. \u201c<strong>Purtroppo tutto si \u00e8 raffreddato<\/strong>\u201d, ha scritto Rosica, spiegando che i due \u201csono solo genitori, separati in tutti i sensi\u201d e non vivono pi\u00f9 insieme da tempo, vedendosi solo per questioni legate alla gestione di Enea. Sempre secondo Rosica, la coppia <strong>presto annuncer\u00e0 la<\/strong> <strong>rottura<\/strong> anche se non nell\u2019immediato, forse per tutelare la serenit\u00e0 del figlio.<\/p>\n<p>\u00a0<\/p>\n<p><strong>Dalla coppia non filtra alcuna risposta\u00a0<\/strong><\/p>\n<p>La coppia, legata dal <strong>2020<\/strong>, aveva sempre mantenuto un <strong>profilo basso<\/strong>, lontano dal clamore mediatico. Anche la gravidanza e la nascita del piccolo Enea, avvenuta il 30 novembre 2024 a New York, erano state vissute nel pi\u00f9 stretto riserbo. N\u00e9 il cantautore romano, n\u00e9 la figlia di Heather Parisi per il momento hanno<strong> commentato la notizia<\/strong>. Forse la loro \u00e8 solo una <strong>pausa social<\/strong>, forse qualcosa di pi\u00f9 profondo. Di certo, la coppia che aveva fatto sognare i fan con la nascita di Enea oggi appare distante e il web resta in attesa di un segnale: una foto, una parola, un gesto che possa chiarire se si tratta davvero di crisi o solo di riservatezza.<\/p>\n<blockquote class=\"instagram-media\" data-instgrm-permalink=\"https:\/\/www.instagram.com\/p\/C4nqFhHoFmQ\/?utm_source=ig_embed&amp;utm_campaign=loading\" data-instgrm-version=\"14\" style=\"background: #FFF; border: 0; border-radius: 3px; box-shadow: 0 0 1px 0 rgba(0,0,0,0.5),0 1px 10px 0 rgba(0,0,0,0.15); margin: 1px; max-width: 540px; min-width: 326px; padding: 0; width: calc(100% - 2px);\"><p>&#13;<br \/>\n&#13;\n<\/p><\/blockquote>\n<p>\t\t\t<script async src=\"\/\/www.instagram.com\/embed.js\"><\/script><\/p>\n","protected":false},"excerpt":{"rendered":"Da settimane il gossip si interroga sul futuro di una delle coppie pi\u00f9 seguite della musica italiana: Ultimo&hellip;\n","protected":false},"author":3,"featured_media":197420,"comment_status":"","ping_status":"","sticky":false,"template":"","format":"standard","meta":{"footnotes":""},"categories":[1443],"tags":[37415,203,204,1537,90,89,21081,1538,1539,6271],"class_list":{"0":"post-197419","1":"post","2":"type-post","3":"status-publish","4":"format-standard","5":"has-post-thumbnail","7":"category-musica","8":"tag-crisi-di-coppia","9":"tag-entertainment","10":"tag-intrattenimento","11":"tag-it","12":"tag-italia","13":"tag-italy","14":"tag-jacqueline-luna-di-giacomo","15":"tag-music","16":"tag-musica","17":"tag-ultimo"},"share_on_mastodon":{"url":"https:\/\/pubeurope.com\/@it\/115485888032391158","error":""},"_links":{"self":[{"href":"https:\/\/www.europesays.com\/it\/wp-json\/wp\/v2\/posts\/197419","targetHints":{"allow":["GET"]}}],"collection":[{"href":"https:\/\/www.europesays.com\/it\/wp-json\/wp\/v2\/posts"}],"about":[{"href":"https:\/\/www.europesays.com\/it\/wp-json\/wp\/v2\/types\/post"}],"author":[{"embeddable":true,"href":"https:\/\/www.europesays.com\/it\/wp-json\/wp\/v2\/users\/3"}],"replies":[{"embeddable":true,"href":"https:\/\/www.europesays.com\/it\/wp-json\/wp\/v2\/comments?post=197419"}],"version-history":[{"count":0,"href":"https:\/\/www.europesays.com\/it\/wp-json\/wp\/v2\/posts\/197419\/revisions"}],"wp:featuredmedia":[{"embeddable":true,"href":"https:\/\/www.europesays.com\/it\/wp-json\/wp\/v2\/media\/197420"}],"wp:attachment":[{"href":"https:\/\/www.europesays.com\/it\/wp-json\/wp\/v2\/media?parent=197419"}],"wp:term":[{"taxonomy":"category","embeddable":true,"href":"https:\/\/www.europesays.com\/it\/wp-json\/wp\/v2\/categories?post=197419"},{"taxonomy":"post_tag","embeddable":true,"href":"https:\/\/www.europesays.com\/it\/wp-json\/wp\/v2\/tags?post=197419"}],"curies":[{"name":"wp","href":"https:\/\/api.w.org\/{rel}","templated":true}]}}