{"id":197423,"date":"2025-11-03T13:00:19","date_gmt":"2025-11-03T13:00:19","guid":{"rendered":"https:\/\/www.europesays.com\/it\/197423\/"},"modified":"2025-11-03T13:00:19","modified_gmt":"2025-11-03T13:00:19","slug":"il-direttore-li-ha-cacciati-subito","status":"publish","type":"post","link":"https:\/\/www.europesays.com\/it\/197423\/","title":{"rendered":"\u00abIl direttore li ha cacciati subito\u00bb"},"content":{"rendered":"<p>&#13;<br \/>\n                               &#13;<br \/>\n                                                &#13;<br \/>\n                &#13;<\/p>\n<p>L&#8217;Inter segna il gol vittoria a Verona e a <strong><a href=\"https:\/\/www.leggo.it\/t\/sky\" rel=\"nofollow noopener\" target=\"_blank\">Sky<\/a><\/strong> scoppia il caso. Durante la diretta su Sky Sport 24, alle spalle del giornalista che sta raccontando in diretta la rete da tre punti dei nerazzurri, si intravedono (e si sentono) due persone della redazione esultare.<\/p>\n<p>&#13;<br \/>\n&#13;<\/p>\n<p>Si alzano in piedi all&#8217;improvviso e si abbracciano, evidentemente felici per l&#8217;autogol che ha regalato la vittoria ai ragazzi di Chivu. La scena \u00e8 subito diventata virale sui social e i tifosi delle altre squadre, che si aspettano seriet\u00e0 e imparzialit\u00e0, non la prendono bene.<\/p>\n<p>&#13;<br \/>\n&#13;<br \/>\nFranco Ordine: subito mandati a casa&#13;<br \/>\n&#13;<\/p>\n<p>A commentare l&#8217;accaduto \u00e8 il giornalista Franco Ordine, noto tifoso milanista, che ha svelato il destino dei due giornalisti:\u00a0\u00abIl Direttore di Sky sport Federico Ferri \u00e8 intervenuto prontamente mandando a casa i due stagisti ultr\u00e0 e firmando una durissima circolare interna sulla materia delicatissima\u00bb, ha scritto su X.<\/p>\n<p>&#13;<br \/>\n&#13;<br \/>\n&#13;<br \/>\n&#13;<br \/>\n&#13;<br \/>\n&#13;<\/p>\n<blockquote class=\"twitter-tweet\" wp_automatic_readability=\"5.9418604651163\"><p>&#13;<\/p>\n<p dir=\"ltr\" lang=\"it\">Il Direttore di Sky sport Federico Ferri \u00e8 intervenuto prontamente mandando a casa i due stagisti ultr\u00e0 e firmando una durissima circolare interna sulla materia delicatissima. <a href=\"https:\/\/t.co\/BBBKJ6MppT\" rel=\"nofollow\">https:\/\/t.co\/BBBKJ6MppT<\/a><\/p>\n<p>&#13;<br \/>\n\u2014 francesco ordine (@FrancescoOrdine) <a href=\"https:\/\/twitter.com\/FrancescoOrdine\/status\/1985044265295106385?ref_src=twsrc%5Etfw\" rel=\"nofollow noopener\" target=\"_blank\">November 2, 2025<\/a><\/p><\/blockquote>\n<p>&#13;<br \/>\n&#13;<br \/>\n&#13;<br \/>\n&#13;<br \/>\n&#13;<br \/>\n&#13;<br \/>\n&#13;<\/p>\n<p>Da Sky nessun commento ufficiale alla vicenda, per il momento.\u00a0<\/p>\n<p>                                &#13;<br \/>\n                &#13;<br \/>\n&#13;<br \/>\n                Ultimo aggiornamento: luned\u00ec 3 novembre 2025, 09:54&#13;<br \/>\n                <br \/>&#13;<br \/>\n                &#13;<br \/>\n                  &#13;<br \/>\n                    &#13;<br \/>\n                        \u00a9 RIPRODUZIONE RISERVATA&#13;<\/p>\n<p>&#13;<\/p>\n<p>                    &#13;<br \/>\n                            <script async src=\"https:\/\/platform.twitter.com\/widgets.js\" charset=\"utf-8\"><\/script><\/p>\n","protected":false},"excerpt":{"rendered":"&#13; &#13; &#13; &#13; L&#8217;Inter segna il gol vittoria a Verona e a Sky scoppia il caso. Durante&hellip;\n","protected":false},"author":3,"featured_media":197424,"comment_status":"","ping_status":"","sticky":false,"template":"","format":"standard","meta":{"footnotes":""},"categories":[176],"tags":[1537,90,89,270,245,244],"class_list":{"0":"post-197423","1":"post","2":"type-post","3":"status-publish","4":"format-standard","5":"has-post-thumbnail","7":"category-sport","8":"tag-it","9":"tag-italia","10":"tag-italy","11":"tag-sky","12":"tag-sport","13":"tag-sports"},"share_on_mastodon":{"url":"https:\/\/pubeurope.com\/@it\/115485895743520705","error":""},"_links":{"self":[{"href":"https:\/\/www.europesays.com\/it\/wp-json\/wp\/v2\/posts\/197423","targetHints":{"allow":["GET"]}}],"collection":[{"href":"https:\/\/www.europesays.com\/it\/wp-json\/wp\/v2\/posts"}],"about":[{"href":"https:\/\/www.europesays.com\/it\/wp-json\/wp\/v2\/types\/post"}],"author":[{"embeddable":true,"href":"https:\/\/www.europesays.com\/it\/wp-json\/wp\/v2\/users\/3"}],"replies":[{"embeddable":true,"href":"https:\/\/www.europesays.com\/it\/wp-json\/wp\/v2\/comments?post=197423"}],"version-history":[{"count":0,"href":"https:\/\/www.europesays.com\/it\/wp-json\/wp\/v2\/posts\/197423\/revisions"}],"wp:featuredmedia":[{"embeddable":true,"href":"https:\/\/www.europesays.com\/it\/wp-json\/wp\/v2\/media\/197424"}],"wp:attachment":[{"href":"https:\/\/www.europesays.com\/it\/wp-json\/wp\/v2\/media?parent=197423"}],"wp:term":[{"taxonomy":"category","embeddable":true,"href":"https:\/\/www.europesays.com\/it\/wp-json\/wp\/v2\/categories?post=197423"},{"taxonomy":"post_tag","embeddable":true,"href":"https:\/\/www.europesays.com\/it\/wp-json\/wp\/v2\/tags?post=197423"}],"curies":[{"name":"wp","href":"https:\/\/api.w.org\/{rel}","templated":true}]}}