{"id":197425,"date":"2025-11-03T13:01:12","date_gmt":"2025-11-03T13:01:12","guid":{"rendered":"https:\/\/www.europesays.com\/it\/197425\/"},"modified":"2025-11-03T13:01:12","modified_gmt":"2025-11-03T13:01:12","slug":"focolaio-di-aviaria-in-un-allevamento-di-tacchini","status":"publish","type":"post","link":"https:\/\/www.europesays.com\/it\/197425\/","title":{"rendered":"focolaio di aviaria in un allevamento di tacchini"},"content":{"rendered":"<p>Un nuovo allarme influenza aviaria scuote la provincia di Brescia: un allevamento di tacchini di Seniga \u00e8 stato colpito dal virus, con 34mila capi destinati all\u2019abbattimento. Una misura drastica ma necessaria per evitare che il virus si diffonda ulteriormente.<\/p>\n<p>Non si tratta di un episodio isolato: la Lombardia nelle ultime settimane ha registrato una serie di focolai preoccupanti. Il primo caso \u00e8 emerso il 27 ottobre a Cremona, in un allevamento di tacchini. Il giorno successivo il virus ha raggiunto Lodi, colpendo un\u2019azienda di fagiani, e ora Seniga si trova sotto i riflettori.<\/p>\n<p>Le disposizioni di Ats per contenere il contagio\u00a0<\/p>\n<p>Per frenare la diffusione, l\u2019Ats Brescia ha attivato immediatamente il protocollo di profilassi, emanando un\u2019ordinanza il 30 ottobre. L\u2019area intorno all\u2019allevamento infetto \u00e8 stata trasformata in zona di protezione: un raggio di 3 km che include anche i Comuni di Alfianello, Milzano e Pralboino. Istituita anche una pi\u00f9 ampia zona di sorveglianza che si estende agli allevamenti presenti a Bassano Bresciano, Cigole, Gambara, Gottolengo, Leno, Manerbio, Pavone Del Mella, Pontevico, San Gervasio Bresciano e Verolanuova.<\/p>\n<p><img loading=\"lazy\" decoding=\"async\" style=\"aspect-ratio:1200\/840;\" src=\"https:\/\/www.europesays.com\/it\/wp-content\/uploads\/2025\/11\/schermata-2025-11-03-alle-11-55-22.jpg\" alt=\"La mappa di Ats: nel cerchio rosso la zona di Protezione, in quello blu quella di sorveglianza \" title=\"Schermata 2025-11-03 alle 11.55.22\" width=\"1200\" height=\"840\"\/>La mappa di Ats: nel cerchio rosso la zona di protezione, in quello blu quella di sorveglianzaDanni e costi<\/p>\n<p>La provincia di Brescia, cuore dell\u2019avicoltura lombarda e italiana, ospita oltre 360 allevamenti per un totale di quasi 10,4 milioni di capi, met\u00e0 dei quali destinati alla produzione di carne. Brescia rappresenta circa la met\u00e0 della produzione lombarda e il 7% di quella nazionale.<\/p>\n<p>La memoria degli allevatori torna inevitabilmente al biennio 2017-2018, quando un\u2019epidemia simile cost\u00f2 alla provincia circa 10 milioni di euro. Oggi, come allora, la prudenza \u00e8 fondamentale: rispettare le misure di biosicurezza, monitorare gli animali e segnalare eventuali sintomi sospetti pu\u00f2 fare la differenza.<\/p>\n","protected":false},"excerpt":{"rendered":"Un nuovo allarme influenza aviaria scuote la provincia di Brescia: un allevamento di tacchini di Seniga \u00e8 stato&hellip;\n","protected":false},"author":3,"featured_media":197426,"comment_status":"","ping_status":"","sticky":false,"template":"","format":"standard","meta":{"footnotes":""},"categories":[175],"tags":[21670,239,1537,90,89,240],"class_list":{"0":"post-197425","1":"post","2":"type-post","3":"status-publish","4":"format-standard","5":"has-post-thumbnail","7":"category-salute","8":"tag-aviaria","9":"tag-health","10":"tag-it","11":"tag-italia","12":"tag-italy","13":"tag-salute"},"share_on_mastodon":{"url":"https:\/\/pubeurope.com\/@it\/115485900057125287","error":""},"_links":{"self":[{"href":"https:\/\/www.europesays.com\/it\/wp-json\/wp\/v2\/posts\/197425","targetHints":{"allow":["GET"]}}],"collection":[{"href":"https:\/\/www.europesays.com\/it\/wp-json\/wp\/v2\/posts"}],"about":[{"href":"https:\/\/www.europesays.com\/it\/wp-json\/wp\/v2\/types\/post"}],"author":[{"embeddable":true,"href":"https:\/\/www.europesays.com\/it\/wp-json\/wp\/v2\/users\/3"}],"replies":[{"embeddable":true,"href":"https:\/\/www.europesays.com\/it\/wp-json\/wp\/v2\/comments?post=197425"}],"version-history":[{"count":0,"href":"https:\/\/www.europesays.com\/it\/wp-json\/wp\/v2\/posts\/197425\/revisions"}],"wp:featuredmedia":[{"embeddable":true,"href":"https:\/\/www.europesays.com\/it\/wp-json\/wp\/v2\/media\/197426"}],"wp:attachment":[{"href":"https:\/\/www.europesays.com\/it\/wp-json\/wp\/v2\/media?parent=197425"}],"wp:term":[{"taxonomy":"category","embeddable":true,"href":"https:\/\/www.europesays.com\/it\/wp-json\/wp\/v2\/categories?post=197425"},{"taxonomy":"post_tag","embeddable":true,"href":"https:\/\/www.europesays.com\/it\/wp-json\/wp\/v2\/tags?post=197425"}],"curies":[{"name":"wp","href":"https:\/\/api.w.org\/{rel}","templated":true}]}}