{"id":197750,"date":"2025-11-03T17:21:18","date_gmt":"2025-11-03T17:21:18","guid":{"rendered":"https:\/\/www.europesays.com\/it\/197750\/"},"modified":"2025-11-03T17:21:18","modified_gmt":"2025-11-03T17:21:18","slug":"team-mbh-bank-ballan-csb-6","status":"publish","type":"post","link":"https:\/\/www.europesays.com\/it\/197750\/","title":{"rendered":"TEAM MBH BANK &#8211; BALLAN &#8211; CSB"},"content":{"rendered":"<p>            <a class=\"category\" href=\"https:\/\/www.tuttobiciweb.it\/articles\/category\/MERCATO\" itemprop=\"about\" rel=\"nofollow noopener\" target=\"_blank\">MERCATO<\/a> | 03\/11\/2025 | 10:13<\/p>\n<p data-start=\"252\" data-end=\"531\" data-olk-copy-source=\"MessageBody\">Anche il giovane talento ungherese<strong>\u00a0B\u00e0lint Makrai (06\/10\/2006) passer\u00e0 professionista nel team MBH Bank Ballan CSB Colpack nel 2026<\/strong>. Per il passista magiaro, che viene da Vac,\u00a0una bella opportunit\u00e0 dopo una sola stagione nella categoria U23 in cui ha dimostrato una\u00a0crescita costante.\n            <\/p>\n<p data-start=\"160\" data-end=\"495\">Makrai\u00a0\u00e8 uno dei giovani pi\u00f9 promettenti cresciuti nel vivaio italo-ungherese MBH Bank Ballan CSB Colpack, una dimostrazione concreta di quanto il progetto stia funzionando nella valorizzazione dei talenti emergenti. Ex triatleta, si \u00e8 dedicato al ciclismo con una crescita costante e una mentalit\u00e0 sorprendentemente matura.\n            <\/p>\n<p data-start=\"497\" data-end=\"739\">Alla domanda se si aspettasse davvero di passare professionista, risponde con grande sincerit\u00e0: \u201cOnestamente, no. A inizio anno il mio obiettivo era semplicemente continuare a migliorare, fare esperienza e aiutare la squadra il pi\u00f9 possibile.\u201d<\/p>\n<p data-start=\"741\" data-end=\"1047\">Makrai porta con s\u00e9 insegnamenti preziosi dalla scorsa annata: \u201cHo imparato molto sulla continuit\u00e0 e sul lavoro di squadra. La lezione pi\u00f9 importante \u00e8 stata capire quanto sia fondamentale rimanere concentrati ogni giorno, anche quando le cose non vanno bene.\u201d<\/p>\n<p data-start=\"1049\" data-end=\"1326\">Il passaggio al professionismo \u00e8 stato frutto di un percorso: \u201cEsatto,\u00a0un processo graduale, ma a un certo punto ho sentito che, con il massimo impegno, il passaggio al professionismo poteva davvero diventare realt\u00e0.\u201d<\/p>\n<p data-start=\"1328\" data-end=\"1691\">Il significato di far parte di un team italo-ungherese: \u201cSignifica molto. Sono orgoglioso di rappresentare il mio Paese in questo modo. Sono cresciuto guardando corridori ungheresi farsi strada a livello internazionale, e ora far parte di quella storia mi motiva ancora di pi\u00f9.\u201d<\/p>\n<p data-start=\"1693\" data-end=\"1981\">A chi dedica il passaggio al professionismo? Il primo pensiero \u00e8 per la famiglia: \u201cMi hanno sostenuto fin dall\u2019inizio, in ogni momento, sia bello che difficile.\u00a0E naturalmente per tutta la struttura MBH Bank Ballan CSB Colpack, che mi ha dato fiducia e opportunit\u00e0 di crescita&#8221;.<\/p>\n<p data-start=\"1983\" data-end=\"2284\">Gli obiettivi per il futuro:\u00a0Makrai\u00a0guarda avanti con umilt\u00e0 e determinazione: \u201cVoglio continuare a imparare e adattarmi al livello professionistico, contribuire al successo della squadra. Il mio obiettivo principale \u00e8 crescere passo dopo passo e dimostrare di meritare questa opportunit\u00e0.\u201d<\/p>\n<p data-start=\"252\" data-end=\"531\"><strong>BEVILACQUA.<\/strong>\u00a0 Le parole del team arrivano dal team manager Antonio Bevilacqua:\u00a0\u00a0&#8220;Makrai dimostra che il nostro progetto funziona e stiamo valorizzando al meglio i talenti sia ungheresi che italiani. Il ragazzo ha dimostrato doti e determinazione apprendendo ogni giorno il mestiere. Se \u00e8 stato inserito nel progetto 2026\u00a0\u00e8 perch\u00e8 lo ha meritato e per questo gli facciamo i nostri complimenti&#8221;.\u00a0\u00a0\u00a0<\/p>\n<p>\n    <a href=\"https:\/\/www.tuttobiciweb.it\/article\/2025\/11\/03\/1762161376\/cycling-emerging-talents-mbh-bank-ballan-hungary?lang=en\" rel=\"nofollow noopener\" target=\"_blank\"><img decoding=\"async\" src=\"https:\/\/www.europesays.com\/it\/wp-content\/uploads\/2025\/07\/enver.png\"\/><\/a><\/p>\n<p>Copyright &amp;copy TBW<\/p>\n","protected":false},"excerpt":{"rendered":"MERCATO | 03\/11\/2025 | 10:13 Anche il giovane talento ungherese\u00a0B\u00e0lint Makrai (06\/10\/2006) passer\u00e0 professionista nel team MBH Bank&hellip;\n","protected":false},"author":3,"featured_media":197751,"comment_status":"","ping_status":"","sticky":false,"template":"","format":"standard","meta":{"footnotes":""},"categories":[1456],"tags":[1824,1825,1537,90,89,24290,245,244,35266,3578],"class_list":{"0":"post-197750","1":"post","2":"type-post","3":"status-publish","4":"format-standard","5":"has-post-thumbnail","7":"category-ciclismo","8":"tag-ciclismo","9":"tag-cycling","10":"tag-it","11":"tag-italia","12":"tag-italy","13":"tag-mbh-bank-ballan","14":"tag-sport","15":"tag-sports","16":"tag-talenti-emergenti","17":"tag-ungheria"},"share_on_mastodon":{"url":"https:\/\/pubeurope.com\/@it\/115486922317272842","error":""},"_links":{"self":[{"href":"https:\/\/www.europesays.com\/it\/wp-json\/wp\/v2\/posts\/197750","targetHints":{"allow":["GET"]}}],"collection":[{"href":"https:\/\/www.europesays.com\/it\/wp-json\/wp\/v2\/posts"}],"about":[{"href":"https:\/\/www.europesays.com\/it\/wp-json\/wp\/v2\/types\/post"}],"author":[{"embeddable":true,"href":"https:\/\/www.europesays.com\/it\/wp-json\/wp\/v2\/users\/3"}],"replies":[{"embeddable":true,"href":"https:\/\/www.europesays.com\/it\/wp-json\/wp\/v2\/comments?post=197750"}],"version-history":[{"count":0,"href":"https:\/\/www.europesays.com\/it\/wp-json\/wp\/v2\/posts\/197750\/revisions"}],"wp:featuredmedia":[{"embeddable":true,"href":"https:\/\/www.europesays.com\/it\/wp-json\/wp\/v2\/media\/197751"}],"wp:attachment":[{"href":"https:\/\/www.europesays.com\/it\/wp-json\/wp\/v2\/media?parent=197750"}],"wp:term":[{"taxonomy":"category","embeddable":true,"href":"https:\/\/www.europesays.com\/it\/wp-json\/wp\/v2\/categories?post=197750"},{"taxonomy":"post_tag","embeddable":true,"href":"https:\/\/www.europesays.com\/it\/wp-json\/wp\/v2\/tags?post=197750"}],"curies":[{"name":"wp","href":"https:\/\/api.w.org\/{rel}","templated":true}]}}