{"id":198395,"date":"2025-11-04T02:56:17","date_gmt":"2025-11-04T02:56:17","guid":{"rendered":"https:\/\/www.europesays.com\/it\/198395\/"},"modified":"2025-11-04T02:56:17","modified_gmt":"2025-11-04T02:56:17","slug":"weekend-dinverno-in-alta-badia-chalet-eleganti-architetture-di-zaha-hadid-e-cioccolate-calde","status":"publish","type":"post","link":"https:\/\/www.europesays.com\/it\/198395\/","title":{"rendered":"Weekend d&#8217;inverno in Alta Badia: chalet eleganti, architetture di Zaha Hadid e cioccolate calde"},"content":{"rendered":"<p><img decoding=\"async\" alt=\"Credit Ciasa Salares\" loading=\"lazy\" class=\"ResponsiveImageContainer-eNxvmU cfBbTk responsive-image__image\"   src=\"https:\/\/www.europesays.com\/it\/wp-content\/uploads\/2025\/11\/ciasasalares_1726840822_3461314144948534435_2305644803.jpg\"\/><\/p>\n<p>Il nostro weekend nasce cos\u00ec: due giorni pensati per chi cerca <a href=\"https:\/\/www.vogue.it\/article\/weekend-romantico-inverno-case-isolate-tiny-house\" target=\"_blank\" rel=\"nofollow noopener\">chalet<\/a>, indirizzi esclusivi, una cucina che racconta il territorio e spa dove riprendersi dalle giornate movimentate mentre fuori cade la neve. Muovendoci tra <strong>San Cassiano<\/strong>, <strong>Corvara<\/strong> e i piani alti raggiunti in funivia, costruiamo un itinerario senza schemi, in cui ogni tappa ha un perch\u00e9 preciso. Si sale per pranzare davanti alle vette, si scende per un cocktail fatto bene, si guida per una mostra che vale il viaggio. L\u2019idea \u00e8 scegliere poco ma bene, con quella coolness naturale che in Alta Badia non \u00e8 posa ma attitudine.<\/p>\n<p>Leggia anche: <a href=\"https:\/\/www.vogue.it\/article\/cosa-fare-a-lugano-dintorni-10-cose-cool-weekend\" rel=\"nofollow noopener\" target=\"_blank\">Cosa vedere a Lugano, citt\u00e0 colta, giovane e sperimentale. 10 cose cool in citt\u00e0 o nei dintorni, nel weekend<\/a><\/p>\n<p>Giorno 1 \u2014 Arrivo, pranzo in quota, musei tra le nuvole, cena al tramonto<\/p>\n<p>Se arrivi in Alta Badia d\u2019inverno l&#8217;hotel <strong>Aman Rosa Alpina<\/strong>, riaperto nel 2025 post-restyling, ti accoglie un\u2019atmosfera rarefatta: 51 camere e suite disegnate da <strong>Jean-Michel Gathy<\/strong> in legni chiari e pietra, una spa che invita gi\u00e0 a pensare al relax dopo lo sci. Dopo la stagione estiva (chiuso a met\u00e0 ottobre), la riapertura invernale \u00e8 fissata per il 4 dicembre 2025, con pacchetti dedicati agli early guests: l\u2019indirizzo \u00e8 ideale per alternare piste, cultura e cene d\u2019autore. Gli interni seguono un minimalismo caldo: camini vetrati, finestre a tutta altezza. <strong>The Grill<\/strong>, il ristorante, lavora su paste fatte a mano e pizze artigianali, e ha una terrazza affacciata sulla chiesa di San Cassiano. Il <strong>Salotto<\/strong> \u00e8 una lounge da t\u00e8 e cocktail di giorno e la sera si trasforma in piano bar.<\/p>\n","protected":false},"excerpt":{"rendered":"Il nostro weekend nasce cos\u00ec: due giorni pensati per chi cerca chalet, indirizzi esclusivi, una cucina che racconta&hellip;\n","protected":false},"author":3,"featured_media":198396,"comment_status":"","ping_status":"","sticky":false,"template":"","format":"standard","meta":{"footnotes":""},"categories":[1446],"tags":[29595,1615,1613,1614,1611,1610,447,1612,118868,203,204,1537,90,89,5141,14274,29685,7146],"class_list":{"0":"post-198395","1":"post","2":"type-post","3":"status-publish","4":"format-standard","5":"has-post-thumbnail","7":"category-arte-e-design","8":"tag-alta-badia","9":"tag-arte","10":"tag-arte-e-design","11":"tag-arteedesign","12":"tag-arts","13":"tag-arts-and-design","14":"tag-cortina","15":"tag-design","16":"tag-dolce-vita-in-montagna","17":"tag-entertainment","18":"tag-intrattenimento","19":"tag-it","20":"tag-italia","21":"tag-italy","22":"tag-lifestyle","23":"tag-montagna","24":"tag-trentino-alto-adige","25":"tag-viaggi"},"share_on_mastodon":{"url":"https:\/\/pubeurope.com\/@it\/115489183211608002","error":""},"_links":{"self":[{"href":"https:\/\/www.europesays.com\/it\/wp-json\/wp\/v2\/posts\/198395","targetHints":{"allow":["GET"]}}],"collection":[{"href":"https:\/\/www.europesays.com\/it\/wp-json\/wp\/v2\/posts"}],"about":[{"href":"https:\/\/www.europesays.com\/it\/wp-json\/wp\/v2\/types\/post"}],"author":[{"embeddable":true,"href":"https:\/\/www.europesays.com\/it\/wp-json\/wp\/v2\/users\/3"}],"replies":[{"embeddable":true,"href":"https:\/\/www.europesays.com\/it\/wp-json\/wp\/v2\/comments?post=198395"}],"version-history":[{"count":0,"href":"https:\/\/www.europesays.com\/it\/wp-json\/wp\/v2\/posts\/198395\/revisions"}],"wp:featuredmedia":[{"embeddable":true,"href":"https:\/\/www.europesays.com\/it\/wp-json\/wp\/v2\/media\/198396"}],"wp:attachment":[{"href":"https:\/\/www.europesays.com\/it\/wp-json\/wp\/v2\/media?parent=198395"}],"wp:term":[{"taxonomy":"category","embeddable":true,"href":"https:\/\/www.europesays.com\/it\/wp-json\/wp\/v2\/categories?post=198395"},{"taxonomy":"post_tag","embeddable":true,"href":"https:\/\/www.europesays.com\/it\/wp-json\/wp\/v2\/tags?post=198395"}],"curies":[{"name":"wp","href":"https:\/\/api.w.org\/{rel}","templated":true}]}}