{"id":198505,"date":"2025-11-04T05:10:19","date_gmt":"2025-11-04T05:10:19","guid":{"rendered":"https:\/\/www.europesays.com\/it\/198505\/"},"modified":"2025-11-04T05:10:19","modified_gmt":"2025-11-04T05:10:19","slug":"kate-middleton-e-william-dinghilterra-vivono-gia-al-forest-lodge-e-pagano-regolarmente-laffitto","status":"publish","type":"post","link":"https:\/\/www.europesays.com\/it\/198505\/","title":{"rendered":"Kate Middleton e William d&#8217;Inghilterra vivono gi\u00e0 al Forest Lodge. E pagano regolarmente l&#8217;affitto"},"content":{"rendered":"<p>Il trasloco dall\u2019Adelaide Cottage \u00e8 stato anticipato e per ringraziare tutti i membri dello staff i principi di Galles hanno organizzato per loro una festa privata. Intanto l\u2019erede al trono \u00e8 in partenza per il Brasile<\/p>\n<p>Una piccola festa per ringraziare tutti e per inaugurare un nuovo inizio. <strong>Kate e William<\/strong> l\u2019hanno organizzata per i membri dello staff e per i lavoratori che si sono occupati della ristrutturazione del Forest Lodge, permettendo loro di spostarsi prima del previsto. Ora la famiglia ha terminato il trasloco e vive gi\u00e0 nella nuova residenza. <strong><a href=\"https:\/\/www.oggi.it\/people\/gallery\/kate-middleton-annuncia-la-fine-della-chemioterapia-le-foto-piu-belle-con-william-e-i-loro-tre-figli\/\" target=\"_blank\" rel=\"nofollow noopener\">Foto<\/a><\/strong> | <strong><a href=\"https:\/\/www.oggi.it\/video\/tag\/kate-middleton\/\" target=\"_blank\" rel=\"nofollow noopener\">video<\/a><\/strong><\/p>\n<p><strong>TRASLOCO ANTICIPATO<\/strong> \u2013 I principi di Galles non vedevano l\u2019ora di lasciare l\u2019Adelaide Cottage, avevano cominciato a chiamarlo \u201cla casa maledetta\u201d, perch\u00e9 l\u00ec hanno trascorso uno dei periodi pi\u00f9 neri della loro vita, dalla morte di Elisabetta II al cancro di Kate e di re Carlo. William voleva a tutti i costi per moglie e figli un nuovo inizio il prima possibile e cos\u00ec i lavori sono stati accelerati per permettere di traslocare durante half term, le vacanze scolastiche autunnali che si sono appena concluse.<\/p>\n<p><a href=\"https:\/\/www.oggi.it\/people\/famiglie-reali\/2025\/10\/16\/incontro-a-londra-tra-kate-e-william-e-i-principi-hussein-e-rajwa-di-giordania\/\" rel=\"nofollow noopener\" target=\"_blank\">Incontro a Londra tra Kate e William e i principi Hussein e Rajwa di Giordania \u2013 <strong>leggi<\/strong><\/a><\/p>\n<p><strong>PAGANO L\u2019AFFITTO<\/strong> \u2013 Dopo lo scandalo dell\u2019ex principe Andrea, che ha sempre vissuto al Royal Lodge senza pagare l\u2019affitto, il Palazzo ha insistito nel sottolineare che tutti i lavori sono stati finanziati privatamente dall\u2019erede al trono e che la coppia verser\u00e0 un regolare canone d\u2019affitto al Crown Estate, proprietario della residenza. Un affitto vero, in linea con il valore commerciale della propriet\u00e0. La somma non \u00e8 stata svelata.<\/p>\n<p><a href=\"https:\/\/www.oggi.it\/people\/famiglie-reali\/2025\/10\/15\/kate-middleton-e-william-dinghilterra-in-irlanda-del-nord-fanno-i-pompieri-e-i-contadini-per-un-giorno\/\" rel=\"nofollow noopener\" target=\"_blank\">Kate Middleton e William d\u2019Inghilterra in Irlanda del Nord. Fanno i pompieri e i contadini per un giorno \u2013 <strong>leggi<\/strong><\/a><\/p>\n<p><strong>ALCOL E CIBO PER TUTTI<\/strong> \u2013 E cos\u00ec per ringraziare i membri dello staff che hanno reso possibile il trasloco anticipato, William e Kate hanno organizzato un party allo York Club, un pub privato a poca distanza dalla nuova casa, frequentato solo dai residenti e dai dipendenti del Crown Estate. Hanno offerto da bere e stuzzichini, una sorta di aperitivo, con molto alcol e molto cibo.<\/p>\n<p><a href=\"https:\/\/www.oggi.it\/people\/famiglie-reali\/2025\/10\/10\/la-campagna-di-kate-middleton-no-agli-smartphone-ai-bambini-e-ai-suoi-figli-li-proibisce\/\" rel=\"nofollow noopener\" target=\"_blank\">La campagna di Kate Middleton: no agli smartphone ai bambini. E ai suoi figli li proibisce \u2013 <strong>leggi<\/strong><\/a><\/p>\n<p><strong>IL CORDONE DI SICUREZZA<\/strong> \u2013 I figli George, 12, Charlotte, 10, e Louis, 7, hanno avuto il tempo di sistemarsi e abituarsi alla nuova casa prima di tornare a scuola. Il Forest Lodge ha otto stanze da letto (il doppio dell\u2019Adelaide Cottage), un enorme spazio all\u2019aperto e un cordone di sicurezza di 150 acri che \u00e8 stato stabilito insieme al ministero dell\u2019Interno e a Scotland Yard.<\/p>\n<p><a href=\"https:\/\/www.oggi.it\/people\/famiglie-reali\/2025\/10\/03\/kate-middleton-pilota-per-un-giorno-nella-base-della-raf-e-svela-cosa-vuol-fare-da-grande-il-principe-louis\/\" rel=\"nofollow noopener\" target=\"_blank\">Kate Middleton pilota per un giorno nella base della Raf. E svela cosa vuol fare da grande il principe Louis \u2013 <strong>leggi<\/strong><\/a><\/p>\n<p><strong>IN VOLO PER IL BRASILE<\/strong> \u2013 La nuova vita inizia subito con una serie di impegni importanti. Oggi il principe William \u00e8 in viaggio per il Brasile, dove avr\u00e0 una serie di impegni pubblici prima della serata finale dell\u2019Earthshot Prize, mercoled\u00ec. Successivamente parteciper\u00e0 per la prima volta, in rappresentanza del padre, alla conferenza per il clima Cop 30 che si terr\u00e0 Bel\u00e9m. Mentre Kate \u00e8 gi\u00e0 impegnata nell\u2019organizzazione del suo tradizionale concerto di Natale a Westminster<\/p>\n<p class=\"all-rights-reserved\">Oggi \u00a9RIPRODUZIONE RISERVATA<\/p>\n","protected":false},"excerpt":{"rendered":"Il trasloco dall\u2019Adelaide Cottage \u00e8 stato anticipato e per ringraziare tutti i membri dello staff i principi di&hellip;\n","protected":false},"author":3,"featured_media":198506,"comment_status":"","ping_status":"","sticky":false,"template":"","format":"standard","meta":{"footnotes":""},"categories":[1451],"tags":[11015,33808,17909,10041,118907,11747,3734,1621,1620,844,66472,118908,42749,118909,118910,203,17522,91623,1533,2217,2731,25287,42747,204,1537,90,89,8313,1450,3266,107779,4558,118906,48466,273,4661,6088,11805,6194,65057,306],"class_list":{"0":"post-198505","1":"post","2":"type-post","3":"status-publish","4":"format-standard","5":"has-post-thumbnail","7":"category-celebrita","8":"tag-adelaide","9":"tag-adelaide-cottage","10":"tag-affitto","11":"tag-alcol","12":"tag-alcol-cibo","13":"tag-anticipato","14":"tag-brasile","15":"tag-celebrita","16":"tag-celebrities","17":"tag-cibo","18":"tag-cordone","19":"tag-cordone-sicurezza","20":"tag-cottage","21":"tag-crown","22":"tag-crown-estate","23":"tag-entertainment","24":"tag-erede","25":"tag-erede-trono","26":"tag-estate","27":"tag-festa","28":"tag-figli","29":"tag-forest","30":"tag-forest-lodge","31":"tag-intrattenimento","32":"tag-it","33":"tag-italia","34":"tag-italy","35":"tag-kate","36":"tag-kate-middleton","37":"tag-leggi","38":"tag-lodge","39":"tag-membri","40":"tag-membri-staff","41":"tag-middleton","42":"tag-nuova","43":"tag-principe","44":"tag-principi","45":"tag-ringraziare","46":"tag-staff","47":"tag-trasloco","48":"tag-william"},"share_on_mastodon":{"url":"","error":"Validation failed: Text character limit of 500 exceeded"},"_links":{"self":[{"href":"https:\/\/www.europesays.com\/it\/wp-json\/wp\/v2\/posts\/198505","targetHints":{"allow":["GET"]}}],"collection":[{"href":"https:\/\/www.europesays.com\/it\/wp-json\/wp\/v2\/posts"}],"about":[{"href":"https:\/\/www.europesays.com\/it\/wp-json\/wp\/v2\/types\/post"}],"author":[{"embeddable":true,"href":"https:\/\/www.europesays.com\/it\/wp-json\/wp\/v2\/users\/3"}],"replies":[{"embeddable":true,"href":"https:\/\/www.europesays.com\/it\/wp-json\/wp\/v2\/comments?post=198505"}],"version-history":[{"count":0,"href":"https:\/\/www.europesays.com\/it\/wp-json\/wp\/v2\/posts\/198505\/revisions"}],"wp:featuredmedia":[{"embeddable":true,"href":"https:\/\/www.europesays.com\/it\/wp-json\/wp\/v2\/media\/198506"}],"wp:attachment":[{"href":"https:\/\/www.europesays.com\/it\/wp-json\/wp\/v2\/media?parent=198505"}],"wp:term":[{"taxonomy":"category","embeddable":true,"href":"https:\/\/www.europesays.com\/it\/wp-json\/wp\/v2\/categories?post=198505"},{"taxonomy":"post_tag","embeddable":true,"href":"https:\/\/www.europesays.com\/it\/wp-json\/wp\/v2\/tags?post=198505"}],"curies":[{"name":"wp","href":"https:\/\/api.w.org\/{rel}","templated":true}]}}