{"id":198551,"date":"2025-11-04T06:04:16","date_gmt":"2025-11-04T06:04:16","guid":{"rendered":"https:\/\/www.europesays.com\/it\/198551\/"},"modified":"2025-11-04T06:04:16","modified_gmt":"2025-11-04T06:04:16","slug":"non-trovo-niente-di-femminista-nellinsultare-le-persone-rinascita-vivo-una-follia-collettiva","status":"publish","type":"post","link":"https:\/\/www.europesays.com\/it\/198551\/","title":{"rendered":"\u00abNon trovo niente di femminista nell\u2019insultare le persone. Rinascita? Vivo una follia collettiva\u00bb"},"content":{"rendered":"<p>\n                            Il punto serale sulle notizie del giorno<br \/>\n                            <b>Iscriviti<\/b> e ricevi le notizie via email\n                        <\/p>\n<p>Un nuovo album, intotolato G pronto a uscire, il prossimo 7 novembre. Canzoni che sente fortemente sue a cominciare da \u201cLa Cura Per Me\u201d in versione duetto con Blanco, l\u2019autore originale del brano che ha segnato il suo ritorno sul palco del Festival di Sanremo lo scorso febbraio. \u00ab<strong>Mi ha detto fin dal primo momento che La Cura per Me era scritta per me. A me \u00e8 arrivata cantata con la sua voce strappata e mi ha subito emozionata. <\/strong>Ho provato a chiedergli se voleva duettare con me a Sanremo, ma non avevo in programma di farlo, aveva altri progetti in costruzione. Anche a me \u00e8 successo di dire no a un duetto in passato. <strong>Devi essere sempre preparato anche psicologicamente per andare a Sanremo e salire sul palco dell\u2019Ariston<\/strong>\u2026\u00bb.<\/p>\n<p>&#13;<br \/>\n    APPROFONDIMENTI&#13;<\/p>\n<p>&#13;<\/p>\n<p>                <a href=\"https:\/\/www.ilmessaggero.it\/persone\/andrea_delogu_annullate_puntate_la_porta_magica_ballando_morte_fratello_evan_delogu-9166052.html\" title=\"Andrea Delogu, annullate le puntate de &quot;La Porta Magica&quot;\" rel=\"nofollow noopener\" target=\"_blank\"><img loading=\"lazy\" decoding=\"async\" src=\"https:\/\/www.europesays.com\/it\/wp-content\/uploads\/2025\/11\/9166052_03110632_delogu_andrea1.jpg\" title=\"Andrea Delogu, annullate le puntate de &quot;La Porta Magica&quot;\" width=\"64\" height=\"64\" data-pagespeed-no-transform=\"\"\/><\/a>            <\/p>\n<p>    &#13;<\/p>\n<p>&#13;<\/p>\n<p>                <a href=\"https:\/\/www.ilmessaggero.it\/persone\/briga_arianna_primo_figlio-9166002.html\" title=\"Briga e Arianna Montefiori aspettano il loro primo figlio\" rel=\"nofollow noopener\" target=\"_blank\"><img loading=\"lazy\" decoding=\"async\" src=\"https:\/\/www.europesays.com\/it\/wp-content\/uploads\/2025\/11\/9166002_03102524_briga2.jpg\" title=\"Briga e Arianna Montefiori aspettano il loro primo figlio\" width=\"64\" height=\"64\" data-pagespeed-no-transform=\"\"\/><\/a>            <\/p>\n<p>    &#13;<\/p>\n<p>    &#13;<\/p>\n<p>Una canzone che ha \u201cdovuto\u201d cambiare, almeno nel finale. \u00abDovevo per quello che sono, per la mia storia\u00bb. <\/p>\n<p>Poi spiega: \u00a0\u00abLui ha cantato il suo inciso, ma anche il mio. Si vede la forma che la canzone aveva prima e che ha preso dopo\u00bb. Cambia anche\u00a0il finale del pezzo\u00a0con il verso \u201cSolo tu sei la cura per me\u201d. \u00abNell\u2019essere donna, con il mio passato, non potevo andare da una ragazzina e dirle che c\u2019\u00e8 qualcuno a cui affidare interamente la sua felicit\u00e0. Ho chiuso quindi cantando \u201cNon sar\u00f2 mai pi\u00f9 sola per me\u201d, per aggiungere un tocco di indipendenza. Volevo essere coerente con la mia storia e ho detto a Blanco che, se l\u2019avesse cantata lui, sarebbe andata bene anche la sua versione, e lui lo ha accettato\u00bb.<\/p>\n<p>Con lei si parla anche di femminismo e dei recenti accadimenti: \u00abNon trovo niente di femminista nell\u2019insultare le persone, non \u00e8 nella mia educazione\u00bb Nonostante il\u00a0sesto posto\u00a0finale a Sanremo 2025 per lei \u00e8 stata una rinascita. \u00abL\u2019ennesima rinascita\u00bb, racconta Giorgia nel corso della presentazione del disco\u00a0 che sar\u00e0 presentato al pubblico con un tour lungo 18 palazzetti molti di questi gi\u00e0 sold-out. \u00abLa verit\u00e0? Mi sento come Terminator 2 che ogni volta che lo accoppano poi si riforma\u00bb, poi ancora: \u00a0<strong>\u00abNon me lo aspettavo di avere attorno tutto questa attenzione, se me lo avessero detto 10 anni fa non ci avrei creduto, pensare che volevo smettere a 26 anni\u00bb<\/strong>. E con X-Factor tutto questo calore \u00e8 aumentato: \u00abIo la chiamo follia collettiva ma credo di essermi meritato quello che ho vivendo momenti alti, come quando esce un nuovo album, come momenti pi\u00f9 difficili. Ma alla fine sono quelli che ti insegnano a reagire e tornare\u00bb.<\/p>\n<p>Giorgia si \u00e8 affidata anche al lavoro di tanti giovani, non solo Blanco. \u201cCarrilon\u201d, per esempio, \u00e8 scritta da alcuni ragazzi di Avellino. \u00ab\u00c8\u00a0come parlare alla me ragazzina, quella che stava chiusa in una stanza. <strong>Ricordo delle frasi, nel primo Sanremo, dicevano che ero fredda e che non mi emozionavo. In realt\u00e0, dentro di me c\u2019era la pietra lavica!. E questa canzone mi riporta indietro\u2026\u00bb<\/strong>.<\/p>\n<p>In \u201cG\u201d, c\u2019\u00e8 anche una canzone che racconta\u00a0la storia d\u2019amore tra Giorgia e il compagno Emanuel Lo, \u201cCorpi celesti\u201d: \u00abAnche se gli autori sono stati\u00a0molto pi\u00f9 poetici\u00a0rispetto alla realt\u00e0\u00bb, dice ridendo. Nella canzone c\u2019\u00e8 un verso \u201cNon cado pi\u00f9 all\u2019indietro\u2026 \u00abSpero di riuscirci un giorno. Per il momento la canto. Aspirarla con chi ti sti al tuo fianco, con la quotidianit\u00e0, \u00e8 la cosa pi\u00f9 bella che ti possa capitare\u00bb.<\/p>\n<p>Diciotto date programmate, ma nessuno stadio in programma. N\u00e8 oggi, n\u00e9 domani. Non rientra nei suoi programmi: \u00abNe farei al massimo uno o due. Invece il bello della tourn\u00e9e \u00e8 che fai tante date, viaggi\u2026 Lo stadio \u00e8 un altro tipo di emozione, con Elisa \u00e8 stato pazzesco, ma non desidero lo stadio. Fosse per meI vorrei tornare nei club da dove \u00e8 cominciato tutto\u2026\u00bb.<\/p>\n<p>&#13;<br \/>\n                            \u00a9 RIPRODUZIONE RISERVATA&#13;<\/p>\n<p>&#13;<\/p>\n","protected":false},"excerpt":{"rendered":"Il punto serale sulle notizie del giorno Iscriviti e ricevi le notizie via email Un nuovo album, intotolato&hellip;\n","protected":false},"author":3,"featured_media":198552,"comment_status":"","ping_status":"","sticky":false,"template":"","format":"standard","meta":{"footnotes":""},"categories":[1451],"tags":[1621,1620,32425,203,125,204,1537,90,89],"class_list":{"0":"post-198551","1":"post","2":"type-post","3":"status-publish","4":"format-standard","5":"has-post-thumbnail","7":"category-celebrita","8":"tag-celebrita","9":"tag-celebrities","10":"tag-emanuel-lo","11":"tag-entertainment","12":"tag-giorgia","13":"tag-intrattenimento","14":"tag-it","15":"tag-italia","16":"tag-italy"},"share_on_mastodon":{"url":"https:\/\/pubeurope.com\/@it\/115489922603263814","error":""},"_links":{"self":[{"href":"https:\/\/www.europesays.com\/it\/wp-json\/wp\/v2\/posts\/198551","targetHints":{"allow":["GET"]}}],"collection":[{"href":"https:\/\/www.europesays.com\/it\/wp-json\/wp\/v2\/posts"}],"about":[{"href":"https:\/\/www.europesays.com\/it\/wp-json\/wp\/v2\/types\/post"}],"author":[{"embeddable":true,"href":"https:\/\/www.europesays.com\/it\/wp-json\/wp\/v2\/users\/3"}],"replies":[{"embeddable":true,"href":"https:\/\/www.europesays.com\/it\/wp-json\/wp\/v2\/comments?post=198551"}],"version-history":[{"count":0,"href":"https:\/\/www.europesays.com\/it\/wp-json\/wp\/v2\/posts\/198551\/revisions"}],"wp:featuredmedia":[{"embeddable":true,"href":"https:\/\/www.europesays.com\/it\/wp-json\/wp\/v2\/media\/198552"}],"wp:attachment":[{"href":"https:\/\/www.europesays.com\/it\/wp-json\/wp\/v2\/media?parent=198551"}],"wp:term":[{"taxonomy":"category","embeddable":true,"href":"https:\/\/www.europesays.com\/it\/wp-json\/wp\/v2\/categories?post=198551"},{"taxonomy":"post_tag","embeddable":true,"href":"https:\/\/www.europesays.com\/it\/wp-json\/wp\/v2\/tags?post=198551"}],"curies":[{"name":"wp","href":"https:\/\/api.w.org\/{rel}","templated":true}]}}