{"id":198553,"date":"2025-11-04T06:05:11","date_gmt":"2025-11-04T06:05:11","guid":{"rendered":"https:\/\/www.europesays.com\/it\/198553\/"},"modified":"2025-11-04T06:05:11","modified_gmt":"2025-11-04T06:05:11","slug":"una-foto-di-sara-marotta-selezionata-per-la-biennale-artexpo-di-milano","status":"publish","type":"post","link":"https:\/\/www.europesays.com\/it\/198553\/","title":{"rendered":"Una foto di Sara Marotta selezionata per la Biennale Artexpo di Milano"},"content":{"rendered":"<p>Il sogno di una vita, per tanti artisti di tutto il mondo, Sara Marotta, residente a Rocchetta Palafea, lo ha coronato a 16 anni: una sua foto \u00e8 stata selezionata per partecipare alla Biennale Artexpo di Milano.<br \/><strong>Quando \u00e8 nata la passione per la fotografia?<br \/><\/strong>Nel 2020, durante la pandemia del Covid, in un periodo molto particolare della mia vita perch\u00e9 mio pap\u00e0 era ricoverato. Per distogliermi dai brutti pensieri, ho iniziato a fare delle foto con il telefono cellulare. Poi, a 11 anni, i miei genitori mi hanno regalato la prima macchina fotografica e da l\u00ec \u00e8 cominciato un po\u2019 tutto. Ho aperto la mia pagina sui social e ho iniziato a pubblicare i miei scatti.<br \/><strong>Come \u00e8 avvenuta la selezione per la Biennale Artexpo di Milano?<br \/><\/strong>In verit\u00e0 mi hanno cercato loro. Gli organizzatori mi hanno contattato tramite i social dicendomi che il professore Salvo Nugnes aveva notato le mie foto. Dopo un confronto su diversi scatti ne hanno selezionata una, \u201cNatura che incanta\u201d, che sar\u00e0 esposta alla Biennale.<\/p>\n<p>La passione per la fotografia e il cinema<\/p>\n<p><strong>Preferisci scattare in studio o all\u2019aperto?<br \/><\/strong>Faccio molte foto alla natura, amo fotografare i paesaggi. Ho fatto anche foto alle amiche di mia mamma per esercitarmi e devo dire che anche il ritratto mi sta appassionando, comunque ambientato all\u2019aperto. In questo periodo, poi, sto sperimentando le foto serali illuminate dai lampioni della citt\u00e0.<br \/><strong>Cosa vorresti fare da grande?<br \/><\/strong>La regista cinematografica. Studio Cinema, direzione della fotografia e montaggio in una scuola privata di Genova. Tra un po\u2019 realizzer\u00f2 il mio primo cortometraggio che sar\u00e0 oggetto di valutazione degli esperti dell\u2019Istituto. Speriamo piaccia. Il mio sogno? Dirigere un film di successo.<br \/><strong>Come immagini la tua vita tra dieci anni?<br \/><\/strong>Vorrei lavorare sui set. Non so se arriver\u00f2 subito a fare la regista, ma \u00e8 certo che avr\u00f2 un posto come operatrice, sceneggiatrice, montatrice. Questo \u00e8 l\u2019ambito che mi appassiona e far\u00f2 di tutto affinch\u00e9 diventi il mio futuro lavorativo. Sono pronta a spiccare il volo da Rocchetta Palafea.<\/p>\n","protected":false},"excerpt":{"rendered":"Il sogno di una vita, per tanti artisti di tutto il mondo, Sara Marotta, residente a Rocchetta Palafea,&hellip;\n","protected":false},"author":3,"featured_media":198554,"comment_status":"","ping_status":"","sticky":false,"template":"","format":"standard","meta":{"footnotes":""},"categories":[1446],"tags":[1615,1613,1614,1611,1610,1612,203,204,1537,90,89],"class_list":{"0":"post-198553","1":"post","2":"type-post","3":"status-publish","4":"format-standard","5":"has-post-thumbnail","7":"category-arte-e-design","8":"tag-arte","9":"tag-arte-e-design","10":"tag-arteedesign","11":"tag-arts","12":"tag-arts-and-design","13":"tag-design","14":"tag-entertainment","15":"tag-intrattenimento","16":"tag-it","17":"tag-italia","18":"tag-italy"},"share_on_mastodon":{"url":"https:\/\/pubeurope.com\/@it\/115489926249143228","error":""},"_links":{"self":[{"href":"https:\/\/www.europesays.com\/it\/wp-json\/wp\/v2\/posts\/198553","targetHints":{"allow":["GET"]}}],"collection":[{"href":"https:\/\/www.europesays.com\/it\/wp-json\/wp\/v2\/posts"}],"about":[{"href":"https:\/\/www.europesays.com\/it\/wp-json\/wp\/v2\/types\/post"}],"author":[{"embeddable":true,"href":"https:\/\/www.europesays.com\/it\/wp-json\/wp\/v2\/users\/3"}],"replies":[{"embeddable":true,"href":"https:\/\/www.europesays.com\/it\/wp-json\/wp\/v2\/comments?post=198553"}],"version-history":[{"count":0,"href":"https:\/\/www.europesays.com\/it\/wp-json\/wp\/v2\/posts\/198553\/revisions"}],"wp:featuredmedia":[{"embeddable":true,"href":"https:\/\/www.europesays.com\/it\/wp-json\/wp\/v2\/media\/198554"}],"wp:attachment":[{"href":"https:\/\/www.europesays.com\/it\/wp-json\/wp\/v2\/media?parent=198553"}],"wp:term":[{"taxonomy":"category","embeddable":true,"href":"https:\/\/www.europesays.com\/it\/wp-json\/wp\/v2\/categories?post=198553"},{"taxonomy":"post_tag","embeddable":true,"href":"https:\/\/www.europesays.com\/it\/wp-json\/wp\/v2\/tags?post=198553"}],"curies":[{"name":"wp","href":"https:\/\/api.w.org\/{rel}","templated":true}]}}