{"id":198615,"date":"2025-11-04T06:59:11","date_gmt":"2025-11-04T06:59:11","guid":{"rendered":"https:\/\/www.europesays.com\/it\/198615\/"},"modified":"2025-11-04T06:59:11","modified_gmt":"2025-11-04T06:59:11","slug":"trasloco-storico-in-piazza-walther-dopo-45-anni-viene-spostata-la-statua-in-marmo-bianco","status":"publish","type":"post","link":"https:\/\/www.europesays.com\/it\/198615\/","title":{"rendered":"Trasloco storico in piazza Walther: dopo 45 anni viene spostata la statua in marmo bianco"},"content":{"rendered":"<p>BOLZANO. Alla fine, i lavori in piazza Walther sono stati messi in agenda. Se ne riparler\u00e0 tra un paio di anni, ma intanto la Giunta comunale bolzanina ha detto &#8220;s\u00ec&#8221;. Partir\u00e0 dunque una importanza\u00a0<strong>riqualificazione e manutenzione straordinaria della piazza principale del capoluogo altoatesino,<\/strong>\u00a0dove sono stati rilevati importanti fenomeni di infiltrazione e la necessit\u00e0 di rinnovare il sistema di impermeabilizzazione del parcheggio sottostante, risalente ai primi anni Ottanta.<\/p>\n<p>\u00a0<\/p>\n<p>Bisogna, in sintesi, mettere mano alla piazza, e bisogna farlo non solo per rispondere a delle esigenze tecniche, ma anche per fare si che la sua\u00a0<strong>configurazione originaria vena sempre pi\u00f9 vaorizzata. E per farlo e farlo al meglio, anche Walther se ne dovr\u00e0 andare. Per un po&#8217;.\u00a0<\/strong>La storica statua in marmo bianco di Lasa raffigurante il menestrello medievale Walther von der Vogelweide, che d\u00e0 il nome alla piazza stessa, sar\u00e0 infatti spostata per la prima volta negli ultimi 45 anni.\u00a0Il monumento, alto 3,3 metri, fu realizzato dallo scultore venostano Heinrich Natter e inaugurato nel settembre 1889. Una statua dal forte valore simbolico,\u00a0che\u00a0fu anche\u00a0oggetto di un discusso trasferimento durante il regime fascista. Dopo un iniziale rifiuto, l&#8217;amministrazione del capoluogo decret\u00f2 nel 1935 lo spostamento del menestrello nel periferico parco Rosegger, situato tra via Dante e via Carducci vicino a Ponte Druso. La statua rimase in questa collocazione per decenni. Solo nel novembre 1981 il menestrello tedesco fece ritorno al centro della piazza che porta il suo nome. Tra due anni, il monumento dovr\u00e0 nuovamente lasciare spazio al cantiere. L&#8217;esecutivo cittadino ha comunicato che al momento non \u00e8 ancora chiara la sua collocazione provvisoria. Quel che \u00e8 certo, tuttavia, \u00e8 che un&#8217;edizione del Mercatino di Natale si svolger\u00e0 in una piazza senza la sua storica statua.<\/p>\n<p>\u00a0<\/p>\n<p>L\u2019importo complessivo dell\u2019intervento sulla piazza \u00e8 stimato in circa\u00a0<strong>3,5 milioni di euro, pi\u00f9 2,2 milioni di somme a disposizione<\/strong>, con quota parte dei costi a carico della<strong>\u00a0societ\u00e0 concessionaria del parcheggio\u00a0<\/strong>che ha manifestato la disponibilit\u00e0 a partecipare alla spesa. Si prevede di completare lo studio di fattibilit\u00e0 tecnico-economico entro il 2025, la progettazione esecutiva nel 2026 e l\u2019esecuzione dei lavori tra il 2027 e il 2028.\u00a0&#8220;L\u2019intervento su piazza Walther \u2013\u00a0ha evidenziato il\u00a0<strong>Vicesindaco Stephan Konder<\/strong><strong>\u00a0<\/strong>\u2013 rappresenta un passo importante per preservare e valorizzare uno degli spazi pi\u00f9 significativi della citt\u00e0, cuore della vita culturale e turistica di Bolzano. La riqualificazione consentir\u00e0 di restituire alla piazza la piena funzionalit\u00e0 e un aspetto coerente con il suo passato ed il suo valore storico&#8221;.\u00a0L\u2019Ufficio Arredo Urbano del Comune, con il parere favorevole della Soprintendenza provinciale ai beni architettonici, ha gi\u00e0 verificato la fattibilit\u00e0 e predisposto una proposta progettuale di intervento.<\/p>\n","protected":false},"excerpt":{"rendered":"BOLZANO. Alla fine, i lavori in piazza Walther sono stati messi in agenda. Se ne riparler\u00e0 tra un&hellip;\n","protected":false},"author":3,"featured_media":198616,"comment_status":"","ping_status":"","sticky":false,"template":"","format":"standard","meta":{"footnotes":""},"categories":[1446],"tags":[1615,1613,1614,1611,1610,1612,203,204,1537,90,89],"class_list":{"0":"post-198615","1":"post","2":"type-post","3":"status-publish","4":"format-standard","5":"has-post-thumbnail","7":"category-arte-e-design","8":"tag-arte","9":"tag-arte-e-design","10":"tag-arteedesign","11":"tag-arts","12":"tag-arts-and-design","13":"tag-design","14":"tag-entertainment","15":"tag-intrattenimento","16":"tag-it","17":"tag-italia","18":"tag-italy"},"share_on_mastodon":{"url":"https:\/\/pubeurope.com\/@it\/115490138541321604","error":""},"_links":{"self":[{"href":"https:\/\/www.europesays.com\/it\/wp-json\/wp\/v2\/posts\/198615","targetHints":{"allow":["GET"]}}],"collection":[{"href":"https:\/\/www.europesays.com\/it\/wp-json\/wp\/v2\/posts"}],"about":[{"href":"https:\/\/www.europesays.com\/it\/wp-json\/wp\/v2\/types\/post"}],"author":[{"embeddable":true,"href":"https:\/\/www.europesays.com\/it\/wp-json\/wp\/v2\/users\/3"}],"replies":[{"embeddable":true,"href":"https:\/\/www.europesays.com\/it\/wp-json\/wp\/v2\/comments?post=198615"}],"version-history":[{"count":0,"href":"https:\/\/www.europesays.com\/it\/wp-json\/wp\/v2\/posts\/198615\/revisions"}],"wp:featuredmedia":[{"embeddable":true,"href":"https:\/\/www.europesays.com\/it\/wp-json\/wp\/v2\/media\/198616"}],"wp:attachment":[{"href":"https:\/\/www.europesays.com\/it\/wp-json\/wp\/v2\/media?parent=198615"}],"wp:term":[{"taxonomy":"category","embeddable":true,"href":"https:\/\/www.europesays.com\/it\/wp-json\/wp\/v2\/categories?post=198615"},{"taxonomy":"post_tag","embeddable":true,"href":"https:\/\/www.europesays.com\/it\/wp-json\/wp\/v2\/tags?post=198615"}],"curies":[{"name":"wp","href":"https:\/\/api.w.org\/{rel}","templated":true}]}}